{"id":72510,"date":"2025-10-28T21:10:21","date_gmt":"2025-10-28T21:10:21","guid":{"rendered":"https:\/\/www.europesays.com\/no\/72510\/"},"modified":"2025-10-28T21:10:21","modified_gmt":"2025-10-28T21:10:21","slug":"fant-igjen-klesvasken","status":"publish","type":"post","link":"https:\/\/www.europesays.com\/no\/72510\/","title":{"rendered":"Fant igjen klesvasken"},"content":{"rendered":"<p class=\"kicker \" style=\"\">Raset p\u00e5 Carl Berner:<\/p>\n<p>  De evakuerte studentene p\u00e5 Carl Berner fikk i dag fem minutter til \u00e5 hente det mest n\u00f8dvendige fra leilighetene sine.<\/p>\n<p>\n    ULLT\u00d8Y: Utenfor studentboligen p\u00e5 Carl Berner fant Saga Hoff igjen klesvasken, som hun satte p\u00e5 like f\u00f8r raset gikk p\u00e5 s\u00f8ndag. N\u00e5 har jeg masse kl\u00e6r, dette er ullkl\u00e6rne mine. Foto: John Terje Pedersen \/ Dagbladet\n  <\/p>\n<p>CARL BERNER (Dagbladet): Etter to d\u00f8gn p\u00e5 hotell fikk de evakuerte studentene fra Carl Berner tirsdag endelig lov til \u00e5 g\u00e5 inn i leilighetene sine og hente det mest n\u00f8dvendige.<\/p>\n<p>    <a itemprop=\"url\" href=\"https:\/\/www.dagbladet.no\/nyheter\/studenter-far-ikke-flytte-hjem\/83780181\" rel=\"nofollow noopener\" target=\"_blank\"><\/p>\n<p>      <img loading=\"lazy\" decoding=\"async\" src=\"https:\/\/www.europesays.com\/no\/wp-content\/uploads\/2025\/10\/83776979.webp\" width=\"980\" height=\"441\" title=\"Studenter f\u00e5r ikke flytte hjem\" alt=\"\" class=\"lazyload\" style=\"--aspect-ratio-image: 2.22; \"\/><\/p>\n<p>        Studenter f\u00e5r ikke flytte hjem<\/p>\n<p>    <\/a><\/p>\n<p>Utenfor studenthuset st\u00e5r Saga Hoff b\u00f8yd over en stor bag p\u00e5 bakken. Inni den ligger klesvasken hun satte p\u00e5 rett f\u00f8r raset gikk s\u00f8ndag.<\/p>\n<p class=\"font-weight-bold m-font-weight-bold\" data-lab-font_weight=\"font-weight-bold\">&#8211; Dette er klesvasken min, og kl\u00e6rne er ikke mugne, sier hun lettet.<\/p>\n<p data-lab-italic=\"italic\" class=\"italic m-italic\">&#8211; Hvor mye har du tenkt p\u00e5 den siden du ble evakuert?<\/p>\n<p>&#8211; Jeg har tenkt p\u00e5 at disse kl\u00e6rne kanskje kom til \u00e5 g\u00e5 av seg selv. Men det gj\u00f8r de ikke. N\u00e5 har jeg masse kl\u00e6r, dette er ullkl\u00e6rne mine. Det er deilig \u00e5 slippe \u00e5 kj\u00f8pe nye, sier hun.<\/p>\n<p>          <img loading=\"lazy\" decoding=\"async\" src=\"https:\/\/www.europesays.com\/no\/wp-content\/uploads\/2025\/10\/83781844.webp\" width=\"980\" height=\"559\" title=\"VASKET T\u00d8Y: Saga Hoff fant igjen klesvasken hun satte p\u00e5 rett f\u00f8r raset gikk. Foto: John Terje Pedersen \/ Dagbladet\" alt=\"\" class=\"\" style=\"--aspect-ratio-image: 1.75; \"\/><\/p>\n<p>\n          VASKET T\u00d8Y: Saga Hoff fant igjen klesvasken hun satte p\u00e5 rett f\u00f8r raset gikk. Foto: John Terje Pedersen \/ Dagbladet\n      <\/p>\n<p>Fem minutter\u00a0\t<\/p>\n<p>Klokka 14.00 tirsdag fikk studentene beskjed om at de kunne hente eiendeler i leilighetene sine samme ettermiddag. Flere Dagbladet har snakket med p\u00e5 stedet, forteller at de fikk rundt fem minutter hver inne i leilighetene.<\/p>\n<p>Ved oppm\u00f8testedet ble det delt ut bager som kunne fylles, f\u00f8r studentene ble f\u00f8rt inn i puljer, organisert etter hvilken etasje de bodde i.<\/p>\n<p>Mange beskriver opplevelsen som stressende. Tiden var knapp, og flere rakk ikke \u00e5 f\u00e5 med seg alt de hadde planlagt.<\/p>\n<p>          <img loading=\"lazy\" decoding=\"async\" src=\"https:\/\/www.europesays.com\/no\/wp-content\/uploads\/2025\/10\/83781835.webp\" width=\"980\" height=\"559\" title=\"FIKK KOMME INN: Rundt 200 studenter fikk tirsdag ettermiddag lov til \u00e5 g\u00e5 inn i leilighetene sine for \u00e5 hente det mest n\u00f8dvendige. Her st\u00e5r flere av dem utenfor studenthuset p\u00e5 Carl Berner. Foto: John Terje Pedersen \/ Dagbladet\" alt=\"\" class=\"\" style=\"--aspect-ratio-image: 1.75; \"\/><\/p>\n<p>\n          FIKK KOMME INN: Rundt 200 studenter fikk tirsdag ettermiddag lov til \u00e5 g\u00e5 inn i leilighetene sine for \u00e5 hente det mest n\u00f8dvendige. Her st\u00e5r flere av dem utenfor studenthuset p\u00e5 Carl Berner. Foto: John Terje Pedersen \/ Dagbladet\n      <\/p>\n<p>Glemte PC-en\t<\/p>\n<p>Noen hadde forberedt seg n\u00f8ye. En av dem var Didrik Urberg Johannesen, som hadde laget en liste med blant annet ti sokker, ti boksere, varme kl\u00e6r, PC og skoleb\u00f8ker.<\/p>\n<p>Da han kom ut igjen, slepte han p\u00e5 en stor bag.<\/p>\n<p>&#8211; Det var stress. Vi fikk d\u00e5rlig tid, sier han.<\/p>\n<p>          <img loading=\"lazy\" decoding=\"async\" src=\"https:\/\/www.europesays.com\/no\/wp-content\/uploads\/2025\/10\/83781830.webp\" width=\"980\" height=\"559\" title=\"STOR BAG: Didrik og Lilly kom ut med hver sin store bag. Foto: John Terje Pedersen \/ Dagbladet\" alt=\"\" class=\"\" style=\"--aspect-ratio-image: 1.75; \"\/><\/p>\n<p>\n          STOR BAG: Didrik og Lilly kom ut med hver sin store bag. Foto: John Terje Pedersen \/ Dagbladet\n      <\/p>\n<p>Han forteller at folk sto bak og ropte ned tiden mens han pakket i full fart.\u00a0<\/p>\n<p>&#8211; \u00abFire minutter igjen! Tre minutter igjen!\u00bb ropte de. Jeg ble stressa og glemte ting jeg trengte, som toalettsaker, sier han. <\/p>\n<p>Han \u00e5pner bagen og viser fram blant annet en ullgenser han har strikket selv og en skolebok.\u00a0<\/p>\n<p>          <img loading=\"lazy\" decoding=\"async\" src=\"https:\/\/www.europesays.com\/no\/wp-content\/uploads\/2025\/10\/83781828.webp\" width=\"980\" height=\"559\" title=\"GLEMTE PC: Didrik fikk med seg mye, blant annet denne genseren, som han har strikket selv. - Jeg glemte PC-en, sier han. Foto: John Terje Pedersen \/ Dagbladet\" alt=\"\" class=\"\" style=\"--aspect-ratio-image: 1.75; \"\/><\/p>\n<p>\n          GLEMTE PC: Didrik fikk med seg mye, blant annet denne genseren, som han har strikket selv. &#8211; Jeg glemte PC-en, sier han. Foto: John Terje Pedersen \/ Dagbladet\n      <\/p>\n<p>S\u00e5 sl\u00e5r det ham:\u00a0<\/p>\n<p>&#8211; Jeg glemte PC-en!<\/p>\n<p class=\"italic m-italic\" data-lab-italic=\"italic\">&#8211; Hvordan skjedde det?<\/p>\n<p>&#8211; Jeg fikk bare fem minutter og ble ropt p\u00e5 hele tiden. Men det l\u00f8ser seg, jeg f\u00e5r l\u00e5ne en, sier Johannesen.<\/p>\n<p>    <a itemprop=\"url\" href=\"https:\/\/www.dagbladet.no\/nyheter\/ikke-tilstrekkelig\/83777243\" rel=\"nofollow noopener\" target=\"_blank\"><\/p>\n<p>      <img loading=\"lazy\" decoding=\"async\" src=\"https:\/\/www.europesays.com\/no\/wp-content\/uploads\/2025\/10\/83777306.webp\" width=\"980\" height=\"441\" title=\"- Ikke tilstrekkelig\" alt=\"\" class=\"lazyload\" style=\"--aspect-ratio-image: 2.22; \"\/><\/p>\n<p>        &#8211; Ikke tilstrekkelig<\/p>\n<p>    <\/a><\/p>\n<p>&#8211; S\u00e5 stressa\t<\/p>\n<p>Kotryna Cebatoriute (21), som studerer biovitenskap ved UiO, fikk med seg kl\u00e6r, undert\u00f8y og treningst\u00f8y.<\/p>\n<p>&#8211; Jeg er s\u00e5 stressa. Jeg bare heiv alt sammen i bagen. Jeg tok litt vintert\u00f8y ogs\u00e5, mye ullt\u00f8y. Jeg orker ikke v\u00e6re kald, sier hun idet hun kommer ut fra bygget igjen.<\/p>\n<p>          <img loading=\"lazy\" decoding=\"async\" src=\"https:\/\/www.europesays.com\/no\/wp-content\/uploads\/2025\/10\/83781838.webp\" width=\"980\" height=\"559\" title=\"STRESSENDE: Kotryna Cebatoriute (21) beskriver opplevelsen som stressende og fremmed. Foto: John Terje Pedersen \/ Dagbladet\" alt=\"\" class=\"\" style=\"--aspect-ratio-image: 1.75; \"\/><\/p>\n<p>\n          STRESSENDE: Kotryna Cebatoriute (21) beskriver opplevelsen som stressende og fremmed. Foto: John Terje Pedersen \/ Dagbladet\n      <\/p>\n<p>Hun beskriver opplevelsen som fremmed.\u00a0<\/p>\n<p>&#8211;\u00a0 Det var litt ukjent \u00e5 g\u00e5 inn p\u00e5 rommet, men s\u00e5 kan du ikke v\u00e6re der. Med vakter, \u00e5pne d\u00f8rer og hele pakka. Det f\u00f8ltes fremmed, sier hun.<\/p>\n<p>Ogs\u00e5 synet av selve raset gjorde inntrykk.\u00a0<\/p>\n<p>&#8211; Det er som en kakebit som bare har l\u00f8sna, sier hun.<\/p>\n<p class=\"italic m-italic\" data-lab-italic=\"italic\">&#8211; Hva tenker du om \u00e5 flytte tilbake igjen dit?<\/p>\n<p>&#8211; Jeg tror det blir godt \u00e5 f\u00e5 sitt eget rom igjen, men uten for mye stress. Det m\u00e5 skje til riktig tid, sier Kotryna.<\/p>\n<p>          <img loading=\"lazy\" decoding=\"async\" src=\"https:\/\/www.europesays.com\/no\/wp-content\/uploads\/2025\/10\/83781836.webp\" width=\"980\" height=\"559\" title=\"KL\u00c6R: Kotryna Cebatoriute (21), som studerer biovitenskap ved UiO, fikk med seg kl\u00e6r, undert\u00f8y og treningst\u00f8y. Foto: John Terje Pedersen \/ Dagbladet\" alt=\"\" class=\"\" style=\"--aspect-ratio-image: 1.75; \"\/><\/p>\n<p>\n          KL\u00c6R: Kotryna Cebatoriute (21), som studerer biovitenskap ved UiO, fikk med seg kl\u00e6r, undert\u00f8y og treningst\u00f8y. Foto: John Terje Pedersen \/ Dagbladet\n      <\/p>\n<p> Konteinere med sand\t<\/p>\n<p>Mandag var det nye bevegelser i omr\u00e5det, der mindre steinmasser raste, if\u00f8lge NTBs fotograf p\u00e5 stedet.<\/p>\n<p>Oppryddingsarbeidet etter raset kan f\u00f8rst begynne etter at det har blitt satt opp konteinere med sand som skal sikre bebyggelsen fra nye ras.<\/p>\n<p>    <a itemprop=\"url\" href=\"https:\/\/www.dagbladet.no\/nyheter\/gir-1000-kroner-til-evakuerte-studenter\/83776970\" rel=\"nofollow noopener\" target=\"_blank\"><\/p>\n<p>      <img loading=\"lazy\" decoding=\"async\" src=\"https:\/\/www.europesays.com\/no\/wp-content\/uploads\/2025\/10\/83776979.webp\" width=\"980\" height=\"441\" title=\"Gir 1000 kroner til evakuerte studenter\" alt=\"\" class=\"lazyload\" style=\"--aspect-ratio-image: 2.22; \"\/><\/p>\n<p>        Gir 1000 kroner til evakuerte studenter<\/p>\n<p>    <\/a><\/p>\n<p>Studentsamskipnadens (SiO) administrerende direkt\u00f8r Andreas Eskelun forteller NTB at de vil jobbe d\u00f8gnet rundt, om det lar seg gj\u00f8re, for \u00e5 fjerne massene.<\/p>\n<p>Han er ogs\u00e5 tydelig p\u00e5 at det ikke er noen skader p\u00e5 blokken.<\/p>\n<p>&#8211; Bygningsmassen er solid, det er et trygt sted \u00e5 bo.<\/p>\n<p>        RASET: Studentene som ble evakuert etter steinraset p\u00e5 Carl Berner i Oslo f\u00e5r endelig hente gjenstander fra boligene sine, men f\u00e5r enda ikke lov til \u00e5 flytte tilbake.<\/p>\n","protected":false},"excerpt":{"rendered":"Raset p\u00e5 Carl Berner: De evakuerte studentene p\u00e5 Carl Berner fikk i dag fem minutter til \u00e5 hente&hellip;\n","protected":false},"author":2,"featured_media":72511,"comment_status":"","ping_status":"","sticky":false,"template":"","format":"standard","meta":{"footnotes":""},"categories":[5],"tags":[20,21,10094,24,25,15,19,2539,22,23,17,18,13,30,28,29,14,16,1149,10095,26,27],"class_list":{"0":"post-72510","1":"post","2":"type-post","3":"status-publish","4":"format-standard","5":"has-post-thumbnail","7":"category-overskrifter","8":"tag-breaking-news","9":"tag-breakingnews","10":"tag-carl-berner","11":"tag-featured-news","12":"tag-featurednews","13":"tag-headlines","14":"tag-hovedoppslag","15":"tag-innenriks","16":"tag-latest-news","17":"tag-latestnews","18":"tag-main-news","19":"tag-mainnews","20":"tag-news","21":"tag-no","22":"tag-norge","23":"tag-norway","24":"tag-nyheter","25":"tag-overskrifter","26":"tag-ras","27":"tag-sio","28":"tag-top-stories","29":"tag-topstories"},"share_on_mastodon":{"url":"https:\/\/pubeurope.com\/@no\/115453849001135586","error":""},"_links":{"self":[{"href":"https:\/\/www.europesays.com\/no\/wp-json\/wp\/v2\/posts\/72510","targetHints":{"allow":["GET"]}}],"collection":[{"href":"https:\/\/www.europesays.com\/no\/wp-json\/wp\/v2\/posts"}],"about":[{"href":"https:\/\/www.europesays.com\/no\/wp-json\/wp\/v2\/types\/post"}],"author":[{"embeddable":true,"href":"https:\/\/www.europesays.com\/no\/wp-json\/wp\/v2\/users\/2"}],"replies":[{"embeddable":true,"href":"https:\/\/www.europesays.com\/no\/wp-json\/wp\/v2\/comments?post=72510"}],"version-history":[{"count":0,"href":"https:\/\/www.europesays.com\/no\/wp-json\/wp\/v2\/posts\/72510\/revisions"}],"wp:featuredmedia":[{"embeddable":true,"href":"https:\/\/www.europesays.com\/no\/wp-json\/wp\/v2\/media\/72511"}],"wp:attachment":[{"href":"https:\/\/www.europesays.com\/no\/wp-json\/wp\/v2\/media?parent=72510"}],"wp:term":[{"taxonomy":"category","embeddable":true,"href":"https:\/\/www.europesays.com\/no\/wp-json\/wp\/v2\/categories?post=72510"},{"taxonomy":"post_tag","embeddable":true,"href":"https:\/\/www.europesays.com\/no\/wp-json\/wp\/v2\/tags?post=72510"}],"curies":[{"name":"wp","href":"https:\/\/api.w.org\/{rel}","templated":true}]}}