{"id":72522,"date":"2025-10-28T21:24:10","date_gmt":"2025-10-28T21:24:10","guid":{"rendered":"https:\/\/www.europesays.com\/no\/72522\/"},"modified":"2025-10-28T21:24:10","modified_gmt":"2025-10-28T21:24:10","slug":"jon-oigarden-dukker-opp-i-internasjonal-tv-serie","status":"publish","type":"post","link":"https:\/\/www.europesays.com\/no\/72522\/","title":{"rendered":"Jon \u00d8igarden: Dukker opp i internasjonal TV-serie:"},"content":{"rendered":"<p>Den internasjonale TV-serien \u00abThe Rookie\u00bb kommer snart ut med sin \u00e5ttende sesong.\u00a0<\/p>\n<p>Og for observante seere, kan man se den norske skuespilleren Jon \u00d8igarden (54) dukke opp i en av <a href=\"https:\/\/www.youtube.com\/shorts\/1iTAhU2evDg\" rel=\"nofollow noopener\" target=\"_blank\">promovideoene<\/a>.<\/p>\n<p>Overfor TV 2 bekrefter skuespilleren at han er med i den nye sesongen av seersuksessen.\u00a0<\/p>\n<p class=\"bold m-bold\" data-lab-font_weight=\"bold\">\u2013 Jeg har en amerikansk og engelsk agent. S\u00e5 i dette tilfellet fikk jeg bare sp\u00f8rsm\u00e5let om jeg hadde lyst til \u00e5 v\u00e6re med, sier han til TV 2.\u00a0<\/p>\n<p>        <img class=\"image__img lazyload\" itemprop=\"image\" title=\"Foto: Skjermbilde YouTube @ABC\" alt=\"PROMO: Jon \u00d8igarden dukker opp i promoen til den nye sesongen av \u00abThe Rookie\u00bb. Foto: Skjermbilde YouTube @ABC\" width=\"675\" height=\"959\" bad-src=\"https:\/\/www.europesays.com\/no\/wp-content\/uploads\/2025\/10\/18235015.webp\" fetchpriority=\"auto\" \/><\/p>\n<p>      PROMO: Jon \u00d8igarden dukker opp i promoen til den nye sesongen av \u00abThe Rookie\u00bb.<br \/>\n         Foto: Skjermbilde YouTube @ABC<\/p>\n<p>\u2013 Har ikke sett serien<\/p>\n<p>54-\u00e5ringen forklarer at det er en liten rolle, og at han kun dukker opp i \u00e9n episode.\u00a0<\/p>\n<p>\u2013 Det er kjempestas, det alts\u00e5. Det var veldig hyggelige folk, og det var en god erfaring. S\u00e5 det er stas. <\/p>\n<p>Likevel forklarer \u00d8igarden at han ikke hadde noe forhold til serien f\u00f8r han ble spurt.\u00a0<\/p>\n<p class=\"bold m-bold\" data-lab-font_weight=\"bold\">\u2013 Jeg har egentlig aldri sett p\u00e5 serien, jeg har bare h\u00f8rt om den, og vet at den er stor, sier han.\u00a0<\/p>\n<p>Seersuksess\u00a0\u00a0<\/p>\n<p data-lab-font_weight=\"\">\u00abThe Rookie\u00bb er en amerikansk dramaserie som hadde premiere i 2018, og ble raskt en seersuksess verden rundt.<\/p>\n<p data-lab-font_weight=\"\">I Norge kan man se den p\u00e5 blant annet <a href=\"https:\/\/play.tv2.no\/serier\/the-rookie-s9bmp570\/sesong-7\" rel=\"nofollow noopener\" target=\"_blank\">TV 2 Play.\u00a0<\/a><\/p>\n<p>Serien tar for seg livet til politibetjenten\u00a0John Nolan, som blir den eldste nykommeren ved\u00a0Los Angeles Police Department.<\/p>\n<p>Seerne f\u00e5r et innblikk i de ulike utfordringene han m\u00f8ter p\u00e5 som politibetjent i USA.\u00a0<\/p>\n<p>Hovedskuespilleren er\u00a0Nathan Fillion (54), som har spilt i en rekke store filmer og serier i l\u00f8pet av karrieren.\u00a0<\/p>\n<p>        <img class=\"image__img lazyload\" itemprop=\"image\" title=\"Foto: Ed Herrera\" alt=\"HOVEDROLLE: Nathan Fillion spiller hovedrollen som John Nolan i \u00abThe Rookie\u00bb. Foto: Ed Herrera\" width=\"675\" height=\"513\" bad-src=\"https:\/\/www.europesays.com\/no\/wp-content\/uploads\/2025\/10\/11443589.webp\" fetchpriority=\"auto\" \/><\/p>\n<p>      HOVEDROLLE: Nathan Fillion spiller hovedrollen som John Nolan i \u00abThe Rookie\u00bb.<br \/>\n         Foto: Ed Herrera<\/p>\n<p>\u2013 Var nerv\u00f8s<\/p>\n<p>\u00d8igarden forteller at det var veldig mange hyggelige folk, b\u00e5de foran og bak kamera.\u00a0<\/p>\n<p class=\"bold m-bold\" data-lab-font_weight=\"bold\">\u2013 Jeg var jo litt nerv\u00f8s. Men skuespillerne, regiss\u00f8ren og produsenten var veldig hyggelig, og da blir det enklere, sier han og legger til:<\/p>\n<p>\u2013 Hvis man hopper ut i det kalde vannet, s\u00e5 blir det fort varmt.<\/p>\n<p>Skuespilleren kan derimot ikke r\u00f8pe altfor mye om rollen sin. \u00d8igarden forklarer at mye av informasjonen er veldig hemmelig fram til sesongen kommer ut.\u00a0<\/p>\n<p>Han kan heller ikke svare p\u00e5 sp\u00f8rsm\u00e5l om penger, eller hva slags honorar han fikk for rollen hans.<\/p>\n<p>\u2013 Men det var veldig g\u00f8y \u00e5 v\u00e6re med p\u00e5 en slik innspilling, sier han.\u00a0<\/p>\n","protected":false},"excerpt":{"rendered":"Den internasjonale TV-serien \u00abThe Rookie\u00bb kommer snart ut med sin \u00e5ttende sesong.\u00a0 Og for observante seere, kan man&hellip;\n","protected":false},"author":2,"featured_media":72523,"comment_status":"","ping_status":"","sticky":false,"template":"","format":"standard","meta":{"footnotes":""},"categories":[58],"tags":[71,30,28,29,72],"class_list":{"0":"post-72522","1":"post","2":"type-post","3":"status-publish","4":"format-standard","5":"has-post-thumbnail","7":"category-underholdning","8":"tag-entertainment","9":"tag-no","10":"tag-norge","11":"tag-norway","12":"tag-underholdning"},"share_on_mastodon":{"url":"https:\/\/pubeurope.com\/@no\/115453903692498897","error":""},"_links":{"self":[{"href":"https:\/\/www.europesays.com\/no\/wp-json\/wp\/v2\/posts\/72522","targetHints":{"allow":["GET"]}}],"collection":[{"href":"https:\/\/www.europesays.com\/no\/wp-json\/wp\/v2\/posts"}],"about":[{"href":"https:\/\/www.europesays.com\/no\/wp-json\/wp\/v2\/types\/post"}],"author":[{"embeddable":true,"href":"https:\/\/www.europesays.com\/no\/wp-json\/wp\/v2\/users\/2"}],"replies":[{"embeddable":true,"href":"https:\/\/www.europesays.com\/no\/wp-json\/wp\/v2\/comments?post=72522"}],"version-history":[{"count":0,"href":"https:\/\/www.europesays.com\/no\/wp-json\/wp\/v2\/posts\/72522\/revisions"}],"wp:featuredmedia":[{"embeddable":true,"href":"https:\/\/www.europesays.com\/no\/wp-json\/wp\/v2\/media\/72523"}],"wp:attachment":[{"href":"https:\/\/www.europesays.com\/no\/wp-json\/wp\/v2\/media?parent=72522"}],"wp:term":[{"taxonomy":"category","embeddable":true,"href":"https:\/\/www.europesays.com\/no\/wp-json\/wp\/v2\/categories?post=72522"},{"taxonomy":"post_tag","embeddable":true,"href":"https:\/\/www.europesays.com\/no\/wp-json\/wp\/v2\/tags?post=72522"}],"curies":[{"name":"wp","href":"https:\/\/api.w.org\/{rel}","templated":true}]}}