{"id":72526,"date":"2025-10-28T21:27:12","date_gmt":"2025-10-28T21:27:12","guid":{"rendered":"https:\/\/www.europesays.com\/no\/72526\/"},"modified":"2025-10-28T21:27:12","modified_gmt":"2025-10-28T21:27:12","slug":"usa-viser-styrke-mot-venezuela","status":"publish","type":"post","link":"https:\/\/www.europesays.com\/no\/72526\/","title":{"rendered":"USA viser styrke mot Venezuela"},"content":{"rendered":"\n<ul class=\"_list_o9xde_3 _list_64s2r_85 _unordered_o9xde_106 text-sans-m\">\n<li class=\"_item_o9xde_30\">USA har sendt krigsskip til Venezuelas kyst og gjennomf\u00f8rt luftoverv\u00e5kning med bombefly.<\/li>\n<li class=\"_item_o9xde_30\">Minst 43 personer har blitt drept i amerikanske angrep p\u00e5 \u00abnarkotikab\u00e5ter\u00bb.<\/li>\n<li class=\"_item_o9xde_30\">USA viser milit\u00e6r styrke for \u00e5 presse Venezuelas president Nicol\u00e1s Maduro til \u00e5 trekke seg.<\/li>\n<li class=\"_item_o9xde_30\">Trump-administrasjonens harde linje ledes av utenriksminister Marco Rubio.<\/li>\n<\/ul>\n<p>Vis mer <\/p>\n<p class=\"_paragraph_o9xde_4 _paragraph_xtcu6_10 layout-component text-serif-m layout-normal text-serif-m layout-padded\">Mandag morgen lettet to amerikanske B-1B-bombefly fra en base i Nord-Dakota.<\/p>\n<p class=\"_paragraph_o9xde_4 _paragraph_xtcu6_10 layout-component text-serif-m layout-normal text-serif-m layout-padded\">Over fem tusen kilometer unna, i Det karibiske hav, krysset de senere samme dag luftrommet utenfor <a href=\"https:\/\/www.vg.no\/tag\/venezuela?utm_source=vg-article&amp;utm_medium=auto-tagger&amp;utm_campaign=dRoQvO\" class=\"_link_o9xde_39\" rel=\"nofollow noopener\" target=\"_blank\">Venezuela<\/a> \u2013 et omr\u00e5de som de siste ukene har blitt stadig mer eksplosiv.<\/p>\n<p class=\"_paragraph_o9xde_4 _paragraph_xtcu6_10 layout-component text-serif-m layout-normal text-serif-m layout-padded\">Det er tredje gang p\u00e5 kort tid at USA viser milit\u00e6r styrke tett p\u00e5 Venezuelas grenser.<\/p>\n<p class=\"_paragraph_o9xde_4 _paragraph_xtcu6_10 layout-component text-serif-m layout-normal text-serif-m layout-padded\">Fra turkisbl\u00e5tt ferieparadis til mulig frontlinje i en ny konflikt: <strong class=\"_strong_o9xde_25\">Karibia koker.<\/strong><\/p>\n<p class=\"_paragraph_o9xde_4 _paragraph_xtcu6_10 layout-component text-serif-m layout-normal text-serif-m layout-padded\">P\u00e5 kort tid har Det karibiske hav blitt arenaen for Donald Trumps siste maktdemonstrasjon.<\/p>\n<p class=\"_paragraph_o9xde_4 _paragraph_xtcu6_10 layout-component text-serif-m layout-normal text-serif-m layout-padded\">Siden 2. september er minst 57 mennesker er drept i amerikanske angrep mot det myndighetene i USA hevder er \u00abnarkotikab\u00e5ternarkotikab\u00e5terB\u00e5ter som frakter narkotika til USA.\u00bb if\u00f8lge VGs gjennomgang. <\/p>\n<p class=\"_paragraph_o9xde_4 _paragraph_xtcu6_10 layout-component text-serif-m layout-normal text-serif-m layout-padded\">Senest tirsdag ble 14 personer drept, <a href=\"https:\/\/x.com\/SecWar\/status\/1983164355999883548\" class=\"_link_o9xde_39\" rel=\"nofollow\">bekrefter<\/a> forsvarsminister Pete Hegseth.<\/p>\n<p class=\"_paragraph_o9xde_4 _paragraph_xtcu6_10 layout-component text-serif-m layout-normal text-serif-m layout-padded\">Tre uavhengige <a href=\"https:\/\/www.ohchr.org\/en\/press-releases\/2025\/10\/un-experts-condemn-coercive-intervention-venezuela-united-states\" class=\"_link_o9xde_39\" rel=\"nofollow noopener\" target=\"_blank\">FN-eksperter<\/a> anklager USA for \u00e5 bryte folkerettenfolkerettenFolkerett er rettsregler som gjelder forholdet mellom stater, men og mellom stater og internasjonale institusjoner, som FN og EU og til en viss grad ogs\u00e5 enkeltpersoner., og for \u00e5 eskalere sitasjonen i Karibia.<\/p>\n<p><img alt=\"Det amerikanske milit\u00e6re i Det karibiske hav.  Foto: U.S. Southern Command\/@Southcom\" class=\"_image_qp4xg_65 layout-component layout-normal\" data-fullscreen- data-track-element-type=\"Article image fullscreen\" data-track-name=\"ImageFullscreen\" decoding=\"async\" loading=\"lazy\" height=\"1070\" itemprop=\"image\"  src=\"https:\/\/www.europesays.com\/no\/wp-content\/uploads\/2025\/10\/ebf76655-86e1-4e40-b6b9-8c2ea88c1b7a\"  style=\"object-position:0% 0%\" width=\"1428\"\/>Det amerikanske milit\u00e6re i Det karibiske hav.  Foto: U.S. Southern Command\/@Southcom<\/p>\n<p class=\"_paragraph_o9xde_4 _paragraph_xtcu6_10 layout-component text-serif-m layout-normal text-serif-m layout-padded\">I kulissene jobber samtidig noen av Trump-leirens mektigste menn for et annet m\u00e5l: \u00e5 kaste den autorit\u00e6re presidenten Nicol\u00e1s Maduro fra makten, skriver <a href=\"https:\/\/www.nytimes.com\/2025\/09\/29\/us\/politics\/maduro-venezuela-trump-rubio.html\" class=\"_link_o9xde_39\" rel=\"nofollow noopener\" target=\"_blank\">New York Times<\/a>.<\/p>\n<p><img alt=\"Foto: [JUAN BARRETO, ANDREW CABALLERO-REYNOLDS] \/ AFP \/ NTB\" class=\"_image_qp4xg_65 layout-component layout-normal\" data-fullscreen- data-track-element-type=\"Article image fullscreen\" data-track-name=\"ImageFullscreen\" decoding=\"async\" loading=\"lazy\" height=\"2400\" itemprop=\"image\"  src=\"https:\/\/www.europesays.com\/no\/wp-content\/uploads\/2025\/10\/854a5c90-6a34-4e16-96a8-8efd0dcb2d72\"  style=\"object-position:0% 0%\" width=\"3200\"\/>Foto: [JUAN BARRETO, ANDREW CABALLERO-REYNOLDS] \/ AFP \/ NTB<\/p>\n<p class=\"_paragraph_o9xde_4 _paragraph_xtcu6_10 layout-component text-serif-m layout-normal text-serif-m layout-padded\">\u2013 USA \u00f8nsker \u00e5 vise milit\u00e6re muskler for \u00e5 legge press p\u00e5 Maduro \u2013 i h\u00e5p om at det skal f\u00e5 han til \u00e5 trekke seg fra makten, sier Leiv Marsteintredet ved Universitetet i Bergen til VG.<\/p>\n<p><img decoding=\"async\" alt=\"Bilde av Leiv Marsteintredet\" class=\"_image_ygndg_42\" height=\"50\" itemprop=\"image\" loading=\"lazy\"  src=\"https:\/\/www.europesays.com\/no\/wp-content\/uploads\/2025\/10\/ba56003d-4652-48cf-ab3c-45637f3444fa\"  width=\"40\"\/><strong class=\"_name_ygndg_51 title-serif-xs\">Leiv Marsteintredet<\/strong><\/p>\n<p class=\"_paragraph_o9xde_4 text-sans-m _description_ygndg_56\">f\u00f8rsteamanuensis, Institutt for sammenlignende politikk, Universitetet i Bergen.<\/p>\n<p class=\"_paragraph_o9xde_4 _paragraph_xtcu6_10 layout-component text-serif-m layout-normal text-serif-m layout-padded\">Benedicte Bull, professor i statsvitenskap ved Universitetet i Oslo, tar det videre:<\/p>\n<p class=\"_paragraph_o9xde_4 _paragraph_xtcu6_10 layout-component text-serif-m layout-normal text-serif-m layout-padded\">\u2013 USA posisjonerer seg for mulige angrep sier hun til VG.<\/p>\n<p><img decoding=\"async\" alt=\"Bilde av Benedicte Bull\" class=\"_image_ygndg_42\" height=\"53\" itemprop=\"image\" loading=\"lazy\"  src=\"https:\/\/www.europesays.com\/no\/wp-content\/uploads\/2025\/10\/5ee09bed-fd1a-4595-996d-315d9324c96e\"  width=\"40\"\/><strong class=\"_name_ygndg_51 title-serif-xs\">Benedicte Bull<\/strong><\/p>\n<p class=\"_paragraph_o9xde_4 text-sans-m _description_ygndg_56\">professor ved Senter for global b\u00e6rekraft ved Universitetet i Oslo.<\/p>\n<p>\u00abHaukene\u00bb har f\u00e5tt mer gjennomslag<\/p>\n<p class=\"_paragraph_o9xde_4 _paragraph_xtcu6_10 layout-component text-serif-m layout-normal text-serif-m layout-padded\">Bak den \u00f8kende milit\u00e6re aktiviteten ligger en splittelse innad i USAs egen regjering. NY Times har avdekket intern uenighet i Trump-administrasjonen om hvordan man skal forholde seg til Venezuela.<\/p>\n<p class=\"_paragraph_o9xde_4 _paragraph_xtcu6_10 layout-component text-serif-m layout-normal text-serif-m layout-padded\">Noen \u00f8nsker forhandlinger med Maduro for \u00e5 f\u00e5 tilgang til olje og investeringer. Andre, anf\u00f8rt av utenriksminister Marco Rubio, vil ha regimeskifte for enhver pris.<\/p>\n<p class=\"_paragraph_o9xde_4 _paragraph_xtcu6_10 layout-component text-serif-m layout-normal text-serif-m layout-padded\">\u2013 Det var faktisk dialog mellom USA og Maduro fram til sommeren, og det l\u00e5 visstnok en avtale p\u00e5 bordet der Maduro var villig til \u00e5 sparke ut kinesiske og russiske akt\u00f8rer i bytte mot bedre relasjoner med USA, sier Marsteintredet.<\/p>\n<p class=\"_paragraph_o9xde_4 _paragraph_xtcu6_10 layout-component text-serif-m layout-normal text-serif-m layout-padded\">Men utenriksminister Rubio satte en stopper for avtalen.<\/p>\n<p><img alt=\"Trump-hviskeren? Utenriksminister Marco Rubio sammen med sjefen sin.  Foto: JIM WATSON \/ AFP \/ NTB\" class=\"_image_qp4xg_65 layout-component layout-normal\" data-fullscreen- data-track-element-type=\"Article image fullscreen\" data-track-name=\"ImageFullscreen\" decoding=\"async\" loading=\"lazy\" height=\"1946\" itemprop=\"image\"  src=\"https:\/\/www.europesays.com\/no\/wp-content\/uploads\/2025\/10\/13951cf4-41d6-44d9-a41c-3f543edabe95\"  style=\"object-position:0% 0%\" width=\"2987\"\/>Trump-hviskeren? Utenriksminister Marco Rubio sammen med sjefen sin.  Foto: JIM WATSON \/ AFP \/ NTB<\/p>\n<p class=\"_paragraph_o9xde_4 _paragraph_xtcu6_10 layout-component text-serif-m layout-normal text-serif-m layout-padded\">Rubio sies n\u00e5 \u00e5 forme en mer aggressiv strategi rettet mot Venezuela, med st\u00f8tte fra CIA-direkt\u00f8r John Ratcliffe og Stephen Miller, Trumps r\u00e5dgiver for innenrikspolitikk.<\/p>\n<p class=\"_paragraph_o9xde_4 _paragraph_xtcu6_10 layout-component text-serif-m layout-normal text-serif-m layout-padded\">Rubio, som er s\u00f8nn av cubanske flyktninger, har lenge argumentert for at Maduros avgang ogs\u00e5 vil svekke kommunistregime p\u00e5 Cuba. <\/p>\n<p class=\"_paragraph_o9xde_4 _paragraph_xtcu6_10 layout-component text-serif-m layout-normal text-serif-m layout-padded\">I tillegg har han bred st\u00f8tte blant velgere i Florida med bakgrunn fra Cuba og Venezuela, som selv har flyktet de autorit\u00e6re regimene.<\/p>\n<p><img alt=\"Venezuelas tidligere president Hugo Chav\u00e9z sammen med tidligere president i Cuba Fidel Castro.  Foto: CLAUDIA DAUT \/ Reuters \/ NTB\" class=\"_image_qp4xg_65 layout-component layout-normal\" data-fullscreen- data-track-element-type=\"Article image fullscreen\" data-track-name=\"ImageFullscreen\" decoding=\"async\" loading=\"lazy\" height=\"1237\" itemprop=\"image\"  src=\"https:\/\/www.europesays.com\/no\/wp-content\/uploads\/2025\/10\/2488f8fd-ef0e-40e7-92bc-27fd6107b674\"  style=\"object-position:0% 0%\" width=\"1650\"\/>Venezuelas tidligere president Hugo Chav\u00e9z sammen med tidligere president i Cuba Fidel Castro.  Foto: CLAUDIA DAUT \/ Reuters \/ NTB<\/p>\n<p class=\"_paragraph_o9xde_4 _paragraph_xtcu6_10 layout-component text-serif-m layout-normal text-serif-m layout-padded\">Det meste tyder p\u00e5 at Rubio og hans allierte har f\u00e5tt mest gjennomslag hos Trump den siste tiden.<\/p>\n<p class=\"_paragraph_o9xde_4 _paragraph_xtcu6_10 layout-component text-serif-m layout-normal text-serif-m layout-padded\">Trump har bedt sin utsending om \u00e5 kutte kontakten med Maduro inntil videre, og det ser ut til at han har gitt Rubio gr\u00f8nt lys til \u00e5 oppn\u00e5 resultater gjennom milit\u00e6rt press, rapporterer NY Times mange\u00e5rig korrespondent til Venezuela, Anatoly Kurmanaev.<\/p>\n<p class=\"_paragraph_o9xde_4 _paragraph_xtcu6_10 layout-component text-serif-m layout-normal text-serif-m layout-padded\">\u2013 De i Trump-leiren som st\u00f8tter en mer forhandlingsorientert tiln\u00e6rming, erkjenner at de har tapt dette slaget. De innr\u00f8mmer at de har blitt utspilt av Rubio p\u00e5 dette stadiet. Men de tror ikke at dette er slutten, sier Kurmanaev i podkasten <a href=\"https:\/\/www.nytimes.com\/2025\/10\/23\/podcasts\/the-daily\/us-venezuela-maduro-boat-attacks.html\" class=\"_link_o9xde_39\" rel=\"nofollow noopener\" target=\"_blank\">The Daily<\/a>.<\/p>\n<p class=\"_paragraph_o9xde_4 _paragraph_xtcu6_10 layout-component text-serif-m layout-normal text-serif-m layout-padded\">De viser til Trumps oppf\u00f8rsel overfor Ukraina, der han gjentatte ganger har endret standpunkt siden han kom tilbake til makten.<\/p>\n<p class=\"_paragraph_o9xde_4 _paragraph_xtcu6_10 layout-component text-serif-m layout-normal text-serif-m layout-padded\">\u2013 S\u00e5 bare fordi forhandlinger er uaktuelt n\u00e5, betyr ikke det at det vil v\u00e6re umulige for alltid, sier Kurmanaev.<\/p>\n<p>   Ekspert: USA mener alvor<\/p>\n<p class=\"_paragraph_o9xde_4 _paragraph_xtcu6_10 layout-component text-serif-m layout-normal text-serif-m layout-padded\">Professor Benedicte Bull ved Universitetet i Oslo tror at et amerikansk angrep p\u00e5 Venezuela er sannsynlig og viser til USAs milit\u00e6re forsterkning i regionen, med blant annet verdens st\u00f8rste hangarskip USS Gerald R. Ford, som er flyttet fra Europa og Midt\u00f8sten til Karibia. <\/p>\n<p class=\"_paragraph_o9xde_4 _paragraph_xtcu6_10 layout-component text-serif-m layout-normal text-serif-m layout-padded\">Dette er krigsskipet som i 2023 bes\u00f8kte Oslofjorden.<\/p>\n<p><img alt=\"Foto: Espen Sj\u00f8lingstad Hoen \/ VG\" class=\"_image_qp4xg_65 layout-component layout-normal\" data-fullscreen- data-track-element-type=\"Article image fullscreen\" data-track-name=\"ImageFullscreen\" decoding=\"async\" loading=\"lazy\" height=\"5464\" itemprop=\"image\"  src=\"https:\/\/www.europesays.com\/no\/wp-content\/uploads\/2025\/10\/08eda903-bb73-427b-a777-fa4af81d2994\"  style=\"object-position:0% 0%\" width=\"8192\"\/>Foto: Espen Sj\u00f8lingstad Hoen \/ VG<\/p>\n<p class=\"_paragraph_o9xde_4 _paragraph_xtcu6_10 layout-component text-serif-m layout-normal text-serif-m layout-padded\">\u2013 Selv om f\u00e5 tror det blir en full invasjon, kan vi se for oss mindre, presise angrep \u2013 for eksempel mot et lager, en milit\u00e6r installasjon eller en leder USA mener st\u00e5r bak narkotikasmugling.<\/p>\n<p class=\"_paragraph_o9xde_4 _paragraph_xtcu6_10 layout-component text-serif-m layout-normal text-serif-m layout-padded\">If\u00f8lge Bull er hensikten \u00e5 vise Maduro at USA mener alvor \u2013 og presse ham til \u00e5 forhandle om avgang.<\/p>\n<p class=\"_paragraph_o9xde_4 _paragraph_xtcu6_10 layout-component text-serif-m layout-normal text-serif-m layout-padded\">Men hva har drapene og angrepene p\u00e5 de sivile b\u00e5tene i Karibia siden september med det hele \u00e5 gj\u00f8re?<\/p>\n<p>\u00abNarkoterrorisme\u00bb: et nytt gammelt narrativ <\/p>\n<p class=\"_paragraph_o9xde_4 _paragraph_xtcu6_10 layout-component text-serif-m layout-normal text-serif-m layout-padded\">Donald Trump hevder at Maduro leder narkotikakarteller, noe USAs egen etterretningstjenester selv har avvist.<\/p>\n<p class=\"_paragraph_o9xde_4 _paragraph_xtcu6_10 layout-component text-serif-m layout-normal text-serif-m layout-padded\">B\u00e5de Bull og Marsteintredet peker p\u00e5 at Trumps strategi er \u00e5 knytte Venezuela til kampen mot narkotika \u2013 og til terror.<\/p>\n<p class=\"_paragraph_o9xde_4 _paragraph_xtcu6_10 layout-component text-serif-m layout-normal text-serif-m layout-padded\">Ved \u00e5 omtale Maduro og regimet som \u00abnarkoterrorister\u00bb, kan USA hevde at milit\u00e6re aksjoner er del av \u00abnasjonal sikkerhet\u00bb.<\/p>\n<p class=\"_paragraph_o9xde_4 _paragraph_xtcu6_10 layout-component text-serif-m layout-normal text-serif-m layout-padded\">Siden september har USA angrepet flere sm\u00e5b\u00e5ter i Karibia som de hevder smugler narkotika, uten \u00e5 ha lagt frem bevis p\u00e5 det.<\/p>\n<p class=\"_paragraph_o9xde_4 _paragraph_xtcu6_10 layout-component text-serif-m layout-normal text-serif-m layout-padded\">\u2013 Dette er rene henrettelser, sier Marsteintredet om de amerikanske angrepene.<\/p>\n<p class=\"_paragraph_o9xde_4 _paragraph_xtcu6_10 layout-component text-serif-m layout-normal text-serif-m layout-padded\"> \u2013 Det finnes ingen bevis for at de smuglet narkotika. Retorikken om \u00abnarkoterrorisme\u00bb brukes som p\u00e5skudd for \u00e5 legitimere maktbruk.<\/p>\n<p class=\"_paragraph_o9xde_4 _paragraph_xtcu6_10 layout-component text-serif-m layout-normal text-serif-m layout-padded\">Bull er enig:<\/p>\n<p class=\"_paragraph_o9xde_4 _paragraph_xtcu6_10 layout-component text-serif-m layout-normal text-serif-m layout-padded\">\u2013 De store narkokartellene holder til i Mexico og Colombia, ikke Venezuela. Det blir som om Norge skulle bombe sm\u00e5b\u00e5ter utenfor Str\u00f6mstad fordi vi mener svenske gjenger bruker dem til \u00e5 smugle narkotika.<\/p>\n<p class=\"_paragraph_o9xde_4 _paragraph_xtcu6_10 layout-component text-serif-m layout-normal text-serif-m layout-padded\">De som har overlevd de amerikanske angrepene har blitt deportert tilbake \u2013 ikke stilt for retten i USA, noe som tyder p\u00e5 at man ikke hadde nok bevis mot dem.<\/p>\n<p>Innenrikspolitikk forkledd som utenrikspolitikk <\/p>\n<p class=\"_paragraph_o9xde_4 _paragraph_xtcu6_10 layout-component text-serif-m layout-normal text-serif-m layout-padded\">For Trump handler dette ikke bare om Venezuela \u2013 men om velgere hjemme i USA.<\/p>\n<p class=\"_paragraph_o9xde_4 _paragraph_xtcu6_10 layout-component text-serif-m layout-normal text-serif-m layout-padded\">Fentanylkrisen tar titusener av liv, og kampen mot narkotika er en vinnersak blant presidentens kjernevelgere.<\/p>\n<p><img alt=\"Foto: PHILIP FONG \/ AFP \/ NTB\" class=\"_image_qp4xg_65 layout-component layout-normal\" data-fullscreen- data-track-element-type=\"Article image fullscreen\" data-track-name=\"ImageFullscreen\" decoding=\"async\" loading=\"lazy\" height=\"2828\" itemprop=\"image\"  src=\"https:\/\/www.europesays.com\/no\/wp-content\/uploads\/2025\/10\/7d341481-7033-4922-afb0-cea09f918c2f\"  style=\"object-position:0% 0%\" width=\"4242\"\/>Foto: PHILIP FONG \/ AFP \/ NTB<\/p>\n<p class=\"_paragraph_o9xde_4 _paragraph_xtcu6_10 layout-component text-serif-m layout-normal text-serif-m layout-padded\">\u2013 Innenrikspolitisk handler dette om \u00e5 vise at man \u00abgj\u00f8r noe\u00bb med kokain og fentanyl, sier Bull.<\/p>\n<p class=\"_paragraph_o9xde_4 _paragraph_xtcu6_10 layout-component text-serif-m layout-normal text-serif-m layout-padded\">\u2013 Geopolitisk handler det om Venezuela som ressursrikt land. Der finnes olje og mineraler, og b\u00e5de Kina og Russland er tungt inne. Hvis USA vil ha langsiktig kontroll, trenger de et annet regime.<\/p>\n<p>En konflikt med dype r\u00f8tter<\/p>\n<p class=\"_paragraph_o9xde_4 _paragraph_xtcu6_10 layout-component text-serif-m layout-normal text-serif-m layout-padded\">Forholdet mellom USA og Venezuela har v\u00e6rt anstrengt i over to ti\u00e5r.<\/p>\n<p class=\"_paragraph_o9xde_4 _paragraph_xtcu6_10 layout-component text-serif-m layout-normal text-serif-m layout-padded\">Da Hugo Ch\u00e1vez kom til makten p\u00e5 slutten av 1990-tallet, nasjonaliserte han oljeindustrier i Venezuela og bygget tette b\u00e5nd til Russland og Kina.<\/p>\n<p class=\"_paragraph_o9xde_4 _paragraph_xtcu6_10 layout-component text-serif-m layout-normal text-serif-m layout-padded\">\u2013 Ch\u00e1vez ble en torn i siden til USA, s\u00e6rlig under George W. Bush, forklarer Marsteintredet.<\/p>\n<p><img alt=\"Foto: FEDERICO PARRA \/ AFP \/ NTB\" class=\"_image_qp4xg_65 layout-component layout-normal\" data-fullscreen- data-track-element-type=\"Article image fullscreen\" data-track-name=\"ImageFullscreen\" decoding=\"async\" loading=\"lazy\" height=\"1523\" itemprop=\"image\"  src=\"https:\/\/www.europesays.com\/no\/wp-content\/uploads\/2025\/10\/d0050898-8524-4fa4-82c3-ab3ea6659120\"  style=\"object-position:0% 0%\" width=\"2284\"\/>Foto: FEDERICO PARRA \/ AFP \/ NTB<\/p>\n<p class=\"_paragraph_o9xde_4 _paragraph_xtcu6_10 layout-component text-serif-m layout-normal text-serif-m layout-padded\">\u2013 Siden den gang har forholdet gradvis forverret seg, og under n\u00e5v\u00e6rende president Nicol\u00e1s Maduro, har Venezuela blitt stadig mer autorit\u00e6rt. <\/p>\n<p class=\"_paragraph_o9xde_4 _paragraph_xtcu6_10 layout-component text-serif-m layout-normal text-serif-m layout-padded\">USA har innf\u00f8rt harde \u00f8konomiske sanksjoner, som skulle presse Maduro til \u00e5 trekke seg.<\/p>\n<p class=\"_paragraph_o9xde_4 _paragraph_xtcu6_10 layout-component text-serif-m layout-normal text-serif-m layout-padded\">I stedet har han blitt mer autorit\u00e6r, sanksjonen har bidratt til en \u00f8konomisk kollaps og en massiv migrasjonskrise: nesten ni millioner venezuelanere har forlatt landet.<\/p>\n","protected":false},"excerpt":{"rendered":"USA har sendt krigsskip til Venezuelas kyst og gjennomf\u00f8rt luftoverv\u00e5kning med bombefly. Minst 43 personer har blitt drept&hellip;\n","protected":false},"author":2,"featured_media":72527,"comment_status":"","ping_status":"","sticky":false,"template":"","format":"standard","meta":{"footnotes":""},"categories":[12],"tags":[20,21,55,24,25,15,22,23,972,13,4037,30,28,29,14,16,26,27,50,95,42,43,44,45],"class_list":{"0":"post-72526","1":"post","2":"type-post","3":"status-publish","4":"format-standard","5":"has-post-thumbnail","7":"category-verden","8":"tag-breaking-news","9":"tag-breakingnews","10":"tag-donald-trump","11":"tag-featured-news","12":"tag-featurednews","13":"tag-headlines","14":"tag-latest-news","15":"tag-latestnews","16":"tag-marco-rubio","17":"tag-news","18":"tag-nicolas-maduro","19":"tag-no","20":"tag-norge","21":"tag-norway","22":"tag-nyheter","23":"tag-overskrifter","24":"tag-top-stories","25":"tag-topstories","26":"tag-usa","27":"tag-venezuela","28":"tag-verden","29":"tag-world","30":"tag-world-news","31":"tag-worldnews"},"share_on_mastodon":{"url":"https:\/\/pubeurope.com\/@no\/115453915641259103","error":""},"_links":{"self":[{"href":"https:\/\/www.europesays.com\/no\/wp-json\/wp\/v2\/posts\/72526","targetHints":{"allow":["GET"]}}],"collection":[{"href":"https:\/\/www.europesays.com\/no\/wp-json\/wp\/v2\/posts"}],"about":[{"href":"https:\/\/www.europesays.com\/no\/wp-json\/wp\/v2\/types\/post"}],"author":[{"embeddable":true,"href":"https:\/\/www.europesays.com\/no\/wp-json\/wp\/v2\/users\/2"}],"replies":[{"embeddable":true,"href":"https:\/\/www.europesays.com\/no\/wp-json\/wp\/v2\/comments?post=72526"}],"version-history":[{"count":0,"href":"https:\/\/www.europesays.com\/no\/wp-json\/wp\/v2\/posts\/72526\/revisions"}],"wp:featuredmedia":[{"embeddable":true,"href":"https:\/\/www.europesays.com\/no\/wp-json\/wp\/v2\/media\/72527"}],"wp:attachment":[{"href":"https:\/\/www.europesays.com\/no\/wp-json\/wp\/v2\/media?parent=72526"}],"wp:term":[{"taxonomy":"category","embeddable":true,"href":"https:\/\/www.europesays.com\/no\/wp-json\/wp\/v2\/categories?post=72526"},{"taxonomy":"post_tag","embeddable":true,"href":"https:\/\/www.europesays.com\/no\/wp-json\/wp\/v2\/tags?post=72526"}],"curies":[{"name":"wp","href":"https:\/\/api.w.org\/{rel}","templated":true}]}}