{"id":72539,"date":"2025-10-28T21:36:10","date_gmt":"2025-10-28T21:36:10","guid":{"rendered":"https:\/\/www.europesays.com\/no\/72539\/"},"modified":"2025-10-28T21:36:10","modified_gmt":"2025-10-28T21:36:10","slug":"unge-meninger-uenig-om-abort-ekstrem","status":"publish","type":"post","link":"https:\/\/www.europesays.com\/no\/72539\/","title":{"rendered":"Unge meninger: Uenig om abort? Ekstrem!"},"content":{"rendered":"\n<p class=\"_prefix_nfjwc_1 layout-padded\">Meninger<br \/>Unge meninger<\/p>\n<p class=\"_lead_o9xde_2 _lead_xtcu6_50 layout-component text-serif-m layout-normal text-serif-l _lead_1eue0_21 layout-component layout-normal layout-padded layout-padded\">Vi m\u00e5 slutte \u00e5 late som at alle mener det samme om abort. <\/p>\n<p><img decoding=\"async\" class=\"_image_1pdwo_15\" itemprop=\"image\" loading=\"lazy\"  src=\"https:\/\/www.europesays.com\/no\/wp-content\/uploads\/2025\/10\/00d5827e-0159-4dd4-a39a-c59be83fc8ae\"  width=\"40\"\/><strong>Rania Louhibi<\/strong><\/p>\n<p class=\"_description_1pdwo_10 text-sans-s\">Styremedlem for Foreningen for konservative studenter (FAKS)<\/p>\n<p><img alt=\"KrFu-leder Ingrid Olina Hovland  Foto: Skjermdump\" class=\"_image_qp4xg_65 layout-component layout-wide\" data-fullscreen- data-track-element-type=\"Article image fullscreen\" data-track-name=\"ImageFullscreen\" fetchpriority=\"high\" decoding=\"sync\" loading=\"eager\" height=\"497\" itemprop=\"image\"  src=\"https:\/\/www.europesays.com\/no\/wp-content\/uploads\/2025\/10\/22ae5412-534c-4bf6-8398-c1ff8c4ae755\"  style=\"object-position:50.75757575757576% 34.70824949698189%\" width=\"330\"\/>KrFu-leder Ingrid Olina Hovland  Foto: SkjermdumpTirsdag 28. oktober kl. 20:41     <\/p>\n<p class=\"_paragraph_o9xde_4 _paragraph_xtcu6_10 layout-component text-serif-m layout-normal text-serif-m layout-padded\">Det koker rundt KrFU-leder Ingrid Olina Hovland n\u00e5. <\/p>\n<p class=\"_paragraph_o9xde_4 _paragraph_xtcu6_10 layout-component text-serif-m layout-normal text-serif-m layout-padded\">Hun ble \u00abgrillet\u00bb av Jenny Huse i podkasten \u00abHelt \u00e6rlig\u00bb, og ble presset til \u00e5 svare p\u00e5 om hun var mot abort, ogs\u00e5 ved voldtekt. <\/p>\n<p class=\"_paragraph_o9xde_4 _paragraph_xtcu6_10 layout-component text-serif-m layout-normal text-serif-m layout-padded\">Hun endte p\u00e5 et ja.<\/p>\n<p class=\"_paragraph_o9xde_4 _paragraph_xtcu6_10 layout-component text-serif-m layout-normal text-serif-m layout-padded\">Folk er rasende. Over 20 000 har skrevet under p\u00e5 at de <a href=\"https:\/\/www.vg.no\/nyheter\/i\/xm1WjQ\/mener-krfu-lederen-burde-gaa-av-en-helt-sinnssyk-ting-aa-mene\" data-track-element-type=\"Link\" data-track-id=\"link:xm1WjQ\" class=\"_link_o9xde_39\" rel=\"nofollow noopener\" target=\"_blank\">mener hun b\u00f8r trekke seg<\/a>. Og i <a href=\"https:\/\/www.vg.no\/nyheter\/i\/PpWBmR\/omar-svendsen-yagci-krfu-lederens-uttalelser-er-en-haan-mot-alle-kvinner-som-har-opplevd-voldtekt\" data-track-element-type=\"Link\" data-track-id=\"link:PpWBmR\" class=\"_link_o9xde_39\" rel=\"nofollow noopener\" target=\"_blank\">VG skriver leder i Unge Venstre<\/a> at hun \u00abh\u00e5ner alle kvinner som er utsatt for overgrep\u00bb.<\/p>\n<p class=\"_paragraph_o9xde_4 _paragraph_xtcu6_10 layout-component text-serif-m layout-normal text-serif-m layout-padded\"><strong class=\"_strong_o9xde_25\">Men hvor langt kommer vi ved \u00e5 ford\u00f8mme andres meninger, fordi vi ikke liker dem?<\/strong><\/p>\n<p><img alt=\"Ingrid Olina Hovland, KrFU-leder.  Foto: KrFU \/ Handout \/ NTB\" class=\"_image_qp4xg_65 layout-component layout-normal\" data-fullscreen- data-track-element-type=\"Article image fullscreen\" data-track-name=\"ImageFullscreen\" decoding=\"async\" loading=\"lazy\" height=\"5207\" itemprop=\"image\"  src=\"https:\/\/www.europesays.com\/no\/wp-content\/uploads\/2025\/10\/4f60723c-7004-4c3e-b9b3-13045f2ac450\"  style=\"object-position:48.46666666666667% 33.48377184559247%\" width=\"3750\"\/>Ingrid Olina Hovland, KrFU-leder.  Foto: KrFU \/ Handout \/ NTB<\/p>\n<p class=\"_paragraph_o9xde_4 _paragraph_xtcu6_10 layout-component text-serif-m layout-normal text-serif-m layout-padded\"><strong class=\"_strong_o9xde_25\">Det er faktisk ikke en sjelden mening \u00e5 v\u00e6re imot abort.<\/strong><\/p>\n<p class=\"_paragraph_o9xde_4 _paragraph_xtcu6_10 layout-component text-serif-m layout-normal text-serif-m layout-padded\">Men n\u00e5r venstresiden tar seg retten til \u00e5 eie alle verdisp\u00f8rsm\u00e5l, blir alt som g\u00e5r imot enten kalt ekstremt eller dyttet unna.<\/p>\n<p class=\"_paragraph_o9xde_4 _paragraph_xtcu6_10 layout-component text-serif-m layout-normal text-serif-m layout-padded\">Problemet er bare at ubehagelige meninger ikke forsvinner fordi vi later som de ikke finnes. <\/p>\n<p class=\"_paragraph_o9xde_4 _paragraph_xtcu6_10 layout-component text-serif-m layout-normal text-serif-m layout-padded\">De kommer bare tilbake \u2013 og n\u00e5 gj\u00f8r de det for fullt.<\/p>\n<p class=\"_paragraph_o9xde_4 _paragraph_xtcu6_10 layout-component text-serif-m layout-normal text-serif-m layout-padded\">SVs kvinneutvalg vil ha fri abort til uke 37. En kristenkonservativ vil gjerne mene at menneskeverdet er ukrenkelig, og har et personlig syn mot abort.<\/p>\n<p class=\"_paragraph_o9xde_4 _paragraph_xtcu6_10 layout-component text-serif-m layout-normal text-serif-m layout-padded\"><strong class=\"_strong_o9xde_25\">Jeg sier ikke at jeg er enig eller uenig med Hovland.<\/strong><\/p>\n<p class=\"_paragraph_o9xde_4 _paragraph_xtcu6_10 layout-component text-serif-m layout-normal text-serif-m layout-padded\">Det er vanskelig \u00e5 forst\u00e5 hvordan det f\u00f8les \u00e5 ha opplevd et overgrep. S\u00e5 jeg velger \u00e5 tolke det hun sier med litt raushet.<\/p>\n<p class=\"_paragraph_o9xde_4 _paragraph_xtcu6_10 layout-component text-serif-m layout-normal text-serif-m layout-padded\">Men hun peker likevel p\u00e5 et viktig etisk dilemma. <\/p>\n<p class=\"_paragraph_o9xde_4 _paragraph_xtcu6_10 layout-component text-serif-m layout-normal text-serif-m layout-padded\">For hvis vi lar det forsvinne fra debatten, mister vi ogs\u00e5 muligheten til \u00e5 snakke om det som virkelig st\u00e5r p\u00e5 spill: <\/p>\n<p class=\"_paragraph_o9xde_4 _paragraph_xtcu6_10 layout-component text-serif-m layout-normal text-serif-m layout-padded\"><strong class=\"_strong_o9xde_25\">Hvor g\u00e5r egentlig grensen for menneskeverdet?<\/strong><\/p>\n<p class=\"_paragraph_o9xde_4 _paragraph_xtcu6_10 layout-component text-serif-m layout-normal text-serif-m layout-padded\">Hva hvis en kvinne blir voldtatt og ikke oppdager graviditeten f\u00f8r uke 22 \u2013 n\u00e5r fosteret er levedyktig? <\/p>\n<p class=\"_paragraph_o9xde_4 _paragraph_xtcu6_10 layout-component text-serif-m layout-normal text-serif-m layout-padded\"><strong class=\"_strong_o9xde_25\">Hvem sine rettigheter skal da veie tyngst?<\/strong><\/p>\n<p class=\"_paragraph_o9xde_4 _paragraph_xtcu6_10 layout-component text-serif-m layout-normal text-serif-m layout-padded\">Hovland sier meningene hennes er personlige, ikke partipolitikk. Og jeg mener heller ikke at personlige meninger truer demokratiet.<\/p>\n<p class=\"_paragraph_o9xde_4 _paragraph_xtcu6_10 layout-component text-serif-m layout-normal text-serif-m layout-padded\">Tvert imot \u2013 de bringer vanskelige sp\u00f8rsm\u00e5l tilbake i lyset, og utfordrer den moralske selvsikkerheten som preger mye av dagens debatt.<\/p>\n<p class=\"_paragraph_o9xde_4 _paragraph_xtcu6_10 layout-component text-serif-m layout-normal text-serif-m layout-padded\">N\u00e5r venstresidens verdipolitikk f\u00e5r g\u00e5 sin gang uten motstand, m\u00e5 noen t\u00f8rre \u00e5 v\u00e6re uenige. De stemmene trengs \u2013 som n\u00f8dvendige bremser.<\/p>\n<p class=\"_paragraph_o9xde_4 _paragraph_xtcu6_10 layout-component text-serif-m layout-normal text-serif-m layout-padded\">Enten man liker det eller ikke, m\u00e5 det v\u00e6re plass til flere synspunkter. Ubehaget som f\u00f8lger, er rett og slett prisen for et levende demokrati.<\/p>\n<p class=\"_paragraph_o9xde_4 _paragraph_xtcu6_10 layout-component text-serif-m layout-normal text-serif-m layout-padded\">Det finnes gode meninger. Og d\u00e5rlige. Hva som er hva, m\u00e5 vi nesten f\u00e5 lov til \u00e5 velge selv.<\/p>\n<p class=\"_paragraph_o9xde_4 _paragraph_xtcu6_10 layout-component text-serif-m layout-normal text-serif-m layout-padded\">Se ogs\u00e5 VGs intervju med Hovland:<\/p>\n<p>      Dette er en kronikk. Kronikken gir uttrykk for skribentens holdning. Du kan sende inn kronikker og debattinnlegg til <a class=\"_link_jv5ak_10\" href=\"https:\/\/www.vg.no\/nyheter\/i\/JbKg68\/mailto:debatt@vg.no\" rel=\"nofollow noopener\" target=\"_blank\">debatt@vg.no<\/a>. Unge meninger-prosjektet er finansiert med st\u00f8tte av Stiftelsen Tinius. <a class=\"_link_jv5ak_10\" href=\"https:\/\/www.vg.no\/informasjon\/redaksjonelle-avgjorelser\/240\" rel=\"nofollow noopener\" target=\"_blank\">Les mer<\/a>. <\/p>\n","protected":false},"excerpt":{"rendered":"MeningerUnge meninger Vi m\u00e5 slutte \u00e5 late som at alle mener det samme om abort. Rania Louhibi Styremedlem&hellip;\n","protected":false},"author":2,"featured_media":72540,"comment_status":"","ping_status":"","sticky":false,"template":"","format":"standard","meta":{"footnotes":""},"categories":[5],"tags":[20,21,24,25,15,19,22,23,17,18,13,30,28,29,14,16,26,27,103],"class_list":{"0":"post-72539","1":"post","2":"type-post","3":"status-publish","4":"format-standard","5":"has-post-thumbnail","7":"category-overskrifter","8":"tag-breaking-news","9":"tag-breakingnews","10":"tag-featured-news","11":"tag-featurednews","12":"tag-headlines","13":"tag-hovedoppslag","14":"tag-latest-news","15":"tag-latestnews","16":"tag-main-news","17":"tag-mainnews","18":"tag-news","19":"tag-no","20":"tag-norge","21":"tag-norway","22":"tag-nyheter","23":"tag-overskrifter","24":"tag-top-stories","25":"tag-topstories","26":"tag-vgmeninger"},"share_on_mastodon":{"url":"https:\/\/pubeurope.com\/@no\/115453950926165654","error":""},"_links":{"self":[{"href":"https:\/\/www.europesays.com\/no\/wp-json\/wp\/v2\/posts\/72539","targetHints":{"allow":["GET"]}}],"collection":[{"href":"https:\/\/www.europesays.com\/no\/wp-json\/wp\/v2\/posts"}],"about":[{"href":"https:\/\/www.europesays.com\/no\/wp-json\/wp\/v2\/types\/post"}],"author":[{"embeddable":true,"href":"https:\/\/www.europesays.com\/no\/wp-json\/wp\/v2\/users\/2"}],"replies":[{"embeddable":true,"href":"https:\/\/www.europesays.com\/no\/wp-json\/wp\/v2\/comments?post=72539"}],"version-history":[{"count":0,"href":"https:\/\/www.europesays.com\/no\/wp-json\/wp\/v2\/posts\/72539\/revisions"}],"wp:featuredmedia":[{"embeddable":true,"href":"https:\/\/www.europesays.com\/no\/wp-json\/wp\/v2\/media\/72540"}],"wp:attachment":[{"href":"https:\/\/www.europesays.com\/no\/wp-json\/wp\/v2\/media?parent=72539"}],"wp:term":[{"taxonomy":"category","embeddable":true,"href":"https:\/\/www.europesays.com\/no\/wp-json\/wp\/v2\/categories?post=72539"},{"taxonomy":"post_tag","embeddable":true,"href":"https:\/\/www.europesays.com\/no\/wp-json\/wp\/v2\/tags?post=72539"}],"curies":[{"name":"wp","href":"https:\/\/api.w.org\/{rel}","templated":true}]}}