{"id":72549,"date":"2025-10-28T21:45:31","date_gmt":"2025-10-28T21:45:31","guid":{"rendered":"https:\/\/www.europesays.com\/no\/72549\/"},"modified":"2025-10-28T21:45:31","modified_gmt":"2025-10-28T21:45:31","slug":"josh-hartnett-spiller-hovedrollen-i-ny-film-med-tommy-wirkola-som-regissor-nrk-troms-og-finnmark","status":"publish","type":"post","link":"https:\/\/www.europesays.com\/no\/72549\/","title":{"rendered":"Josh Hartnett spiller hovedrollen i ny film med Tommy Wirkola som regiss\u00f8r \u2013 NRK Troms og Finnmark"},"content":{"rendered":"<p>Den kjente skuespilleren Josh Hartnett skal spille hovedrollen i og produsere actionthrilleren \u00abAll Day &amp; All Night\u00bb.<\/p>\n<p>Filmen, som skal regisseres av Tommy Wirkola fra Alta, skal spilles inn i l\u00f8pet av 2026.<\/p>\n<p>Manuset til filmen er skrevet av Wirkola sammen John Niven.<\/p>\n<p>Det melder<a href=\"https:\/\/deadline.com\/2025\/10\/josh-hartnett-tommy-wirkola-all-day-all-night-xyz-1236598200\/\" ec-id=\"https:\/\/deadline.com\/2025\/10\/josh-hartnett-tommy-wirkola-all-day-all-night-xyz-1236598200\/\" ec-name=\"deadline.no\" rel=\"nofollow noopener\" target=\"_blank\"> deadline.no<\/a>.<\/p>\n<p>\u2013 Jeg har v\u00e6rt en fan av Josh Hartnetts arbeid s\u00e5 lenge jeg kan huske, og jeg gleder meg til \u00e5 lage \u00abAll Day &amp; All Night\u00bb med ham, sier Wirkola.<\/p>\n<p>Skuespilleren Josh Harnett er kjent fra filmer som \u00abThe Trap\u00bb, \u00abOppenheimer\u00bb, \u00abThe Virgin Suicides\u00bb, \u00abPearl Harbor\u00bb, \u00abBlack Hawk Down\u00bb og \u00ab40 Days and 40 Nights\u00bb.<\/p>\n<p>I det som omtales som en actionfilm skal Hartnett spille en tidligere bankraner, som vender tilbake til et liv i kriminalitet n\u00e5r datteren kommer inn ved Harvard og han m\u00e5 skaffe skolepenger. N\u00e5r ranet g\u00e5r fryktelig galt, havner ransgjengen ved et uhell inn p\u00e5 settet til et mislykket realityprogram \u2013 og han m\u00e5 holde seg p\u00e5 lufta lenge nok til \u00e5 finne en fluktplan.<\/p>\n<p><img decoding=\"async\"   src=\"data:image\/gif;base64,R0lGODlhAQABAIAAAAAAAP\/\/\/yH5BAEAAAAALAAAAAABAAEAAAIBRAA7\" loading=\"eager\" alt=\"Tommy Wirkola hjemme p\u00e5 sommerferie i Alta. \" title=\"Foto: Gyda Katrine Hesla\"\/><\/p>\n<p class=\"\">Alta-regiss\u00f8ren Tommy Wirkola har hatt flere prosjektet de siste \u00e5rene. N\u00e5 er han klar for innspillingen av en ny film med nye store navn i Hollywood p\u00e5 rollelisten.<\/p>\n<p>Foto: Gyda Katrine Hesla<\/p>\n<p>Jobbet sammen tidligere<\/p>\n<p>Det er produksjonsselskapet XYZ Films skal produsere filmen. De har tidligere jobbet sammen med regiss\u00f8ren fra Alta i \u00abD\u00f8d sn\u00f8 2\u00bb.<\/p>\n<p>Det siste prosjektet var Wirkola jobbet sammen med dem var den engelsk nyinnspilling av hans norske 2021-film <a href=\"https:\/\/www.nrk.no\/filmpolitiet\/anmeldelse_-_i-onde-dager_-1.17228916\" ec-id=\"pp:article:1.17228916\" ec-name=\"\u00abI Onde Dager\u00bb\" rel=\"nofollow noopener\" target=\"_blank\">\u00abI Onde Dager\u00bb<\/a>. Den skal hete \u00abOver Your Dead Body\u00bb og slippes ogs\u00e5 i 2026.<\/p>\n<p>\u2013 Tommy bringer en unik visjon til alt han skaper, og vi er begeistret over \u00e5 samarbeide med ham igjen for \u00e5 snu en annen sjangerkonstruksjon p\u00e5 hodet. Josh er et ikon og var den f\u00f8rste skuespilleren Tommy og XYZ kontaktet med prosjektet. Sammen har vi satt sammen dr\u00f8mmeteamet for \u00e5 bringe denne filmen til live, sier Guy Danella i XYZ.<\/p>\n<p>To kinopremierer<\/p>\n<p>I l\u00f8pet av 2026 er regiss\u00f8ren fra Alta premiereklar med to filmer. Det er \u00abShiver\u00bb. Filmen med \u00ab<a href=\"https:\/\/www.nrk.no\/kultur\/tommy-wirkola-skal-regissere-haifilm_-angivelig-med-_bridgerton_-stjerne-phoebe-dynevor-1.16881872\" ec-id=\"pp:article:1.16881872\" ec-name=\"Bridgerton\u00bb-stjernen Phoebe Dynevor\" rel=\"nofollow noopener\" target=\"_blank\">Bridgerton\u00bb-stjernen Phoebe Dynevor<\/a> i hovedrollen har premiere 3. juli.<\/p>\n<p>Neste jul er det <a href=\"https:\/\/www.nrk.no\/tromsogfinnmark\/kristen-bell-og-daniela-melchior-skal-spille-i-wirkola-film-1.17547388\" ec-id=\"pp:article:1.17547388\" ec-name=\"oppf\u00f8lgeren p\u00e5 \u00abViolent Night\u00bb\" rel=\"nofollow noopener\" target=\"_blank\">oppf\u00f8lgeren p\u00e5 \u00abViolent Night\u00bb<\/a> som skal vises p\u00e5 det store lerretet. Julefilmen med David Harbour i hovedrollen har premiere i desember 2026.<\/p>\n<p>Regiss\u00f8r Tommy Wirkola sin <a href=\"https:\/\/www.nrk.no\/tromsogfinnmark\/wirkola-film-blant-de-mest-sette-pa-streamingtjeneste-1.17571357\" ec-id=\"pp:article:1.17571357\" ec-name=\"f\u00f8rste Hollywood-produksjon\" rel=\"nofollow noopener\" target=\"_blank\">f\u00f8rste Hollywood-produksjon <\/a>\u00abHansel &amp; Gretel: Witch Hunters\u00bb har f\u00e5tt et nytt liv i 2025 etter at den ble sluppet p\u00e5 ulike streamingtjenester.<\/p>\n<p>Publisert<\/p>\n<p>28.10.2025, kl. 11.48<\/p>\n<p>Oppdatert<\/p>\n<p>28.10.2025, kl. 12.13<\/p>\n","protected":false},"excerpt":{"rendered":"Den kjente skuespilleren Josh Hartnett skal spille hovedrollen i og produsere actionthrilleren \u00abAll Day &amp; All Night\u00bb. Filmen,&hellip;\n","protected":false},"author":2,"featured_media":72550,"comment_status":"","ping_status":"","sticky":false,"template":"","format":"standard","meta":{"footnotes":""},"categories":[58],"tags":[71,30,28,29,72],"class_list":{"0":"post-72549","1":"post","2":"type-post","3":"status-publish","4":"format-standard","5":"has-post-thumbnail","7":"category-underholdning","8":"tag-entertainment","9":"tag-no","10":"tag-norge","11":"tag-norway","12":"tag-underholdning"},"share_on_mastodon":{"url":"https:\/\/pubeurope.com\/@no\/115453986319084744","error":""},"_links":{"self":[{"href":"https:\/\/www.europesays.com\/no\/wp-json\/wp\/v2\/posts\/72549","targetHints":{"allow":["GET"]}}],"collection":[{"href":"https:\/\/www.europesays.com\/no\/wp-json\/wp\/v2\/posts"}],"about":[{"href":"https:\/\/www.europesays.com\/no\/wp-json\/wp\/v2\/types\/post"}],"author":[{"embeddable":true,"href":"https:\/\/www.europesays.com\/no\/wp-json\/wp\/v2\/users\/2"}],"replies":[{"embeddable":true,"href":"https:\/\/www.europesays.com\/no\/wp-json\/wp\/v2\/comments?post=72549"}],"version-history":[{"count":0,"href":"https:\/\/www.europesays.com\/no\/wp-json\/wp\/v2\/posts\/72549\/revisions"}],"wp:featuredmedia":[{"embeddable":true,"href":"https:\/\/www.europesays.com\/no\/wp-json\/wp\/v2\/media\/72550"}],"wp:attachment":[{"href":"https:\/\/www.europesays.com\/no\/wp-json\/wp\/v2\/media?parent=72549"}],"wp:term":[{"taxonomy":"category","embeddable":true,"href":"https:\/\/www.europesays.com\/no\/wp-json\/wp\/v2\/categories?post=72549"},{"taxonomy":"post_tag","embeddable":true,"href":"https:\/\/www.europesays.com\/no\/wp-json\/wp\/v2\/tags?post=72549"}],"curies":[{"name":"wp","href":"https:\/\/api.w.org\/{rel}","templated":true}]}}