{"id":72555,"date":"2025-10-28T21:52:17","date_gmt":"2025-10-28T21:52:17","guid":{"rendered":"https:\/\/www.europesays.com\/no\/72555\/"},"modified":"2025-10-28T21:52:17","modified_gmt":"2025-10-28T21:52:17","slug":"nora-morks-passproblemer-lost-ingen-hindring-for-vm-deltakelse","status":"publish","type":"post","link":"https:\/\/www.europesays.com\/no\/72555\/","title":{"rendered":"Nora M\u00f8rks passproblemer l\u00f8st: Ingen hindring for VM-deltakelse"},"content":{"rendered":"<p>  Nora M\u00f8rks passproblemer er l\u00f8st, og dermed ligger veien \u00e5pen for VM-deltakelse i Tyskland og Nederland.<\/p>\n<p>\n    Nora M\u00f8rks datter har f\u00e5tt pass, og dermed er hindringen for VM-deltakelse ryddet av veien. Foto: Trond R. Teigen \/ NTB\n  <\/p>\n<p>Det bekrefter hennes kj\u00e6reste Jerry Tollbring overfor\u00a0<a href=\"https:\/\/www.aftonbladet.se\/sportbladet\/a\/63p01O\/norges-nora-mork-ger-klartecken-till-vm\" target=\"_blank\" rel=\"nofollow noopener\">Aftonbladet<\/a>. Han intervjues i anledning av at han gj\u00f8r svensk landslagscomeback etter fem \u00e5r.<\/p>\n<p>    <a itemprop=\"url\" href=\"https:\/\/sol.no\/video\/foreldrene-slaktes-sjokkerende\/nolHZmQ8\" rel=\"nofollow noopener\" target=\"_blank\"><\/p>\n<p>      <img loading=\"lazy\" decoding=\"async\" src=\"https:\/\/www.europesays.com\/no\/wp-content\/uploads\/2025\/10\/83778627.webp\" width=\"980\" height=\"441\" title=\"Foreldrene slaktes: - Sjokkerende!\" alt=\"\" class=\"lazyload\" style=\"--aspect-ratio-image: 2.22; \"\/><\/p>\n<p>        Foreldrene slaktes: &#8211; Sjokkerende!<\/p>\n<p>sol.no<\/p>\n<p>    <\/a><\/p>\n<p>\u2013 Vi hentet Tyras pass i dag, s\u00e5 n\u00e5 har vi det, sier han.<\/p>\n<p>M\u00f8rk fortalte for noen uker siden at hennes VM-deltakelse var i fare fordi det var problemer med \u00e5 f\u00e5 pass til datteren p\u00e5 seks m\u00e5neder. Hun ville ikke reise p\u00e5 et langt sluttspill uten henne.<\/p>\n<p>Tollbring er av landslagssjef Michael Apegren hentet inn i Sveriges landslag. Hans forrige landskamp var i EM p\u00e5 hjemmebane i 2020.<\/p>\n","protected":false},"excerpt":{"rendered":"Nora M\u00f8rks passproblemer er l\u00f8st, og dermed ligger veien \u00e5pen for VM-deltakelse i Tyskland og Nederland. Nora M\u00f8rks&hellip;\n","protected":false},"author":2,"featured_media":72556,"comment_status":"","ping_status":"","sticky":false,"template":"","format":"standard","meta":{"footnotes":""},"categories":[59],"tags":[105,30,1529,28,29,14,83,82],"class_list":{"0":"post-72555","1":"post","2":"type-post","3":"status-publish","4":"format-standard","5":"has-post-thumbnail","7":"category-sport","8":"tag-handball","9":"tag-no","10":"tag-nora-mork","11":"tag-norge","12":"tag-norway","13":"tag-nyheter","14":"tag-sport","15":"tag-sports"},"share_on_mastodon":{"url":"https:\/\/pubeurope.com\/@no\/115454014044416238","error":""},"_links":{"self":[{"href":"https:\/\/www.europesays.com\/no\/wp-json\/wp\/v2\/posts\/72555","targetHints":{"allow":["GET"]}}],"collection":[{"href":"https:\/\/www.europesays.com\/no\/wp-json\/wp\/v2\/posts"}],"about":[{"href":"https:\/\/www.europesays.com\/no\/wp-json\/wp\/v2\/types\/post"}],"author":[{"embeddable":true,"href":"https:\/\/www.europesays.com\/no\/wp-json\/wp\/v2\/users\/2"}],"replies":[{"embeddable":true,"href":"https:\/\/www.europesays.com\/no\/wp-json\/wp\/v2\/comments?post=72555"}],"version-history":[{"count":0,"href":"https:\/\/www.europesays.com\/no\/wp-json\/wp\/v2\/posts\/72555\/revisions"}],"wp:featuredmedia":[{"embeddable":true,"href":"https:\/\/www.europesays.com\/no\/wp-json\/wp\/v2\/media\/72556"}],"wp:attachment":[{"href":"https:\/\/www.europesays.com\/no\/wp-json\/wp\/v2\/media?parent=72555"}],"wp:term":[{"taxonomy":"category","embeddable":true,"href":"https:\/\/www.europesays.com\/no\/wp-json\/wp\/v2\/categories?post=72555"},{"taxonomy":"post_tag","embeddable":true,"href":"https:\/\/www.europesays.com\/no\/wp-json\/wp\/v2\/tags?post=72555"}],"curies":[{"name":"wp","href":"https:\/\/api.w.org\/{rel}","templated":true}]}}