{"id":72557,"date":"2025-10-28T21:53:10","date_gmt":"2025-10-28T21:53:10","guid":{"rendered":"https:\/\/www.europesays.com\/no\/72557\/"},"modified":"2025-10-28T21:53:10","modified_gmt":"2025-10-28T21:53:10","slug":"anna-anka-sverige-anna-anka-ble-nektet-foreldre-reagerte","status":"publish","type":"post","link":"https:\/\/www.europesays.com\/no\/72557\/","title":{"rendered":"Anna anka, Sverige | Anna Anka ble nektet: Foreldre reagerte"},"content":{"rendered":"\n<p>Anna Anka (54) har med jevne mellomrom skapt overskrifter etter at hun for alvor gjorde inntog i offentligheten i 2009 med serien \u00abSvenske hollywoodfruer\u00bb. N\u00e5 skaper ekskona til artisten Paul Anka (skilt i 2010) p\u00e5 ny reaksjoner i Sverige.<\/p>\n<p>I forbindelse med et nytt TV-program, kalt \u00abSemester med Garplind\u00bb, med radioprofilen Christopher Garplind, skulle det arrangeres en fest for \u00e5 hylle Anka i Trollh\u00e4ttan. Det skulle v\u00e6re en overraskelsesfest i bandyarenaen Sl\u00e4ttbergshallen.<\/p>\n<p>\u2013 Kom gjerne og vis at hun ikke er s\u00e5 hatet i Sverige som hun selv tror, var Garplinds invitasjon til folk.<\/p>\n<p>Anka-stunt skapte reaksjoner blant foreldrene<\/p>\n<p>Det skulle imidlertid vise seg at den tidligere hollywoodfruen ikke er s\u00e5 veldig \u00f8nsket, likevel.<\/p>\n<p><b>Les ogs\u00e5: <a href=\"https:\/\/www.nettavisen.no\/sport\/brutal-solskjar-beskjed-i-tyrkia\/s\/5-95-2695865\" rel=\"Follow nofollow noopener\" target=\"_blank\">Brutal Ole Gunnar Solskj\u00e6r-beskjed i Tyrkia <\/a><\/b><\/p>\n<p>Etter at invitasjonen til festen ble lagt ut, kom det if\u00f8lge <a href=\"https:\/\/www.expressen.se\/sport\/bandy-1\/anna-anka-stoppades-fran-hyllningsfest-i-trollhattan\/\" rel=\"Follow nofollow noopener\" target=\"_blank\">Expressen<\/a> en rekke reaksjoner. B\u00e5de sponsorer og urolige foreldre tilknyttet bandyklubben Gripen skal nemlig ha tatt kontakt for \u00e5 gi uttrykk for bekymring i forbindelse med arrangementet.<\/p>\n<p>Det er klubben Gripen som holder til i arenaen der overraskelsen skulle finne sted.<\/p>\n<p>\u2013 Du vil ikke forbindes med Anna Anka, sier supporterleder Paul T\u00f6ssberg til <a href=\"https:\/\/www.sverigesradio.se\/artikel\/efter-protester-anna-anka-fick-inte-komma-in-i-slattbergshallen\" rel=\"Follow nofollow noopener\" target=\"_blank\">P4 V\u00e4st<\/a>.<\/p>\n<p>   <img decoding=\"async\" width=\"3807\" height=\"2310\" fetchpriority=\"low\"  loading=\"lazy\"  src=\"https:\/\/www.europesays.com\/no\/wp-content\/uploads\/2025\/10\/NTB_QeA1arjISw8.jpg\" alt=\"Et bilde av Anna Anka\" class=\"brick-c-cFOWSL\" style=\"--brick-image-ratio: 3807 \/ 2310;\"\/><\/p>\n<p>      DANSE-ANKA: Anna Anka deltok i det popul\u00e6re programmet \u00abSkal vi danse\u00bb i Norge i 2011.<br \/>\n      Foto: Fredrik Varfjell (NTB)\n    <\/p>\n<p>I stedet m\u00e5tte hele arrangementet, som alts\u00e5 er i forbindelse med en TV-innspilling, flyttes til en annen hall i n\u00e6rheten.<\/p>\n<p>Den aktuelle hallen som n\u00e5 skal gjeste Anka, tilh\u00f8rer ishockeyklubben og sk\u00f8yteklubben i byen.<\/p>\n<p>\u2013 Sk\u00f8yteklubben stiller opp og l\u00e5ner ut b\u00e5de tribune og plass p\u00e5 isen, forklarer supporterlederen.<\/p>\n<p><b>Les ogs\u00e5: <a href=\"https:\/\/www.nettavisen.no\/sport\/oyvind-alsaker-refser-liverpool-stjerne-helt-sjokkerende\/s\/5-95-2694321\" rel=\"Follow nofollow noopener\" target=\"_blank\">TV 2-profil hamrer l\u00f8s mot Liverpool: \u2013 Helt sjokkerende<\/a><\/b><\/p>\n<p>Fikk kritikk i Norge etter Skavlan-intervju<\/p>\n<p>54 \u00e5r gamle Anka omtales som b\u00e5de fotomodell og skuespiller. I l\u00f8pet av en rekke opptredener p\u00e5 TV de siste \u00e5rene, har hun imidlertid kommet med uttalelser som har f\u00f8rt til kritikk, noe som gj\u00f8r at hun ansees som en kontroversiell person i Sverige.<\/p>\n<p>I Norge har Anna Anka gjort seg bemerket med deltakelsen i TV 2-programmet \u00abSkal vi danse\u00bb. tilbake i 2011.<\/p>\n<p>I 2009 deltok hun ogs\u00e5 p\u00e5 Fredrik Skavlans talkshow \u00abSkavlan\u00bb. Opptredenen der f\u00f8rte til b\u00e5de kritikk og medieoppslag.<\/p>\n<p>Blant annet skapte uttalelser om likestilling reaksjoner. Anka mente det var kvinnens jobb \u00e5 tilfredsstille mannen.<\/p>\n","protected":false},"excerpt":{"rendered":"Anna Anka (54) har med jevne mellomrom skapt overskrifter etter at hun for alvor gjorde inntog i offentligheten&hellip;\n","protected":false},"author":2,"featured_media":72558,"comment_status":"","ping_status":"","sticky":false,"template":"","format":"standard","meta":{"footnotes":""},"categories":[58],"tags":[71,30,28,29,72],"class_list":{"0":"post-72557","1":"post","2":"type-post","3":"status-publish","4":"format-standard","5":"has-post-thumbnail","7":"category-underholdning","8":"tag-entertainment","9":"tag-no","10":"tag-norge","11":"tag-norway","12":"tag-underholdning"},"share_on_mastodon":{"url":"https:\/\/pubeurope.com\/@no\/115454017830610167","error":""},"_links":{"self":[{"href":"https:\/\/www.europesays.com\/no\/wp-json\/wp\/v2\/posts\/72557","targetHints":{"allow":["GET"]}}],"collection":[{"href":"https:\/\/www.europesays.com\/no\/wp-json\/wp\/v2\/posts"}],"about":[{"href":"https:\/\/www.europesays.com\/no\/wp-json\/wp\/v2\/types\/post"}],"author":[{"embeddable":true,"href":"https:\/\/www.europesays.com\/no\/wp-json\/wp\/v2\/users\/2"}],"replies":[{"embeddable":true,"href":"https:\/\/www.europesays.com\/no\/wp-json\/wp\/v2\/comments?post=72557"}],"version-history":[{"count":0,"href":"https:\/\/www.europesays.com\/no\/wp-json\/wp\/v2\/posts\/72557\/revisions"}],"wp:featuredmedia":[{"embeddable":true,"href":"https:\/\/www.europesays.com\/no\/wp-json\/wp\/v2\/media\/72558"}],"wp:attachment":[{"href":"https:\/\/www.europesays.com\/no\/wp-json\/wp\/v2\/media?parent=72557"}],"wp:term":[{"taxonomy":"category","embeddable":true,"href":"https:\/\/www.europesays.com\/no\/wp-json\/wp\/v2\/categories?post=72557"},{"taxonomy":"post_tag","embeddable":true,"href":"https:\/\/www.europesays.com\/no\/wp-json\/wp\/v2\/tags?post=72557"}],"curies":[{"name":"wp","href":"https:\/\/api.w.org\/{rel}","templated":true}]}}