{"id":72560,"date":"2025-10-28T22:01:16","date_gmt":"2025-10-28T22:01:16","guid":{"rendered":"https:\/\/www.europesays.com\/no\/72560\/"},"modified":"2025-10-28T22:01:16","modified_gmt":"2025-10-28T22:01:16","slug":"hoiby-boka-i-retten-4-november","status":"publish","type":"post","link":"https:\/\/www.europesays.com\/no\/72560\/","title":{"rendered":"H\u00f8iby-boka i retten 4. november\u00a0"},"content":{"rendered":"\n<p class=\"_lead_o9xde_2 _lead_xtcu6_50 layout-component text-serif-m layout-normal text-serif-l layout-component layout-wide layout-padded _wide_17hqh_1 layout-padded\">Rettsm\u00f8tet mellom Aschehoug og Marius Borg H\u00f8iby blir allerede i neste uke. <\/p>\n<p><img alt=\"Marius H\u00f8ibys forsvarere, Petar Sekulic og Ellen Holager Anden\u00e6s. Foto: J\u00f8rgen Braastad \/ VG\" class=\"_image_qp4xg_65 layout-component layout-wide\" data-fullscreen- data-track-element-type=\"Article image fullscreen\" data-track-name=\"ImageFullscreen\" fetchpriority=\"high\" decoding=\"sync\" loading=\"eager\" height=\"1668\" itemprop=\"image\"  src=\"https:\/\/www.europesays.com\/no\/wp-content\/uploads\/2025\/10\/dac606ac-a19a-4da3-a3f5-099eed02e104\"  style=\"object-position:0% 0%\" width=\"2500\"\/>Marius H\u00f8ibys forsvarere, Petar Sekulic og Ellen Holager Anden\u00e6s. Foto: J\u00f8rgen Braastad \/ VG<\/p>\n<ul aria-hidden=\"true\" class=\"_images_18f0k_111\">\n<li><a class=\"_link_18f0k_116\" href=\"https:\/\/www.vg.no\/forfatter\/camilla-norli\" style=\"z-index:1\" title=\"Camilla Norli\" rel=\"nofollow noopener\" target=\"_blank\"><img alt=\"Bilde av Camilla Norli\" class=\"_image_18f0k_93\" fetchpriority=\"low\" loading=\"lazy\" decoding=\"async\" itemprop=\"image\"  src=\"https:\/\/www.europesays.com\/no\/wp-content\/uploads\/2025\/10\/1761688875_931_722f4960-2325-48e8-ba97-62396728c076\"  width=\"480\"\/><\/a><\/li>\n<\/ul>\n<p> Oppdatert tirsdag 28. oktober kl. 12:20     <\/p>\n<p class=\"_paragraph_o9xde_4 _paragraph_xtcu6_10 layout-component text-serif-m layout-normal text-serif-m layout-padded\">Bokutgivelsen og krangelen rundt \u00abHvite striper, sorte f\u00e5r\u00bb havner n\u00e5 i retten.<\/p>\n<p class=\"_paragraph_o9xde_4 _paragraph_xtcu6_10 layout-component text-serif-m layout-normal text-serif-m layout-padded\">Datoen for rettsm\u00f8tet blir 4. november. Det kommer frem i berammingen til Oslo tingrett.<\/p>\n<p class=\"_paragraph_o9xde_4 _paragraph_xtcu6_10 layout-component text-serif-m layout-normal text-serif-m layout-padded\">Det har stormet rundt boken \u00abHvite striper, sorte f\u00e5r\u00bb som ble sluppet i forrige uke. B\u00e5de H\u00f8ibys forsvarere og Kongehuset har v\u00e6rt kritiske til<a href=\"https:\/\/www.vg.no\/rampelys\/i\/8q3QRQ\/hoeibys-forsvarere-hardt-ut-mot-ny-bok\" data-track-element-type=\"Link\" data-track-id=\"link:8q3QRQ\" class=\"_link_o9xde_39\" rel=\"nofollow noopener\" target=\"_blank\"> deler av innholdet <\/a>i boken, og fredag sendte H\u00f8ibys forsvarere en begj\u00e6ring om midlertidig forf\u00f8yningmidlertidig forf\u00f8yningEn rettslig prosess hvor en part ber om en midlertidig rettsavgj\u00f8relse for \u00e5 forhindre skade eller tap mens en sak er under behandling. til retten med p\u00e5stand om \u00e5 stoppe boken.<\/p>\n<p class=\"_paragraph_o9xde_4 _paragraph_xtcu6_10 layout-component text-serif-m layout-normal text-serif-m layout-padded\"><strong class=\"_strong_o9xde_25\">\u2013 Vi gj\u00f8r dette grunnet forlagets manglende vilje til \u00e5 korrigere faktafeil, sa forsvarer Petar Sekulic til VG.<\/strong><\/p>\n<p class=\"_paragraph_o9xde_4 _paragraph_xtcu6_10 layout-component text-serif-m layout-normal text-serif-m layout-padded\">Mandag morgen sendte <a href=\"https:\/\/www.vg.no\/tag\/aschehoug?utm_source=vg-article&amp;utm_medium=auto-tagger&amp;utm_campaign=zAWPv5\" class=\"_link_o9xde_39\" rel=\"nofollow noopener\" target=\"_blank\">Aschehoug<\/a> forlag sitt tilsvar til Oslo tingrett &#8211; og forlagssjef for sakprosa, Live Fedog Thorsen, uttalte til VG at de er klare for \u00e5 m\u00f8te motparten:<\/p>\n<p><img decoding=\"async\" alt=\"Bilde av Forlagssjef for sakprosa i Aschehoug, Live Fedog Thorsen\" class=\"_image_ygndg_42\" height=\"45\" itemprop=\"image\" loading=\"lazy\"  src=\"https:\/\/www.europesays.com\/no\/wp-content\/uploads\/2025\/10\/71898745-993a-43ca-9d07-4e0c6ecc5f01\"  width=\"40\"\/><strong class=\"_name_ygndg_51 title-serif-xs\">Forlagssjef for sakprosa i Aschehoug, Live Fedog Thorsen<\/strong><\/p>\n<p class=\"_paragraph_o9xde_4 _paragraph_xtcu6_10 layout-component text-serif-m layout-normal text-serif-m layout-padded\"><strong class=\"_strong_o9xde_25\">\u2013 \u00c5 fors\u00f8ke \u00e5 kneble en slik utgivelse er dypt problematisk, sa hun til VG.<\/strong><\/p>\n<p class=\"_paragraph_o9xde_4 _paragraph_xtcu6_10 layout-component text-serif-m layout-normal text-serif-m layout-padded\">Forlaget bestrider kravet til H\u00f8ibys advokater om \u00e5 stoppe boken. <\/p>\n<p class=\"_paragraph_o9xde_4 _paragraph_xtcu6_10 layout-component text-serif-m layout-normal text-serif-m layout-padded\">I begj\u00e6ringen fra H\u00f8iby om \u00e5 stoppe boken, heter det at \u00abkravet som ligger til grunn for begj\u00e6ringen er basert p\u00e5 at det i boken \u00abHvite striper, sorte f\u00e5r\u00bb fremsettes rettsstridige \u00e6rekrenkende og\/eller privatlivskrenkende utsagn om H\u00f8iby. <\/p>\n<p class=\"_paragraph_o9xde_4 _paragraph_xtcu6_10 layout-component text-serif-m layout-normal text-serif-m layout-padded\"><strong class=\"_strong_o9xde_25\">Det blir blant annet oppgitt tre hovedgrunner til at forsvarerne vil at boken skal bli trukket fra markedet:<\/strong><\/p>\n<ul class=\"_list_o9xde_3 _list_xtcu6_9 _unordered_o9xde_106 layout-component text-serif-m layout-normal text-serif-m layout-padded\">\n<li class=\"_item_o9xde_30\">Selve forsiden av boken.<\/li>\n<li class=\"_item_o9xde_30\">Omtale av salg av kokain p\u00e5 Karl Johan<\/li>\n<li class=\"_item_o9xde_30\">Omtale av vinkjelleren og tyveri av s\u00f8lvt\u00f8y p\u00e5 Skaugum<\/li>\n<\/ul>\n<p class=\"_paragraph_o9xde_4 _paragraph_xtcu6_10 layout-component text-serif-m layout-normal text-serif-m layout-padded\"><strong class=\"_strong_o9xde_25\">Les mer om dette i denne saken:<\/strong> <a href=\"https:\/\/www.vg.no\/rampelys\/i\/W09XxQ\/klare-for-rettsmoete-om-hoeiby-boka-hvite-striper-sorte-faar\" data-track-element-type=\"Link\" data-track-id=\"link:W09XxQ\" class=\"_link_o9xde_39\" rel=\"nofollow noopener\" target=\"_blank\">Derfor vil de stoppe boken<\/a><\/p>\n","protected":false},"excerpt":{"rendered":"Rettsm\u00f8tet mellom Aschehoug og Marius Borg H\u00f8iby blir allerede i neste uke. Marius H\u00f8ibys forsvarere, Petar Sekulic og&hellip;\n","protected":false},"author":2,"featured_media":72561,"comment_status":"","ping_status":"","sticky":false,"template":"","format":"standard","meta":{"footnotes":""},"categories":[10],"tags":[8441,150,20,21,24,25,15,22,23,400,13,30,28,29,14,16,26,27],"class_list":{"0":"post-72560","1":"post","2":"type-post","3":"status-publish","4":"format-standard","5":"has-post-thumbnail","7":"category-norge","8":"tag-aschehoug","9":"tag-bok","10":"tag-breaking-news","11":"tag-breakingnews","12":"tag-featured-news","13":"tag-featurednews","14":"tag-headlines","15":"tag-latest-news","16":"tag-latestnews","17":"tag-marius-borg-hoiby","18":"tag-news","19":"tag-no","20":"tag-norge","21":"tag-norway","22":"tag-nyheter","23":"tag-overskrifter","24":"tag-top-stories","25":"tag-topstories"},"share_on_mastodon":{"url":"https:\/\/pubeurope.com\/@no\/115454049343729968","error":""},"_links":{"self":[{"href":"https:\/\/www.europesays.com\/no\/wp-json\/wp\/v2\/posts\/72560","targetHints":{"allow":["GET"]}}],"collection":[{"href":"https:\/\/www.europesays.com\/no\/wp-json\/wp\/v2\/posts"}],"about":[{"href":"https:\/\/www.europesays.com\/no\/wp-json\/wp\/v2\/types\/post"}],"author":[{"embeddable":true,"href":"https:\/\/www.europesays.com\/no\/wp-json\/wp\/v2\/users\/2"}],"replies":[{"embeddable":true,"href":"https:\/\/www.europesays.com\/no\/wp-json\/wp\/v2\/comments?post=72560"}],"version-history":[{"count":0,"href":"https:\/\/www.europesays.com\/no\/wp-json\/wp\/v2\/posts\/72560\/revisions"}],"wp:featuredmedia":[{"embeddable":true,"href":"https:\/\/www.europesays.com\/no\/wp-json\/wp\/v2\/media\/72561"}],"wp:attachment":[{"href":"https:\/\/www.europesays.com\/no\/wp-json\/wp\/v2\/media?parent=72560"}],"wp:term":[{"taxonomy":"category","embeddable":true,"href":"https:\/\/www.europesays.com\/no\/wp-json\/wp\/v2\/categories?post=72560"},{"taxonomy":"post_tag","embeddable":true,"href":"https:\/\/www.europesays.com\/no\/wp-json\/wp\/v2\/tags?post=72560"}],"curies":[{"name":"wp","href":"https:\/\/api.w.org\/{rel}","templated":true}]}}