{"id":72567,"date":"2025-10-28T22:14:38","date_gmt":"2025-10-28T22:14:38","guid":{"rendered":"https:\/\/www.europesays.com\/no\/72567\/"},"modified":"2025-10-28T22:14:38","modified_gmt":"2025-10-28T22:14:38","slug":"ung-uno-x-rytter-fikk-blodpropp-i-hjernen-foreldrene-roses-for-rask-reaksjon-2","status":"publish","type":"post","link":"https:\/\/www.europesays.com\/no\/72567\/","title":{"rendered":"Ung Uno-X-rytter fikk blodpropp i hjernen \u2013 foreldrene roses for rask reaksjon"},"content":{"rendered":"<p> Det opplyser laget hans i en <a href=\"https:\/\/www.instagram.com\/unoxteam\/p\/DQUhF70jeRB\/\" rel=\"noopener nofollow\" target=\"_blank\">Instagram-melding<\/a>.<\/p>\n<p>\u2013 Takket v\u00e6re den raske reaksjonen til foreldrene hans, og den glimrende behandlingen p\u00e5 Regionshospitalet G\u00f8dstrup, opplever han n\u00e5 bare milde symptomer, skriver Uno-X og legger til at Dalby f\u00e5r spesialistoppf\u00f8lging i rehabiliteringen.<\/p>\n<p>\u2013 Flere tester skal gj\u00f8res for \u00e5 kartlegge den n\u00f8yaktige \u00e5rsaken (til blodproppene). Etter det vil det blir lagt en plan for \u00e5 unng\u00e5 at det skjer igjen, fortsetter sykkellaget.<\/p>\n<p>Dalby har v\u00e6rt en del av Uno-X-systemet siden 2022, og han syklet sin f\u00f8rste seniorsesong der i \u00e5r.<\/p>\n<p> Uno-X-sjef Thor Hushovd sier til <a href=\"https:\/\/www.tv2.no\/sport\/uno-x-rytter-fikk-blodpropp-i-hjernen-skremmende\/18231610\/\" rel=\"noopener nofollow\" target=\"_blank\">TV 2<\/a> at det var skremmende \u00e5 f\u00e5 beskjeden om Dalbys sykdomstilfelle.<\/p>\n<p>\u2013 Det er t\u00f8ft for en ung rytter. Man vet ikke hva som skjer, og s\u00e5 har man jo ikke lyst til \u00e5 g\u00e5 glipp av ting. Men vi m\u00e5 v\u00e6re glade for at det gikk bra med ham, og vi m\u00e5 bare hylle foreldrene, sier han.<\/p>\n<p><script async src=\"\/\/www.instagram.com\/embed.js\"><\/script><\/p>\n","protected":false},"excerpt":{"rendered":"Det opplyser laget hans i en Instagram-melding. \u2013 Takket v\u00e6re den raske reaksjonen til foreldrene hans, og den&hellip;\n","protected":false},"author":2,"featured_media":72568,"comment_status":"","ping_status":"","sticky":false,"template":"","format":"standard","meta":{"footnotes":""},"categories":[59],"tags":[967,30,28,29,83,82],"class_list":{"0":"post-72567","1":"post","2":"type-post","3":"status-publish","4":"format-standard","5":"has-post-thumbnail","7":"category-sport","8":"tag-artikler-fra-ntb","9":"tag-no","10":"tag-norge","11":"tag-norway","12":"tag-sport","13":"tag-sports"},"share_on_mastodon":{"url":"https:\/\/pubeurope.com\/@no\/115454100328011021","error":""},"_links":{"self":[{"href":"https:\/\/www.europesays.com\/no\/wp-json\/wp\/v2\/posts\/72567","targetHints":{"allow":["GET"]}}],"collection":[{"href":"https:\/\/www.europesays.com\/no\/wp-json\/wp\/v2\/posts"}],"about":[{"href":"https:\/\/www.europesays.com\/no\/wp-json\/wp\/v2\/types\/post"}],"author":[{"embeddable":true,"href":"https:\/\/www.europesays.com\/no\/wp-json\/wp\/v2\/users\/2"}],"replies":[{"embeddable":true,"href":"https:\/\/www.europesays.com\/no\/wp-json\/wp\/v2\/comments?post=72567"}],"version-history":[{"count":0,"href":"https:\/\/www.europesays.com\/no\/wp-json\/wp\/v2\/posts\/72567\/revisions"}],"wp:featuredmedia":[{"embeddable":true,"href":"https:\/\/www.europesays.com\/no\/wp-json\/wp\/v2\/media\/72568"}],"wp:attachment":[{"href":"https:\/\/www.europesays.com\/no\/wp-json\/wp\/v2\/media?parent=72567"}],"wp:term":[{"taxonomy":"category","embeddable":true,"href":"https:\/\/www.europesays.com\/no\/wp-json\/wp\/v2\/categories?post=72567"},{"taxonomy":"post_tag","embeddable":true,"href":"https:\/\/www.europesays.com\/no\/wp-json\/wp\/v2\/tags?post=72567"}],"curies":[{"name":"wp","href":"https:\/\/api.w.org\/{rel}","templated":true}]}}