{"id":72581,"date":"2025-10-28T23:09:11","date_gmt":"2025-10-28T23:09:11","guid":{"rendered":"https:\/\/www.europesays.com\/no\/72581\/"},"modified":"2025-10-28T23:09:11","modified_gmt":"2025-10-28T23:09:11","slug":"elg-satt-fast-i-telefonledning-i-oksnes-i-vesteralen-fikk-smertefull-dod","status":"publish","type":"post","link":"https:\/\/www.europesays.com\/no\/72581\/","title":{"rendered":"Elg satt fast i telefonledning i \u00d8ksnes i Vester\u00e5len \u2013 fikk smertefull d\u00f8d"},"content":{"rendered":"\n<ul class=\"_list_o9xde_3 _list_64s2r_85 _unordered_o9xde_106 text-sans-m\">\n<li class=\"_item_o9xde_30\">Arne Harald Karlsen fant en d\u00f8d elg som var viklet inn  i en telefonlkabel p\u00e5 Dyr\u00f8ya i Vester\u00e5len.<\/li>\n<li class=\"_item_o9xde_30\">Viltforvalteren i \u00d8ksnes kommune fikk vondt da han s\u00e5 lidelsene dyret m\u00e5 ha hatt.<\/li>\n<li class=\"_item_o9xde_30\">Telenor beklager og sender ut et team for \u00e5 rydde opp.<\/li>\n<li class=\"_item_o9xde_30\">Hendelsen er et av flere lignende tilfeller i Norge de siste \u00e5rene.<\/li>\n<\/ul>\n<p>Vis mer <\/p>\n<p class=\"_paragraph_o9xde_4 _paragraph_xtcu6_10 layout-component text-serif-m layout-normal text-serif-m layout-padded\">I slutten av september skulle Harstad-mannen p\u00e5 post litt unna bebyggelsen p\u00e5 Barkestad p\u00e5 Dyr\u00f8ya i Vester\u00e5len, da han fikk \u00f8ye p\u00e5 en d\u00f8d elg.<\/p>\n<p class=\"_paragraph_o9xde_4 _paragraph_xtcu6_10 layout-component text-serif-m layout-normal text-serif-m layout-padded\">Den velvoksne, store elgoksen hadde viklet seg inn i en telefonledning, uten \u00e5 komme seg l\u00f8s. Kadaveret hadde kabelen surret fast i geviret.<\/p>\n<p class=\"_paragraph_o9xde_4 _paragraph_xtcu6_10 layout-component text-serif-m layout-normal text-serif-m layout-padded\">\u2013 Det var et trist syn. Elgen har nok strevd og bakset en stund, sier Arne Harald Karlsen til VG.<\/p>\n<p class=\"_paragraph_o9xde_4 _paragraph_xtcu6_10 layout-component text-serif-m layout-normal text-serif-m layout-padded\">Han sier at kabelen som var viklet rundt geviret, fremdeles hang fast i telefonstolpene p\u00e5 begge sider \u2013 men \u00e5penbart hadde hengt ned mot bakken i en stor bue.<\/p>\n<p class=\"_paragraph_o9xde_4 _paragraph_xtcu6_10 layout-component text-serif-m layout-normal text-serif-m layout-padded\">\u2013 Det er synd at <a href=\"https:\/\/www.vg.no\/tag\/telenor?utm_source=vg-article&amp;utm_medium=auto-tagger&amp;utm_campaign=mPGdwO\" class=\"_link_o9xde_39\" rel=\"nofollow noopener\" target=\"_blank\">Telenor<\/a> ikke har ettersett kablene og s\u00f8rget for at de var i orden.<\/p>\n<p class=\"_paragraph_o9xde_4 _paragraph_xtcu6_10 layout-component text-serif-m layout-normal text-serif-m layout-padded\"><a href=\"https:\/\/www.blv.no\/grusomt-syn-motte-jegeren-den-har-kjempa-en-lang-kamp\/s\/5-9-889646\" class=\"_link_o9xde_39\" rel=\"nofollow noopener\" target=\"_blank\">Bladet Vester\u00e5len<\/a> omtalte saken f\u00f8rst.<\/p>\n<p><img decoding=\"async\" alt=\"Bilde av Arne Harald Karlsen\" class=\"_image_ygndg_42\" height=\"53\" itemprop=\"image\" loading=\"lazy\"  src=\"https:\/\/www.europesays.com\/no\/wp-content\/uploads\/2025\/10\/8854b12b-7330-4f02-8bef-cb67de798897\"  width=\"40\"\/><strong class=\"_name_ygndg_51 title-serif-xs\">Arne Harald Karlsen<\/strong><\/p>\n<p class=\"_paragraph_o9xde_4 text-sans-m _description_ygndg_56\">Jegeren som gjorde funnet<\/p>\n<p class=\"_paragraph_o9xde_4 _paragraph_xtcu6_10 layout-component text-serif-m layout-normal text-serif-m layout-padded\">\u2013 Jeg fikk oppriktig vondt i hjertet n\u00e5r jeg ser lidelsene dyret m\u00e5 ha hatt, sier kommunalsjefkommunalsjefEn leder i kommunen som har ansvar for spesifikke omr\u00e5der, som for eksempel viltforvaltning. og viltforvalterviltforvalterEn person som har ansvar for \u00e5 forvalte og ta vare p\u00e5 viltbestanden i et omr\u00e5de. i \u00d8ksnes kommune Bengt Stian Nilsen til VG.<\/p>\n<p class=\"_paragraph_o9xde_4 _paragraph_xtcu6_10 layout-component text-serif-m layout-normal text-serif-m layout-padded\">Han ble varslet om den d\u00f8de elgen.<\/p>\n<p class=\"_paragraph_o9xde_4 _paragraph_xtcu6_10 layout-component text-serif-m layout-normal text-serif-m layout-padded\">\u2013 Det lokale nettselskapet rykket ut umiddelbart, men s\u00e5 raskt at luftspennetluftspennetElektriske eller telekommunikasjonskabler som er strukket mellom stolper over bakken. ikke tilh\u00f8rte dem. S\u00e5 lenge dyret allerede var d\u00f8dt, var det heller ikke mye vi kunne gj\u00f8re, sier han. <\/p>\n<p>\u2013 Gj\u00f8r sterkt inntrykk<\/p>\n<p class=\"_paragraph_o9xde_4 _paragraph_xtcu6_10 layout-component text-serif-m layout-normal text-serif-m layout-padded\">Kommunen varslet Telenor om funnet.<\/p>\n<p class=\"_paragraph_o9xde_4 _paragraph_xtcu6_10 layout-component text-serif-m layout-normal text-serif-m layout-padded\">\u2013 Bildene gj\u00f8r sterkt inntrykk, selv for folk som er vant til \u00e5 h\u00e5ndtere skadede dyr. Det trasige er at vi ikke fikk avsluttet lidelsene f\u00f8r elgen led en fryktelig d\u00f8d. <\/p>\n<p class=\"_paragraph_o9xde_4 _paragraph_xtcu6_10 layout-component text-serif-m layout-normal text-serif-m layout-padded\">Nilsen har ikke tidligere opplevd at luftspenn har tatt liv, men han har avlivet dyr som har g\u00e5tt seg fast i gamle piggtr\u00e5dgjerder i utmarka.<\/p>\n<p class=\"_paragraph_o9xde_4 _paragraph_xtcu6_10 layout-component text-serif-m layout-normal text-serif-m layout-padded\">\u2013 Heldigvis har vi kommet p\u00e5 dem f\u00f8r de har d\u00f8dd av sult eller t\u00f8rst.<\/p>\n<p><img alt=\"Telefonkabelen hang fremdeles fast i stolper p\u00e5 begge sider.  Foto: Arne Harald Karlsen\" class=\"_image_qp4xg_65 layout-component layout-normal\" data-fullscreen- data-track-element-type=\"Article image fullscreen\" data-track-name=\"ImageFullscreen\" decoding=\"async\" loading=\"lazy\" height=\"1440\" itemprop=\"image\"  src=\"https:\/\/www.europesays.com\/no\/wp-content\/uploads\/2025\/10\/45509e68-78bf-4da8-922f-c414410021ca\"  style=\"object-position:0% 0%\" width=\"1080\"\/>Telefonkabelen hang fremdeles fast i stolper p\u00e5 begge sider.  Foto: Arne Harald Karlsen<\/p>\n<p class=\"_paragraph_o9xde_4 _paragraph_xtcu6_10 layout-component text-serif-m layout-normal text-serif-m layout-padded\">Kablene som elgen satt fast i, er en del av Telenors gamle og utrangerte kobbernettkobbernettEt eldre nettverk av telefon- og internettkabler laget av kobber, brukt til \u00e5 levere fasttelefon og bredb\u00e5nd..<\/p>\n<p class=\"_paragraph_o9xde_4 _paragraph_xtcu6_10 layout-component text-serif-m layout-normal text-serif-m layout-padded\">\u2013 Vi i Telenor ble oppr\u00f8rte og lei oss da vi s\u00e5 bildene av elgen, sier pressesjef i Telenor Norge Anders Krokan til VG.<\/p>\n<p class=\"_paragraph_o9xde_4 _paragraph_xtcu6_10 layout-component text-serif-m layout-normal text-serif-m layout-padded\">Telenor har sendt ut et team for \u00e5 rydde opp og h\u00e5per \u00e5 komme i m\u00e5l i dag.<\/p>\n<p><img alt=\"Foto: Tore Wuttudal \/ Samfoto\" class=\"_image_qp4xg_65 layout-component layout-normal\" data-fullscreen- data-track-element-type=\"Article image fullscreen\" data-track-name=\"ImageFullscreen\" decoding=\"async\" loading=\"lazy\" height=\"3116\" itemprop=\"image\"  src=\"https:\/\/www.europesays.com\/no\/wp-content\/uploads\/2025\/10\/32e8a45a-0056-4a0c-9084-92dd730fb0a9\"  style=\"object-position:0% 0%\" width=\"4840\"\/>Foto: Tore Wuttudal \/ Samfoto<\/p>\n<p class=\"_paragraph_o9xde_4 _paragraph_xtcu6_10 layout-component text-serif-m layout-normal text-serif-m layout-padded\">Kobbernettet til Telenor ble stengt ned ved utgangen av 2022. Det var disse stolpene og kablene som ga folket fasttelefon og etter hvert bredb\u00e5nd over kobbernettet.<\/p>\n<p class=\"_paragraph_o9xde_4 _paragraph_xtcu6_10 layout-component text-serif-m layout-normal text-serif-m layout-padded\">Frem til 2. september i \u00e5r var Telenor forpliktet til \u00e5 opprettholde linjenettet og bredb\u00e5ndssentraler for kunder i selskaper som \u00f8nsket \u00e5 leie seg inn i kobbernettet.<\/p>\n<p class=\"_paragraph_o9xde_4 _paragraph_xtcu6_10 layout-component text-serif-m layout-normal text-serif-m layout-padded\">Men n\u00e5 begynner Telenor \u00e5 fjerne den gamle infrastrukturen, som best\u00e5r av 143.000 kilometer kobberkabler, 1,3 millioner stolper og 250.0000 fordelerskap.<\/p>\n<p class=\"_paragraph_o9xde_4 _paragraph_xtcu6_10 layout-component text-serif-m layout-normal text-serif-m layout-padded\">\u2013 Vi har allerede ryddet noe, men sv\u00e6rt mye gjenst\u00e5r, sier Krokan.<\/p>\n<p><img decoding=\"async\" alt=\"Bilde av Anders Krokan\" class=\"_image_ygndg_42\" height=\"27\" itemprop=\"image\" loading=\"lazy\"  src=\"https:\/\/www.europesays.com\/no\/wp-content\/uploads\/2025\/10\/471834c6-a428-497e-94e6-dc1652b50e4b\"  width=\"40\"\/><strong class=\"_name_ygndg_51 title-serif-xs\">Anders Krokan<\/strong><\/p>\n<p class=\"_paragraph_o9xde_4 text-sans-m _description_ygndg_56\">Pressesjef Telenor Norge<\/p>\n<p class=\"_paragraph_o9xde_4 _paragraph_xtcu6_10 layout-component text-serif-m layout-normal text-serif-m layout-padded\">Den omfattende saneringensaneringenProsessen med \u00e5 fjerne eller rydde opp i noe, ofte brukt om \u00e5 fjerne gamle eller farlige strukturer eller materialer. skjer regionvis og vil p\u00e5g\u00e5 over flere \u00e5r.<\/p>\n<p class=\"_paragraph_o9xde_4 _paragraph_xtcu6_10 layout-component text-serif-m layout-normal text-serif-m layout-padded\">\u2013 Selv om oppryddingen skjer etter plan, rykker vi ut og fjerner utstyr som kan v\u00e6re til fare for dyr eller mennesker, understreker pressesjefen i Telenor Norge.<\/p>\n<p class=\"_paragraph_o9xde_4 _paragraph_xtcu6_10 layout-component text-serif-m layout-normal text-serif-m layout-padded\">Han opplyser at selskapet har regelmessig tilsyn med kobbernettet, men mellom tilsyn er avhengig av at publikum melder fra, dersom det er fare for fremkommelighet, liv eller helse.<\/p>\n<p class=\"_paragraph_o9xde_4 _paragraph_xtcu6_10 layout-component text-serif-m layout-normal text-serif-m layout-padded\">Kommunalsjef Bengt Stian Nilsen sier at deres ansvar begrenser seg til \u00e5 avlive vilt som er sykt og skadet. Han tror den d\u00f8de elgen fremdeles ligger p\u00e5 stedet.<\/p>\n<p class=\"_paragraph_o9xde_4 _paragraph_xtcu6_10 layout-component text-serif-m layout-normal text-serif-m layout-padded\">\u2013 Hvis dyret er til stor ulempe for naboer, h\u00e5per jeg Telenor vil fjerne det. Ellers d\u00f8r dyr hver dag og blir liggende i skog og mark, mens naturen g\u00e5r sin gang.<\/p>\n<p>Ikke f\u00f8rste gangen<\/p>\n<p class=\"_paragraph_o9xde_4 _paragraph_xtcu6_10 layout-component text-serif-m layout-normal text-serif-m layout-padded\">Dyretragedien i \u00d8ksnes i er langt fra enest\u00e5ende:<\/p>\n<p class=\"_paragraph_o9xde_4 _paragraph_xtcu6_10 layout-component text-serif-m layout-normal text-serif-m layout-padded\"><strong class=\"_strong_o9xde_25\">27. august:<\/strong> <a href=\"https:\/\/www.varden.no\/nyheter\/n\/qP0J8w\/per-fikk-sjokk-da-han-saa-elgen-sitte-fast-den-maa-ha-slitt-noe-voldsomt\" class=\"_link_o9xde_39\" rel=\"nofollow noopener\" target=\"_blank\">Avisen Varden<\/a> forteller om en mann fra Kilebygda i Skien, som fant en elg som hadde satt seg fast i gamle telefonkabler. <\/p>\n<p class=\"_paragraph_o9xde_4 _paragraph_xtcu6_10 layout-component text-serif-m layout-normal text-serif-m layout-padded\"><strong class=\"_strong_o9xde_25\">21. august:<\/strong> <a href=\"https:\/\/www.banett.no\/nyheter\/n\/alAzw4\/ku-satte-seg-fast-i-kabel\" class=\"_link_o9xde_39\" rel=\"nofollow noopener\" target=\"_blank\">Br\u00f8nn\u00f8ysunds Avis <\/a>forteller om en ku hadde Telenor-kabel om halsen, i geviret og 100 meter p\u00e5 slep, men som kom seg l\u00f8s uten alvorlige skader.<\/p>\n<p class=\"_paragraph_o9xde_4 _paragraph_xtcu6_10 layout-component text-serif-m layout-normal text-serif-m layout-padded\"><strong class=\"_strong_o9xde_25\">16. mars:<\/strong> <a href=\"https:\/\/www.lofotposten.no\/elg-hadde-stromkabel-pa-hodet-sa-slapp-den-geviret\/s\/5-29-1160771\" class=\"_link_o9xde_39\" rel=\"nofollow noopener\" target=\"_blank\">Lofotposten<\/a> forteller om en elg som ved nytt\u00e5rstider gikk omkring med en telefonledning surret rundt hodet og slepende etter seg, men som slapp geviret og ble fri.<\/p>\n<p class=\"_paragraph_o9xde_4 _paragraph_xtcu6_10 layout-component text-serif-m layout-normal text-serif-m layout-padded\"><strong class=\"_strong_o9xde_25\">1. februar 2021:<\/strong> <a href=\"https:\/\/www.namdalsavisa.no\/hadde-ikke-elgen-blitt-oppdaget-hadde-den-pintes-til-dode-vurderer-a-anmelde\/s\/5-121-895849\" class=\"_link_o9xde_39\" rel=\"nofollow noopener\" target=\"_blank\">Namdalsavisa<\/a> forteller om en elg som ble berget av viltnemnda, etter \u00e5 ha viklet seg inn i gammel telefonledning.<\/p>\n<p class=\"_paragraph_o9xde_4 _paragraph_xtcu6_10 layout-component text-serif-m layout-normal text-serif-m layout-padded\"><strong class=\"_strong_o9xde_25\">4. september 2020:<\/strong> <a href=\"https:\/\/www.oa.no\/elgkalven-viklet-seg-inn-i-telefonledningen-og-led-en-langsom-dod\/s\/5-35-1158735\" class=\"_link_o9xde_39\" rel=\"nofollow noopener\" target=\"_blank\">Oppland Arbeiderblad<\/a> forteller om en elgkalv som hadde viklet seg inn i en telefonledning p\u00e5 Vestre Toten og led en langsom d\u00f8d.<\/p>\n<p class=\"_paragraph_o9xde_4 _paragraph_xtcu6_10 layout-component text-serif-m layout-normal text-serif-m layout-padded\"><strong class=\"_strong_o9xde_25\">Fikk uventet bes\u00f8k i Larvik \u2013 se video: <\/strong><\/p>\n","protected":false},"excerpt":{"rendered":"Arne Harald Karlsen fant en d\u00f8d elg som var viklet inn i en telefonlkabel p\u00e5 Dyr\u00f8ya i Vester\u00e5len.&hellip;\n","protected":false},"author":2,"featured_media":72582,"comment_status":"","ping_status":"","sticky":false,"template":"","format":"standard","meta":{"footnotes":""},"categories":[10],"tags":[20,21,10102,6391,24,25,15,22,23,13,30,28,29,14,16,3482,1418,26,27,1106],"class_list":{"0":"post-72581","1":"post","2":"type-post","3":"status-publish","4":"format-standard","5":"has-post-thumbnail","7":"category-norge","8":"tag-breaking-news","9":"tag-breakingnews","10":"tag-doden","11":"tag-elg","12":"tag-featured-news","13":"tag-featurednews","14":"tag-headlines","15":"tag-latest-news","16":"tag-latestnews","17":"tag-news","18":"tag-no","19":"tag-norge","20":"tag-norway","21":"tag-nyheter","22":"tag-overskrifter","23":"tag-oksnes","24":"tag-telenor","25":"tag-top-stories","26":"tag-topstories","27":"tag-vesteralen"},"share_on_mastodon":{"url":"https:\/\/pubeurope.com\/@no\/115454316840121227","error":""},"_links":{"self":[{"href":"https:\/\/www.europesays.com\/no\/wp-json\/wp\/v2\/posts\/72581","targetHints":{"allow":["GET"]}}],"collection":[{"href":"https:\/\/www.europesays.com\/no\/wp-json\/wp\/v2\/posts"}],"about":[{"href":"https:\/\/www.europesays.com\/no\/wp-json\/wp\/v2\/types\/post"}],"author":[{"embeddable":true,"href":"https:\/\/www.europesays.com\/no\/wp-json\/wp\/v2\/users\/2"}],"replies":[{"embeddable":true,"href":"https:\/\/www.europesays.com\/no\/wp-json\/wp\/v2\/comments?post=72581"}],"version-history":[{"count":0,"href":"https:\/\/www.europesays.com\/no\/wp-json\/wp\/v2\/posts\/72581\/revisions"}],"wp:featuredmedia":[{"embeddable":true,"href":"https:\/\/www.europesays.com\/no\/wp-json\/wp\/v2\/media\/72582"}],"wp:attachment":[{"href":"https:\/\/www.europesays.com\/no\/wp-json\/wp\/v2\/media?parent=72581"}],"wp:term":[{"taxonomy":"category","embeddable":true,"href":"https:\/\/www.europesays.com\/no\/wp-json\/wp\/v2\/categories?post=72581"},{"taxonomy":"post_tag","embeddable":true,"href":"https:\/\/www.europesays.com\/no\/wp-json\/wp\/v2\/tags?post=72581"}],"curies":[{"name":"wp","href":"https:\/\/api.w.org\/{rel}","templated":true}]}}