{"id":72593,"date":"2025-10-28T23:33:08","date_gmt":"2025-10-28T23:33:08","guid":{"rendered":"https:\/\/www.europesays.com\/no\/72593\/"},"modified":"2025-10-28T23:33:08","modified_gmt":"2025-10-28T23:33:08","slug":"chris-evans-har-blitt-far-for-forste-gang","status":"publish","type":"post","link":"https:\/\/www.europesays.com\/no\/72593\/","title":{"rendered":"Chris Evans har blitt far for f\u00f8rste gang"},"content":{"rendered":"\n<p class=\"_lead_o9xde_2 _lead_xtcu6_50 layout-component text-serif-m layout-normal text-serif-l layout-component layout-wide layout-padded _wide_17hqh_1 layout-padded\">\u00abCaptain America\u00bb-stjernen og kona Alba Baptista fikk en datter.<\/p>\n<p><img alt=\"Chris Evans (44) og kona Alba Baptista (28) Foto: MICHAEL TRAN \/ AFP \/ NTB\" class=\"_image_qp4xg_65 layout-component layout-wide\" data-fullscreen- data-track-element-type=\"Article image fullscreen\" data-track-name=\"ImageFullscreen\" fetchpriority=\"high\" decoding=\"sync\" loading=\"eager\" height=\"2778\" itemprop=\"image\"  src=\"https:\/\/www.europesays.com\/no\/wp-content\/uploads\/2025\/10\/2e891310-6299-4a29-b544-83686ec0fd0a\"  style=\"object-position:0% 0%\" width=\"3954\"\/>Chris Evans (44) og kona Alba Baptista (28) Foto: MICHAEL TRAN \/ AFP \/ NTB<\/p>\n<ul aria-hidden=\"true\" class=\"_images_18f0k_111\">\n<li><a class=\"_link_18f0k_116\" href=\"https:\/\/www.vg.no\/forfatter\/kari-aarstad-aase\" style=\"z-index:1\" title=\"Kari Aarstad Aase\" rel=\"nofollow noopener\" target=\"_blank\"><img alt=\"Bilde av Kari Aarstad Aase\" class=\"_image_18f0k_93\" fetchpriority=\"low\" loading=\"lazy\" decoding=\"async\" itemprop=\"image\"  src=\"https:\/\/www.europesays.com\/no\/wp-content\/uploads\/2025\/10\/1761694388_414_0dbde33e-6d8e-4680-8e4f-e2a64281e2b8\"  width=\"480\"\/><\/a><\/li>\n<\/ul>\n<p> Oppdatert tirsdag 28. oktober kl. 23:58     <\/p>\n<p class=\"_paragraph_o9xde_4 _paragraph_xtcu6_10 layout-component text-serif-m layout-normal text-serif-m layout-padded\"><a href=\"https:\/\/www.vg.no\/tag\/chris-evans?utm_source=vg-article&amp;utm_medium=auto-tagger&amp;utm_campaign=zAW12w\" class=\"_link_o9xde_39\" rel=\"nofollow noopener\" target=\"_blank\">Chris Evans<\/a> (44) og kona Alba Baptista (28) har f\u00e5tt sitt f\u00f8rste barn sammen. Datteren ble f\u00f8dt fredag i Massachusetts, melder <a href=\"https:\/\/www.tmz.com\/2025\/10\/28\/chris-evans-alba-baptista-first-baby\/\" class=\"_link_o9xde_39\" rel=\"nofollow noopener\" target=\"_blank\">TMZ<\/a>.<\/p>\n<p class=\"_paragraph_o9xde_4 _paragraph_xtcu6_10 layout-component text-serif-m layout-normal text-serif-m layout-padded\">Jenta har f\u00e5tt navnet Alma Grace og vil ha begge foreldrenes etternavn \u2013 Baptista Evans. Hun kom til verden klokka 13.27, if\u00f8lge TMZ.<\/p>\n<p class=\"_paragraph_o9xde_4 _paragraph_xtcu6_10 layout-component text-serif-m layout-normal text-serif-m layout-padded\">Marvel-stjernen og den portugisiske skuespilleren har holdt privatlivet sitt unna offentligheten. Paret har ikke selv bekreftet nyheten.<\/p>\n<p class=\"_paragraph_o9xde_4 _paragraph_xtcu6_10 layout-component text-serif-m layout-normal text-serif-m layout-padded\">Evans og Baptista giftet seg i september 2023 i en privat seremoni p\u00e5 Cape Cod etter \u00e5 ha v\u00e6rt sammen i over ett \u00e5r. De ble f\u00f8rst koblet sammen i januar 2022.<\/p>\n<p class=\"_paragraph_o9xde_4 _paragraph_xtcu6_10 layout-component text-serif-m layout-normal text-serif-m layout-padded\">Rykter om graviditet begynte \u00e5 svirre i sommer etter en kommentar fra Baptistas far. P\u00e5 farsdagen la en fan-konto ut en hilsen til b\u00e5de Evans og Baptistas fedre. Luiz Baptista, Albas far, kommenterte da:<\/p>\n<p class=\"_paragraph_o9xde_4 _paragraph_xtcu6_10 layout-component text-serif-m layout-normal text-serif-m layout-padded\">\u2013 Tusen takk, kj\u00e6re Chris. Din tur kommer snart!<\/p>\n<p class=\"_paragraph_o9xde_4 _paragraph_xtcu6_10 layout-component text-serif-m layout-normal text-serif-m layout-padded\">Evans har tidligere uttalt at han \u00f8nsket seg familie. I et intervju med <a href=\"https:\/\/people.com\/chris-evans-welcomes-first-baby-with-alba-baptista-8406270\" class=\"_link_o9xde_39\" rel=\"nofollow noopener\" target=\"_blank\">People<\/a> sa han:<\/p>\n<p class=\"_paragraph_o9xde_4 _paragraph_xtcu6_10 layout-component text-serif-m layout-normal text-serif-m layout-padded\">\u2013 Det er absolutt noe jeg vil ha: kone, barn, bygge en familie.<\/p>\n<p class=\"_paragraph_o9xde_4 _paragraph_xtcu6_10 layout-component text-serif-m layout-normal text-serif-m layout-padded\">Baptista er kjent fra Netflix-serien \u00abWarrior Nun\u00bb. Hun m\u00f8tte Evans f\u00f8rste gang i Europa, og venner beskrev det som \u00abkj\u00e6rlighet ved f\u00f8rste blikk\u00bb.<\/p>\n<p>Les ogs\u00e5<\/p>\n","protected":false},"excerpt":{"rendered":"\u00abCaptain America\u00bb-stjernen og kona Alba Baptista fikk en datter. Chris Evans (44) og kona Alba Baptista (28) Foto:&hellip;\n","protected":false},"author":2,"featured_media":72594,"comment_status":"","ping_status":"","sticky":false,"template":"","format":"standard","meta":{"footnotes":""},"categories":[58],"tags":[10107,1925,71,30,28,29,72,46],"class_list":{"0":"post-72593","1":"post","2":"type-post","3":"status-publish","4":"format-standard","5":"has-post-thumbnail","7":"category-underholdning","8":"tag-alba-baptista","9":"tag-chris-evans","10":"tag-entertainment","11":"tag-no","12":"tag-norge","13":"tag-norway","14":"tag-underholdning","15":"tag-vgai"},"share_on_mastodon":{"url":"https:\/\/pubeurope.com\/@no\/115454411059862560","error":""},"_links":{"self":[{"href":"https:\/\/www.europesays.com\/no\/wp-json\/wp\/v2\/posts\/72593","targetHints":{"allow":["GET"]}}],"collection":[{"href":"https:\/\/www.europesays.com\/no\/wp-json\/wp\/v2\/posts"}],"about":[{"href":"https:\/\/www.europesays.com\/no\/wp-json\/wp\/v2\/types\/post"}],"author":[{"embeddable":true,"href":"https:\/\/www.europesays.com\/no\/wp-json\/wp\/v2\/users\/2"}],"replies":[{"embeddable":true,"href":"https:\/\/www.europesays.com\/no\/wp-json\/wp\/v2\/comments?post=72593"}],"version-history":[{"count":0,"href":"https:\/\/www.europesays.com\/no\/wp-json\/wp\/v2\/posts\/72593\/revisions"}],"wp:featuredmedia":[{"embeddable":true,"href":"https:\/\/www.europesays.com\/no\/wp-json\/wp\/v2\/media\/72594"}],"wp:attachment":[{"href":"https:\/\/www.europesays.com\/no\/wp-json\/wp\/v2\/media?parent=72593"}],"wp:term":[{"taxonomy":"category","embeddable":true,"href":"https:\/\/www.europesays.com\/no\/wp-json\/wp\/v2\/categories?post=72593"},{"taxonomy":"post_tag","embeddable":true,"href":"https:\/\/www.europesays.com\/no\/wp-json\/wp\/v2\/tags?post=72593"}],"curies":[{"name":"wp","href":"https:\/\/api.w.org\/{rel}","templated":true}]}}