{"id":72605,"date":"2025-10-28T23:47:18","date_gmt":"2025-10-28T23:47:18","guid":{"rendered":"https:\/\/www.europesays.com\/no\/72605\/"},"modified":"2025-10-28T23:47:18","modified_gmt":"2025-10-28T23:47:18","slug":"arbeidsliv-mosjoen-raymond-fra-mosjoen-star-bak-musikken-til-en-av-arets-julefilmer-det-var-helt-stille-i-salen-under-filmvisningen","status":"publish","type":"post","link":"https:\/\/www.europesays.com\/no\/72605\/","title":{"rendered":"Arbeidsliv, Mosj\u00f8en | Raymond fra Mosj\u00f8en st\u00e5r bak musikken til en av \u00e5rets julefilmer: \u2013 Det var helt stille i salen under filmvisningen"},"content":{"rendered":"\n<p>\u2013 Dette er nok det f\u00f8rste prosjektet som er rettet mot jul, hvor jeg har laget musikk, sier Raymond Enoksen.<\/p>\n<p>Fra Lars Monsen til Familien Nerdrum, og musikk til TV-serier som \u00abSpillet\u00bb og \u00abVokteren\u00bb p\u00e5 TV 2. Ikke minst musikk til \u00e5rets Bod\u00f8\/Glimt dokumentar.<\/p>\n<p>Med mindre du har levd under en stein, s\u00e5 har du nok f\u00e5tt med deg musikken til Raymond Enoksen.<\/p>\n<p>N\u00e5 er komponisten fra Mosj\u00f8en aktuell med musikk til en av \u00e5rets julefilmer. \u00abReisen mot nord\u00bb er en norsk animasjonsfilm og er blitt solgt til over 60 land.<\/p>\n<p>\u2013 Barna var veldig interesserte<\/p>\n<p>Filmen har norgespremiere 7. november, men Enoksen har allerede f\u00e5tt opplevd filmen p\u00e5 Colosseum kino i Oslo, p\u00e5 en festpremiere den 26. oktober.<\/p>\n<p>   <img decoding=\"async\" width=\"1170\" height=\"1518\" fetchpriority=\"low\"  loading=\"lazy\"  src=\"https:\/\/www.europesays.com\/no\/wp-content\/uploads\/2025\/10\/575ABB01-73A0-4369-886A-FA5C47352E1C.JPG\" alt=\"\" class=\"brick-c-cFOWSL\" style=\"--brick-image-ratio: 1170 \/ 1518;\"\/><\/p>\n<p>      PREMIERE: Hele familien var p\u00e5 f\u00f8rpremieren 26. oktober.<br \/>\n      Foto: Privat\n    <\/p>\n<p>\u2013 Det var helt stille i salen under filmvisningen og det virket som at barna var veldig interesserte i filmen. Der er jo de som er de viktigste filmkritikerne i slike familiefilmer, s\u00e5 det blir spennende \u00e5 se hvordan filmen blir mottatt.<\/p>\n<p>Komponisten har hatt et travelt \u00e5r, som vanlig, og har i l\u00f8pet av 2025 jobbet med omkring 15 prosjekter.<\/p>\n<p>Dette prosjektet tok rundt seks m\u00e5neder, fra start til slutt.<\/p>\n<p>\u2013 N\u00e5 er jeg i en periode hvor jeg jobber med mange prosjekter om gangen, og jeg har f\u00e5tt optimalisert arbeidshverdagen ved \u00e5 bygge et studio p\u00e5 toppen av garasjen. Da kan jeg jobbe p\u00e5 dagtid og kveldstid.<\/p>\n<p>Inspirasjon<\/p>\n<p>Enoksen forteller at filmen skiller seg litt ut, da dette er en mer tradisjonell og roligere animasjonsfilm.<\/p>\n<p>\u2013 Den har en skandinavisk, poetisk tone. Det var en utrolig fin film \u00e5 lage musikk til, og jeg har v\u00e6rt heldig med \u00e5 f\u00e5 frie t\u00f8yler.<\/p>\n<p>Inspirasjonen til filmmusikken har han hentet fra amerikansk filmmusikk, s\u00e6rlig fra filmer p\u00e5 80- og 90 tallet, som Enoksen vokste opp med.<\/p>\n<p>\u2013 Musikken i filmen er ren orkestermusikk, som jeg spilte inn i Budapest sammen med Budapest Art Orchestra og kor.<\/p>\n<p>   <img decoding=\"async\" width=\"3024\" height=\"2718\" fetchpriority=\"low\"  loading=\"lazy\"  src=\"https:\/\/www.europesays.com\/no\/wp-content\/uploads\/2025\/10\/IMG_9869.JPEG\" alt=\"\" class=\"brick-c-cFOWSL\" style=\"--brick-image-ratio: 3024 \/ 2718;\"\/><\/p>\n<p>      BUDAPEST: Bilde fra Budapest, hvor orkestermusikken ble spilt inn.<br \/>\n      Foto: Privat\n    <\/p>\n<p>  Hjemme<\/p>\n<p>Til vanlig bor Enoksen i Oslo med familien.<\/p>\n<p>Selv om han har skapt seg et juleparadis hjemme i Oslo, legger han ikke skjul p\u00e5 at han savner \u00e5 se julelysene hjemme i Sj\u00f8gata.<\/p>\n<p>\u2013 Julestemning er ofte knyttet til nostalgi og oppveksten, s\u00e5 det er klart jeg savner litt den julestemningen man f\u00e5r i Mosj\u00f8en.<\/p>\n<p>Han beskriver familien som en julefamilie, og at de startet julesirkuset tidlig i desember med juletre og rampenisser i hus. Han tror nok at animasjonsfilmen kan bli en av familiens klassikere i julen.<\/p>\n<p>\u2013 Vi er julefolk og er veldig glad i julefilm. Denne filmen er en veldig fin familiefilm, og jeg tror absolutt det kan bli en klassiker i v\u00e5r familie ogs\u00e5.<\/p>\n<p>  <a href=\"https:\/\/www.helg.no\/5-24-961086\" class=\"related-teaser has-image default-story-teaser article--c-eRUmMG article--c-eRUmMG-jKCPdD-design-default\" rel=\"nofollow noopener\" target=\"_blank\"><\/p>\n<p>    <img decoding=\"async\" loading=\"lazy\"  src=\"https:\/\/www.europesays.com\/no\/wp-content\/uploads\/2025\/10\/Raymond+Enoksen.jpeg\" alt=\"\" class=\"brick-c-cFOWSL\" style=\"\"\/><\/p>\n<p>\n            Les ogs\u00e5<\/p>\n<p>              Gjev pris til mosj\u00f8v\u00e6ring: \u2013 Min f\u00f8rste internasjonale individuelle pris\n        <\/p>\n<p>  <\/a><\/p>\n<p>  <a href=\"https:\/\/www.helg.no\/5-24-933618\" class=\"related-teaser has-image default-story-teaser article--c-eRUmMG article--c-eRUmMG-jKCPdD-design-default\" rel=\"nofollow noopener\" target=\"_blank\"><\/p>\n<p>    <img decoding=\"async\" loading=\"lazy\"  src=\"https:\/\/www.europesays.com\/no\/wp-content\/uploads\/2025\/10\/image4.jpeg\" alt=\"\" class=\"brick-c-cFOWSL\" style=\"\"\/><\/p>\n<p>\n            Les ogs\u00e5<\/p>\n<p>              Mosj\u00f8-komponisten fikk det \u00e6refulle oppdraget: \u2013 Et verk om myter, tradisjon, naturen og v\u00e5r nordnorske tilh\u00f8righet\n        <\/p>\n<p>  <\/a><\/p>\n","protected":false},"excerpt":{"rendered":"\u2013 Dette er nok det f\u00f8rste prosjektet som er rettet mot jul, hvor jeg har laget musikk, sier&hellip;\n","protected":false},"author":2,"featured_media":72606,"comment_status":"","ping_status":"","sticky":false,"template":"","format":"standard","meta":{"footnotes":""},"categories":[58],"tags":[465,36,71,410,1068,30,28,29,1510,72],"class_list":{"0":"post-72605","1":"post","2":"type-post","3":"status-publish","4":"format-standard","5":"has-post-thumbnail","7":"category-underholdning","8":"tag-arbeidsliv","9":"tag-art","10":"tag-entertainment","11":"tag-kultur","12":"tag-mosjoen","13":"tag-no","14":"tag-norge","15":"tag-norway","16":"tag-story","17":"tag-underholdning"},"share_on_mastodon":{"url":"https:\/\/pubeurope.com\/@no\/115454466211367230","error":""},"_links":{"self":[{"href":"https:\/\/www.europesays.com\/no\/wp-json\/wp\/v2\/posts\/72605","targetHints":{"allow":["GET"]}}],"collection":[{"href":"https:\/\/www.europesays.com\/no\/wp-json\/wp\/v2\/posts"}],"about":[{"href":"https:\/\/www.europesays.com\/no\/wp-json\/wp\/v2\/types\/post"}],"author":[{"embeddable":true,"href":"https:\/\/www.europesays.com\/no\/wp-json\/wp\/v2\/users\/2"}],"replies":[{"embeddable":true,"href":"https:\/\/www.europesays.com\/no\/wp-json\/wp\/v2\/comments?post=72605"}],"version-history":[{"count":0,"href":"https:\/\/www.europesays.com\/no\/wp-json\/wp\/v2\/posts\/72605\/revisions"}],"wp:featuredmedia":[{"embeddable":true,"href":"https:\/\/www.europesays.com\/no\/wp-json\/wp\/v2\/media\/72606"}],"wp:attachment":[{"href":"https:\/\/www.europesays.com\/no\/wp-json\/wp\/v2\/media?parent=72605"}],"wp:term":[{"taxonomy":"category","embeddable":true,"href":"https:\/\/www.europesays.com\/no\/wp-json\/wp\/v2\/categories?post=72605"},{"taxonomy":"post_tag","embeddable":true,"href":"https:\/\/www.europesays.com\/no\/wp-json\/wp\/v2\/tags?post=72605"}],"curies":[{"name":"wp","href":"https:\/\/api.w.org\/{rel}","templated":true}]}}