{"id":72648,"date":"2025-10-29T01:22:07","date_gmt":"2025-10-29T01:22:07","guid":{"rendered":"https:\/\/www.europesays.com\/no\/72648\/"},"modified":"2025-10-29T01:22:07","modified_gmt":"2025-10-29T01:22:07","slug":"dont-nods-kommende-sci-fi-eventyr-aphelion-ser-spennende-ut-i-ny-trailer","status":"publish","type":"post","link":"https:\/\/www.europesays.com\/no\/72648\/","title":{"rendered":"Don&#8217;t Nods kommende sci-fi-eventyr Aphelion ser spennende ut i ny trailer"},"content":{"rendered":"<p>Et av spillene som ble annonsert under sommerens ikke-E3 var den franske utvikleren Don&#8217;t Nods (Life is Strange, Banishers: Ghosts of New Eden) kommende tittel Aphelion. Her f\u00f8lger vi to astronauter som under mystiske omstendigheter krasjlander p\u00e5 en uutforsket planet. Som om ikke det var ille nok, viser det seg at den er vertskap for en annen livsform som virker sv\u00e6rt fiendtlig.<\/p>\n<p>Under tirsdagskveldens <strong>ID@Xbox Showcase<\/strong> fikk vi en n\u00e6rmere titt p\u00e5 spillet i en ny trailer, som du kan finne nedenfor. Neste \u00e5r har det premiere p\u00e5 PC, PlayStation 5 og Xbox Series S\/X &#8211; og beleilig nok vil det v\u00e6re inkludert i Game Pass fra dag \u00e9n.<\/p>\n","protected":false},"excerpt":{"rendered":"Et av spillene som ble annonsert under sommerens ikke-E3 var den franske utvikleren Don&#8217;t Nods (Life is Strange,&hellip;\n","protected":false},"author":2,"featured_media":72649,"comment_status":"","ping_status":"","sticky":false,"template":"","format":"standard","meta":{"footnotes":""},"categories":[57],"tags":[30,28,29,65,63,64,66,70,69,67,68],"class_list":{"0":"post-72648","1":"post","2":"type-post","3":"status-publish","4":"format-standard","5":"has-post-thumbnail","7":"category-vitenskap-og-teknologi","8":"tag-no","9":"tag-norge","10":"tag-norway","11":"tag-science","12":"tag-science-and-technology","13":"tag-scienceandtechnology","14":"tag-technology","15":"tag-teknologi","16":"tag-vitenskap","17":"tag-vitenskap-og-teknologi","18":"tag-vitenskapteknologi"},"share_on_mastodon":{"url":"https:\/\/pubeurope.com\/@no\/115454839546912677","error":""},"_links":{"self":[{"href":"https:\/\/www.europesays.com\/no\/wp-json\/wp\/v2\/posts\/72648","targetHints":{"allow":["GET"]}}],"collection":[{"href":"https:\/\/www.europesays.com\/no\/wp-json\/wp\/v2\/posts"}],"about":[{"href":"https:\/\/www.europesays.com\/no\/wp-json\/wp\/v2\/types\/post"}],"author":[{"embeddable":true,"href":"https:\/\/www.europesays.com\/no\/wp-json\/wp\/v2\/users\/2"}],"replies":[{"embeddable":true,"href":"https:\/\/www.europesays.com\/no\/wp-json\/wp\/v2\/comments?post=72648"}],"version-history":[{"count":0,"href":"https:\/\/www.europesays.com\/no\/wp-json\/wp\/v2\/posts\/72648\/revisions"}],"wp:featuredmedia":[{"embeddable":true,"href":"https:\/\/www.europesays.com\/no\/wp-json\/wp\/v2\/media\/72649"}],"wp:attachment":[{"href":"https:\/\/www.europesays.com\/no\/wp-json\/wp\/v2\/media?parent=72648"}],"wp:term":[{"taxonomy":"category","embeddable":true,"href":"https:\/\/www.europesays.com\/no\/wp-json\/wp\/v2\/categories?post=72648"},{"taxonomy":"post_tag","embeddable":true,"href":"https:\/\/www.europesays.com\/no\/wp-json\/wp\/v2\/tags?post=72648"}],"curies":[{"name":"wp","href":"https:\/\/api.w.org\/{rel}","templated":true}]}}