{"id":72650,"date":"2025-10-29T01:24:10","date_gmt":"2025-10-29T01:24:10","guid":{"rendered":"https:\/\/www.europesays.com\/no\/72650\/"},"modified":"2025-10-29T01:24:10","modified_gmt":"2025-10-29T01:24:10","slug":"kristin-harila-skal-forsoke-mount-everest-uten-oksygen","status":"publish","type":"post","link":"https:\/\/www.europesays.com\/no\/72650\/","title":{"rendered":"Kristin Harila skal fors\u00f8ke Mount Everest uten oksygen"},"content":{"rendered":"\n<p class=\"_lead_o9xde_2 _lead_xtcu6_50 layout-component text-serif-m layout-normal text-serif-l layout-component layout-wide layout-padded _wide_17hqh_1 layout-padded\">F\u00e6rre enn ti kvinner i verden har klart det.<\/p>\n<p><img alt=\" Kristin Harila p\u00e5 toppen av Manaslu i Nepal, p\u00e5 8,163 meter. Foto: Privat Foto: Privat \/ Privat\" class=\"_image_qp4xg_65 layout-component layout-wide\" data-fullscreen- data-track-element-type=\"Article image fullscreen\" data-track-name=\"ImageFullscreen\" fetchpriority=\"high\" decoding=\"sync\" loading=\"eager\" height=\"1440\" itemprop=\"image\"  src=\"https:\/\/www.europesays.com\/no\/wp-content\/uploads\/2025\/10\/e5ac114d-39d8-4834-950e-b8006301f8e5\"  style=\"object-position:0% 0%\" width=\"1440\"\/> Kristin Harila p\u00e5 toppen av Manaslu i Nepal, p\u00e5 8,163 meter. Foto: Privat Foto: Privat \/ Privat<\/p>\n<ul aria-hidden=\"true\" class=\"_images_18f0k_111\">\n<li><a class=\"_link_18f0k_116\" href=\"https:\/\/www.vg.no\/forfatter\/kari-aarstad-aase\" style=\"z-index:1\" title=\"Kari Aarstad Aase\" rel=\"nofollow noopener\" target=\"_blank\"><img alt=\"Bilde av Kari Aarstad Aase\" class=\"_image_18f0k_93\" fetchpriority=\"low\" loading=\"lazy\" decoding=\"async\" itemprop=\"image\"  src=\"https:\/\/www.europesays.com\/no\/wp-content\/uploads\/2025\/10\/1761701049_428_0dbde33e-6d8e-4680-8e4f-e2a64281e2b8\"  width=\"480\"\/><\/a><\/li>\n<\/ul>\n<p> Oppdatert onsdag 29. oktober kl. 00:26     <\/p>\n<p class=\"_paragraph_o9xde_4 _paragraph_xtcu6_10 layout-component text-serif-m layout-normal text-serif-m layout-padded\">Norske Kristin Harila skal gi seg ut p\u00e5 et nytt og farlig prosjekt. Hun vil fors\u00f8ke \u00e5 bestige <a href=\"https:\/\/www.vg.no\/tag\/mount-everest?utm_source=vg-article&amp;utm_medium=auto-tagger&amp;utm_campaign=25Re74\" class=\"_link_o9xde_39\" rel=\"nofollow noopener\" target=\"_blank\">Mount Everest<\/a> uten oksygen, noe som aldri er gjort av en nordmann.<\/p>\n<p class=\"_paragraph_o9xde_4 _paragraph_xtcu6_10 layout-component text-serif-m layout-normal text-serif-m layout-padded\">\u2013 Det er den ekstreme utfordringen som gj\u00f8r at jeg har s\u00e5 lyst. Lyst til \u00e5 pr\u00f8ve, sier Harila til <a href=\"https:\/\/www.nrk.no\/kultur\/kristin-harila-gir-seg-ut-pa-nytt-og-farleg-prosjekt_-skal-ga-mount-everest-utan-oksygen-1.17628203\" class=\"_link_o9xde_39\" rel=\"nofollow noopener\" target=\"_blank\">NRK<\/a>.<\/p>\n<p class=\"_paragraph_o9xde_4 _paragraph_xtcu6_10 layout-component text-serif-m layout-normal text-serif-m layout-padded\">Under \u00e9n prosent av alle som klatrer Mount Everest gj\u00f8r det uten oksygen. F\u00e6rre enn ti kvinner i verden har klart det.<\/p>\n<p><img alt=\"Kristin Harila  Foto: Privat \/ Privat\" class=\"_image_qp4xg_65 layout-component layout-normal\" data-fullscreen- data-track-element-type=\"Article image fullscreen\" data-track-name=\"ImageFullscreen\" decoding=\"async\" loading=\"lazy\" height=\"1067\" itemprop=\"image\"  src=\"https:\/\/www.europesays.com\/no\/wp-content\/uploads\/2025\/10\/a88ca3ca-0d29-45e7-af1b-8db46adb9576\"  style=\"object-position:0% 0%\" width=\"1600\"\/>Kristin Harila  Foto: Privat \/ Privat<\/p>\n<p class=\"_paragraph_o9xde_4 _paragraph_xtcu6_10 layout-component text-serif-m layout-normal text-serif-m layout-padded\">Harila har pr\u00f8vd \u00e9n gang f\u00f8r, men m\u00e5tte snu p\u00e5 8000 meter.<\/p>\n<p class=\"_paragraph_o9xde_4 _paragraph_xtcu6_10 layout-component text-serif-m layout-normal text-serif-m layout-padded\">\u2013 Jeg hostet for mye og m\u00e5tte derfor snu, men jeg kjenner det er et fjell jeg har kontroll p\u00e5, etter \u00e5 ha v\u00e6rt p\u00e5 toppen tre ganger og fjellet fem ganger tidligere, sier hun.<\/p>\n<p class=\"_paragraph_o9xde_4 _paragraph_xtcu6_10 layout-component text-serif-m layout-normal text-serif-m layout-padded\">I 2023 ble Harila verdens raskeste klatrer da hun besteg alle 14 topper over 8000 meter p\u00e5 bare 92 dager. Hun gjorde det sammen med klatrepartneren Tenjen \u00abLama\u00bb Sherpa.<\/p>\n<p class=\"_paragraph_o9xde_4 _paragraph_xtcu6_10 layout-component text-serif-m layout-normal text-serif-m layout-padded\">Kort tid etter verdsrekorden d\u00f8de Tenjen i et skred p\u00e5 vei opp til Shishapangma i Tibet. Han ble aldri funnet.<\/p>\n<p><img alt=\"Foto: Niranjan Shrestha \/ AP \/ NTB\" class=\"_image_qp4xg_65 layout-component layout-normal\" data-fullscreen- data-track-element-type=\"Article image fullscreen\" data-track-name=\"ImageFullscreen\" decoding=\"async\" loading=\"lazy\" height=\"5484\" itemprop=\"image\"  src=\"https:\/\/www.europesays.com\/no\/wp-content\/uploads\/2025\/10\/40f0a819-2820-4759-ad22-855201ac3206\"  style=\"object-position:0% 0%\" width=\"8224\"\/>Foto: Niranjan Shrestha \/ AP \/ NTB<\/p>\n<p class=\"_paragraph_o9xde_4 _paragraph_xtcu6_10 layout-component text-serif-m layout-normal text-serif-m layout-padded\">\u2013 Det er fremdeles uvirkelig \u00e5 tenke p\u00e5 at han er borte, sier Harila.<\/p>\n<p class=\"_paragraph_o9xde_4 _paragraph_xtcu6_10 layout-component text-serif-m layout-normal text-serif-m layout-padded\">Hun har ogs\u00e5 planer om \u00e5 sl\u00e5 en ny rekord ved \u00e5 g\u00e5 til Sydpolen raskest mulig. Herrerekorden er under 22 dager tur-retur.<\/p>\n<p class=\"_paragraph_o9xde_4 _paragraph_xtcu6_10 layout-component text-serif-m layout-normal text-serif-m layout-padded\">\u2013 Vi damer m\u00e5 v\u00e6re med \u00e5 sl\u00e5 rekorder uavhengig om vi er damer eller menn, sier hun.<\/p>\n<p>Les ogs\u00e5<\/p>\n","protected":false},"excerpt":{"rendered":"F\u00e6rre enn ti kvinner i verden har klart det. Kristin Harila p\u00e5 toppen av Manaslu i Nepal, p\u00e5&hellip;\n","protected":false},"author":2,"featured_media":72651,"comment_status":"","ping_status":"","sticky":false,"template":"","format":"standard","meta":{"footnotes":""},"categories":[12],"tags":[20,21,24,25,15,10112,22,23,7094,13,30,28,29,14,16,26,27,42,46,43,44,45],"class_list":{"0":"post-72650","1":"post","2":"type-post","3":"status-publish","4":"format-standard","5":"has-post-thumbnail","7":"category-verden","8":"tag-breaking-news","9":"tag-breakingnews","10":"tag-featured-news","11":"tag-featurednews","12":"tag-headlines","13":"tag-kristin-harila","14":"tag-latest-news","15":"tag-latestnews","16":"tag-mount-everest","17":"tag-news","18":"tag-no","19":"tag-norge","20":"tag-norway","21":"tag-nyheter","22":"tag-overskrifter","23":"tag-top-stories","24":"tag-topstories","25":"tag-verden","26":"tag-vgai","27":"tag-world","28":"tag-world-news","29":"tag-worldnews"},"share_on_mastodon":{"url":"https:\/\/pubeurope.com\/@no\/115454847473813265","error":""},"_links":{"self":[{"href":"https:\/\/www.europesays.com\/no\/wp-json\/wp\/v2\/posts\/72650","targetHints":{"allow":["GET"]}}],"collection":[{"href":"https:\/\/www.europesays.com\/no\/wp-json\/wp\/v2\/posts"}],"about":[{"href":"https:\/\/www.europesays.com\/no\/wp-json\/wp\/v2\/types\/post"}],"author":[{"embeddable":true,"href":"https:\/\/www.europesays.com\/no\/wp-json\/wp\/v2\/users\/2"}],"replies":[{"embeddable":true,"href":"https:\/\/www.europesays.com\/no\/wp-json\/wp\/v2\/comments?post=72650"}],"version-history":[{"count":0,"href":"https:\/\/www.europesays.com\/no\/wp-json\/wp\/v2\/posts\/72650\/revisions"}],"wp:featuredmedia":[{"embeddable":true,"href":"https:\/\/www.europesays.com\/no\/wp-json\/wp\/v2\/media\/72651"}],"wp:attachment":[{"href":"https:\/\/www.europesays.com\/no\/wp-json\/wp\/v2\/media?parent=72650"}],"wp:term":[{"taxonomy":"category","embeddable":true,"href":"https:\/\/www.europesays.com\/no\/wp-json\/wp\/v2\/categories?post=72650"},{"taxonomy":"post_tag","embeddable":true,"href":"https:\/\/www.europesays.com\/no\/wp-json\/wp\/v2\/tags?post=72650"}],"curies":[{"name":"wp","href":"https:\/\/api.w.org\/{rel}","templated":true}]}}