{"id":72659,"date":"2025-10-29T02:13:09","date_gmt":"2025-10-29T02:13:09","guid":{"rendered":"https:\/\/www.europesays.com\/no\/72659\/"},"modified":"2025-10-29T02:13:09","modified_gmt":"2025-10-29T02:13:09","slug":"vanlige-folk-er-forbanna-dagbladet","status":"publish","type":"post","link":"https:\/\/www.europesays.com\/no\/72659\/","title":{"rendered":"&#8211; Vanlige folk er forbanna &#8211; Dagbladet"},"content":{"rendered":"<ol>\n<li><a href=\"https:\/\/news.google.com\/rss\/articles\/CBMidEFVX3lxTFBFaDZPSzFPS0N0ODlWbmFJVC03czIyQ1F6SE9zdzBQczBZWklvWjNMUUpkZjNkRVU4WDAxVDROS2Nud1M3Y09VVWlVSGNfTzZUeWdabE9MRmxsVUUxTGNwUHNDNWN2LWxBWmc4U2UxaS1zTUFh?oc=5\" target=\"_blank\" rel=\"nofollow noopener\">&#8211; Vanlige folk er forbanna<\/a>&nbsp;&nbsp;Dagbladet<\/li>\n<li><a href=\"https:\/\/news.google.com\/rss\/articles\/CBMiigFBVV95cUxNVlRRWHRWZ0RLZGV6UnhqMjZKUUhKYkR6TTQ4QjgxakxpbG9tWFBvTURTOTB2NENSa19JVC1Rdm9EbTk2bHdHTTNWNFNtTVZmc1h6anVhY1AyS2wzS0QtcVFNc19JbllDM3hra2YtMUdIOUl5bGx3QzhDX1ZqTnBsbXFfM2FMSnMtUGc?oc=5\" target=\"_blank\" rel=\"nofollow noopener\">Shutdown: N\u00e5 rammes luftfarten<\/a>&nbsp;&nbsp;Finansavisen<\/li>\n<li><a href=\"https:\/\/news.google.com\/rss\/articles\/CBMimgFBVV95cUxPejM3UXpkOEhFY29yUm9MUEdHUFdOOG5Xa2RfRXR0U3NEOVFWOG9hZThTUXhsUVVEckFPZTZmTDIwQXZWWk53NVk2ZXRLZW9MNUp6UmhmNG1Pam9JeXg5cXJmMWZnM2ZoVFBOOVU4bElYOUVnUmc2SXFQSDB0N21oRk03Z203cHlNdUdsMVp1cldCSHJXaEZ4VGl3?oc=5\" target=\"_blank\" rel=\"nofollow noopener\">(+) Ny dag med mange forsinkede flyavganger i USA<\/a>&nbsp;&nbsp;altaposten.no<\/li>\n<li><a href=\"https:\/\/news.google.com\/rss\/articles\/CBMikAFBVV95cUxQeW1YZUVZX2ktelJRaFVYVzRJQ05sa1BjTTA1M1BFbVUxak9BTVFfR3VVLTNNaF9BQzZZZTZ4XzF2SFNPelBxMHFobFY5RzVVekE5cE96OHQwVzFTbHBFVFA0SU13aWlZY0NNSHpNWXdrNEU2c3JTSkotRXMtUEdaVFNwNDFpWlhhbHc3VWdCZEY?oc=5\" target=\"_blank\" rel=\"nofollow noopener\">Millioner av amerikanere mister matst\u00f8tte<\/a>&nbsp;&nbsp;TV2.no<\/li>\n<li><a href=\"https:\/\/news.google.com\/rss\/articles\/CBMiuAFBVV95cUxQX1QtRTdfWWNwbDJvbjA2b3ZYZ09YcG0zX0RCWXk3Qy1qeWlPREpFVkFRQUNwYnpUcG9RZEswSFU2VXlPWTlJRjFmdDNFMUtjYWZCdFAtSUpfMkNQcVgwaDFFdURkTzQ5Y2YyWUYtQnN3WWI5Tmx5MEZvTkhod3dJd1BWSlBRWWFjRzM1ZUFmRnoxck1JaXB5cVFzb0NsQ3I4OUJEU1JMLWd1eFBKWHhEU1hlTjNwWnE3?oc=5\" target=\"_blank\" rel=\"nofollow noopener\">(+) 42 millioner amerikanere f\u00e5r ikke utbetalt matst\u00f8tte neste m\u00e5ned<\/a>&nbsp;&nbsp;folkebladet.no<\/li>\n<\/ol>\n","protected":false},"excerpt":{"rendered":"&#8211; Vanlige folk er forbanna&nbsp;&nbsp;Dagbladet Shutdown: N\u00e5 rammes luftfarten&nbsp;&nbsp;Finansavisen (+) Ny dag med mange forsinkede flyavganger i USA&nbsp;&nbsp;altaposten.no&hellip;\n","protected":false},"author":2,"featured_media":72660,"comment_status":"","ping_status":"","sticky":false,"template":"","format":"standard","meta":{"footnotes":""},"categories":[12],"tags":[20,21,55,24,25,15,22,23,10114,10113,13,30,28,29,14,16,26,27,50,412,42,43,44,45],"class_list":{"0":"post-72659","1":"post","2":"type-post","3":"status-publish","4":"format-standard","5":"has-post-thumbnail","7":"category-verden","8":"tag-breaking-news","9":"tag-breakingnews","10":"tag-donald-trump","11":"tag-featured-news","12":"tag-featurednews","13":"tag-headlines","14":"tag-latest-news","15":"tag-latestnews","16":"tag-marjorie-taylor-greene","17":"tag-mike-johnson","18":"tag-news","19":"tag-no","20":"tag-norge","21":"tag-norway","22":"tag-nyheter","23":"tag-overskrifter","24":"tag-top-stories","25":"tag-topstories","26":"tag-usa","27":"tag-utenriks","28":"tag-verden","29":"tag-world","30":"tag-world-news","31":"tag-worldnews"},"share_on_mastodon":{"url":"https:\/\/pubeurope.com\/@no\/115455040152202894","error":""},"_links":{"self":[{"href":"https:\/\/www.europesays.com\/no\/wp-json\/wp\/v2\/posts\/72659","targetHints":{"allow":["GET"]}}],"collection":[{"href":"https:\/\/www.europesays.com\/no\/wp-json\/wp\/v2\/posts"}],"about":[{"href":"https:\/\/www.europesays.com\/no\/wp-json\/wp\/v2\/types\/post"}],"author":[{"embeddable":true,"href":"https:\/\/www.europesays.com\/no\/wp-json\/wp\/v2\/users\/2"}],"replies":[{"embeddable":true,"href":"https:\/\/www.europesays.com\/no\/wp-json\/wp\/v2\/comments?post=72659"}],"version-history":[{"count":0,"href":"https:\/\/www.europesays.com\/no\/wp-json\/wp\/v2\/posts\/72659\/revisions"}],"wp:featuredmedia":[{"embeddable":true,"href":"https:\/\/www.europesays.com\/no\/wp-json\/wp\/v2\/media\/72660"}],"wp:attachment":[{"href":"https:\/\/www.europesays.com\/no\/wp-json\/wp\/v2\/media?parent=72659"}],"wp:term":[{"taxonomy":"category","embeddable":true,"href":"https:\/\/www.europesays.com\/no\/wp-json\/wp\/v2\/categories?post=72659"},{"taxonomy":"post_tag","embeddable":true,"href":"https:\/\/www.europesays.com\/no\/wp-json\/wp\/v2\/tags?post=72659"}],"curies":[{"name":"wp","href":"https:\/\/api.w.org\/{rel}","templated":true}]}}