{"id":72681,"date":"2025-10-29T04:04:09","date_gmt":"2025-10-29T04:04:09","guid":{"rendered":"https:\/\/www.europesays.com\/no\/72681\/"},"modified":"2025-10-29T04:04:09","modified_gmt":"2025-10-29T04:04:09","slug":"israel-angriper-gaza-etter-brudd-pa-vapenhvile","status":"publish","type":"post","link":"https:\/\/www.europesays.com\/no\/72681\/","title":{"rendered":"Israel angriper Gaza etter brudd p\u00e5 v\u00e5penhvile"},"content":{"rendered":"\n<p class=\"_lead_o9xde_2 _lead_xtcu6_50 layout-component text-serif-m layout-normal text-serif-l layout-component layout-wide layout-padded _wide_17hqh_1 layout-padded\">Minst 30 palestinere drept i luftangrep tirsdag.<\/p>\n<p><img alt=\"En palestinsk mann gr\u00e5ter ved siden av kroppen til en mann som if\u00f8lge helsepersonell ble drept i et israelsk angrep, p\u00e5 Nasser-sykehuset i Khan Younis s\u00f8r p\u00e5 Gazastripen. Foto: Stringer \/ Reuters \/ NTB\" class=\"_image_qp4xg_65 layout-component layout-wide\" data-fullscreen- data-track-element-type=\"Article image fullscreen\" data-track-name=\"ImageFullscreen\" fetchpriority=\"high\" decoding=\"sync\" loading=\"eager\" height=\"3024\" itemprop=\"image\"  src=\"https:\/\/www.europesays.com\/no\/wp-content\/uploads\/2025\/10\/da372d6f-ea41-459c-abbf-88fc04c8ec83\"  style=\"object-position:0% 0%\" width=\"4032\"\/>En palestinsk mann gr\u00e5ter ved siden av kroppen til en mann som if\u00f8lge helsepersonell ble drept i et israelsk angrep, p\u00e5 Nasser-sykehuset i Khan Younis s\u00f8r p\u00e5 Gazastripen. Foto: Stringer \/ Reuters \/ NTB<\/p>\n<ul aria-hidden=\"true\" class=\"_images_18f0k_111\">\n<li><a class=\"_link_18f0k_116\" href=\"https:\/\/www.vg.no\/forfatter\/kari-aarstad-aase\" style=\"z-index:1\" title=\"Kari Aarstad Aase\" rel=\"nofollow noopener\" target=\"_blank\"><img alt=\"Bilde av Kari Aarstad Aase\" class=\"_image_18f0k_93\" fetchpriority=\"low\" loading=\"lazy\" decoding=\"async\" itemprop=\"image\"  src=\"https:\/\/www.europesays.com\/no\/wp-content\/uploads\/2025\/10\/1761710649_688_0dbde33e-6d8e-4680-8e4f-e2a64281e2b8\"  width=\"480\"\/><\/a><\/li>\n<\/ul>\n<p> Oppdatert onsdag 29. oktober kl. 03:17     <\/p>\n<p class=\"_paragraph_o9xde_4 _paragraph_xtcu6_10 layout-component text-serif-m layout-normal text-serif-m layout-padded\">Statsminister Benjamin Netanyahu beordret \u00abkraftige angrep\u00bb p\u00e5 <a href=\"https:\/\/www.vg.no\/tag\/gaza?utm_source=vg-article&amp;utm_medium=auto-tagger&amp;utm_campaign=Eydn63\" class=\"_link_o9xde_39\" rel=\"nofollow noopener\" target=\"_blank\">Gaza<\/a> etter at Hamas angivelig angrep israelske soldater og br\u00f8t den amerikanske v\u00e5penhvilen, melder <a href=\"https:\/\/www.lemonde.fr\/en\/international\/article\/2025\/10\/28\/netanyahu-orders-israeli-army-to-carry-out-powerful-strikes-on-gaza_6746866_4.html#\" class=\"_link_o9xde_39\" rel=\"nofollow noopener\" target=\"_blank\">Le Monde<\/a>.<\/p>\n<p class=\"_paragraph_o9xde_4 _paragraph_xtcu6_10 layout-component text-serif-m layout-normal text-serif-m layout-padded\">Gazas sivilforsvarsorganisasjon sier Israel gjennomf\u00f8rte luftangrep tirsdag til tross for den p\u00e5g\u00e5ende v\u00e5penhvilen. Minst 30 personer ble drept i angrep mot flere deler av Gaza, if\u00f8lge en talsmann for organisasjonen.<\/p>\n<p class=\"_paragraph_o9xde_4 _paragraph_xtcu6_10 layout-component text-serif-m layout-normal text-serif-m layout-padded\">Forsvarsminister Israel Katz anklaget Hamas for \u00e5 ha angrepet israelske soldater i Gaza.<\/p>\n<p class=\"_paragraph_o9xde_4 _paragraph_xtcu6_10 layout-component text-serif-m layout-normal text-serif-m layout-padded\">\u2013 Hamas sitt angrep i dag p\u00e5 IDF-soldater i Gaza er en kryssing av en klar r\u00f8d linje, som IDF vil svare p\u00e5 med stor kraft, sa Katz i en uttalelse.<\/p>\n<p><img alt=\"Et s\u00e5ret palestinsk barn ser opp mens han f\u00e5r behandling etter et israelsk angrep mot et hus, if\u00f8lge medisinsk personell, p\u00e5 Al-Ahli Arab-sykehuset i Gaza by.   Foto: Dawoud Abu Alkas \/ Reuters \/ NTB\" class=\"_image_qp4xg_65 layout-component layout-normal\" data-fullscreen- data-track-element-type=\"Article image fullscreen\" data-track-name=\"ImageFullscreen\" decoding=\"async\" loading=\"lazy\" height=\"3205\" itemprop=\"image\"  src=\"https:\/\/www.europesays.com\/no\/wp-content\/uploads\/2025\/10\/573fc595-fccc-43b0-a8e6-4b82a0bf160a\"  style=\"object-position:0% 0%\" width=\"4651\"\/>Et s\u00e5ret palestinsk barn ser opp mens han f\u00e5r behandling etter et israelsk angrep mot et hus, if\u00f8lge medisinsk personell, p\u00e5 Al-Ahli Arab-sykehuset i Gaza by.   Foto: Dawoud Abu Alkas \/ Reuters \/ NTB<\/p>\n<p class=\"_paragraph_o9xde_4 _paragraph_xtcu6_10 layout-component text-serif-m layout-normal text-serif-m layout-padded\">Hamas avviste anklagene og sa deres krigere hadde \u00abingen forbindelse til skyteepisoden i Rafah\u00bb.<\/p>\n<p class=\"_paragraph_o9xde_4 _paragraph_xtcu6_10 layout-component text-serif-m layout-normal text-serif-m layout-padded\">USAs visepresident JD Vance sa v\u00e5penhvilen holder til tross for tirsdagens \u00absm\u00e5sl\u00e5ssing\u00bb.<\/p>\n<p class=\"_paragraph_o9xde_4 _paragraph_xtcu6_10 layout-component text-serif-m layout-normal text-serif-m layout-padded\">\u2013 Det betyr ikke at det ikke kommer til \u00e5 v\u00e6re mer sm\u00e5sl\u00e5ssing, sa Vance til Fox News.<\/p>\n<p class=\"_paragraph_o9xde_4 _paragraph_xtcu6_10 layout-component text-serif-m layout-normal text-serif-m layout-padded\">President Donald Trump sa i morgentimene onsdag under sitt bes\u00f8k i S\u00f8r-Korea til Reuters at:<\/p>\n<p class=\"_paragraph_o9xde_4 _paragraph_xtcu6_10 layout-component text-serif-m layout-normal text-serif-m layout-padded\">\u2013 Hvis ikke Hamas oppf\u00f8rer seg, vil de bli utslettet. <\/p>\n<p class=\"_paragraph_o9xde_4 _paragraph_xtcu6_10 layout-component text-serif-m layout-normal text-serif-m layout-padded\">Trump sier ogs\u00e5 at den amerikanske-st\u00f8ttede v\u00e5penhvilen i Gaza ikke er truet, til tross for d\u00f8delige israelske angrep som if\u00f8lge lokale myndigheter drepte minst 26 personer.<\/p>\n<p class=\"_paragraph_o9xde_4 _paragraph_xtcu6_10 layout-component text-serif-m layout-normal text-serif-m layout-padded\">\u2013 Ingenting kommer til \u00e5 sette v\u00e5penhvilen i fare, sa Trump onsdag til journalister ombord p\u00e5 Air Force One, if\u00f8lge\u00a0Reuters.<\/p>\n<p class=\"_paragraph_o9xde_4 _paragraph_xtcu6_10 layout-component text-serif-m layout-normal text-serif-m layout-padded\">Spenningen \u00f8kte etter at Hamas mandag leverte delvise levninger av et gissel som Israel sa allerede var returnert for to \u00e5r siden. Netanyahu kalte det et \u00abklart brudd p\u00e5 avtalen\u00bb.<\/p>\n<p class=\"_paragraph_o9xde_4 _paragraph_xtcu6_10 layout-component text-serif-m layout-normal text-serif-m layout-padded\">Hamas hadde planlagt \u00e5 levere kroppen til en annen gissel tirsdag, men utsatte overleveringen p\u00e5 grunn av den israelske \u00abopptrappingen\u00bb.<\/p>\n<p class=\"_paragraph_o9xde_4 _paragraph_xtcu6_10 layout-component text-serif-m layout-normal layout-padded\"><strong class=\"_strong_o9xde_25\">Les ogs\u00e5:<\/strong> <a href=\"https:\/\/www.vg.no\/i\/W091wK\" data-track-element-type=\"Link\" data-track-id=\"link:W091wK\" class=\"_link_o9xde_39\" rel=\"nofollow noopener\" target=\"_blank\">\u00d8yenvitner: Israel angriper Gaza by<\/a><\/p>\n","protected":false},"excerpt":{"rendered":"Minst 30 palestinere drept i luftangrep tirsdag. En palestinsk mann gr\u00e5ter ved siden av kroppen til en mann&hellip;\n","protected":false},"author":2,"featured_media":72682,"comment_status":"","ping_status":"","sticky":false,"template":"","format":"standard","meta":{"footnotes":""},"categories":[12],"tags":[54,20,21,24,25,53,566,15,3545,22,23,13,30,28,29,14,16,26,27,42,46,43,44,45],"class_list":{"0":"post-72681","1":"post","2":"type-post","3":"status-publish","4":"format-standard","5":"has-post-thumbnail","7":"category-verden","8":"tag-benjamin-netanyahu","9":"tag-breaking-news","10":"tag-breakingnews","11":"tag-featured-news","12":"tag-featurednews","13":"tag-gaza","14":"tag-hamas","15":"tag-headlines","16":"tag-idf","17":"tag-latest-news","18":"tag-latestnews","19":"tag-news","20":"tag-no","21":"tag-norge","22":"tag-norway","23":"tag-nyheter","24":"tag-overskrifter","25":"tag-top-stories","26":"tag-topstories","27":"tag-verden","28":"tag-vgai","29":"tag-world","30":"tag-world-news","31":"tag-worldnews"},"share_on_mastodon":{"url":"https:\/\/pubeurope.com\/@no\/115455476808942526","error":""},"_links":{"self":[{"href":"https:\/\/www.europesays.com\/no\/wp-json\/wp\/v2\/posts\/72681","targetHints":{"allow":["GET"]}}],"collection":[{"href":"https:\/\/www.europesays.com\/no\/wp-json\/wp\/v2\/posts"}],"about":[{"href":"https:\/\/www.europesays.com\/no\/wp-json\/wp\/v2\/types\/post"}],"author":[{"embeddable":true,"href":"https:\/\/www.europesays.com\/no\/wp-json\/wp\/v2\/users\/2"}],"replies":[{"embeddable":true,"href":"https:\/\/www.europesays.com\/no\/wp-json\/wp\/v2\/comments?post=72681"}],"version-history":[{"count":0,"href":"https:\/\/www.europesays.com\/no\/wp-json\/wp\/v2\/posts\/72681\/revisions"}],"wp:featuredmedia":[{"embeddable":true,"href":"https:\/\/www.europesays.com\/no\/wp-json\/wp\/v2\/media\/72682"}],"wp:attachment":[{"href":"https:\/\/www.europesays.com\/no\/wp-json\/wp\/v2\/media?parent=72681"}],"wp:term":[{"taxonomy":"category","embeddable":true,"href":"https:\/\/www.europesays.com\/no\/wp-json\/wp\/v2\/categories?post=72681"},{"taxonomy":"post_tag","embeddable":true,"href":"https:\/\/www.europesays.com\/no\/wp-json\/wp\/v2\/tags?post=72681"}],"curies":[{"name":"wp","href":"https:\/\/api.w.org\/{rel}","templated":true}]}}