{"id":72703,"date":"2025-10-29T05:08:42","date_gmt":"2025-10-29T05:08:42","guid":{"rendered":"https:\/\/www.europesays.com\/no\/72703\/"},"modified":"2025-10-29T05:08:42","modified_gmt":"2025-10-29T05:08:42","slug":"vekker-oppsikt-ikke-bra","status":"publish","type":"post","link":"https:\/\/www.europesays.com\/no\/72703\/","title":{"rendered":"Vekker oppsikt: &#8211; Ikke bra"},"content":{"rendered":"<p class=\"kicker \" style=\"\">Linda Johansen:<\/p>\n<p>  Som 17-\u00e5ring tok skj\u00f8nnhetsdronningen en avgj\u00f8relse som skulle st\u00e5 seg. Moren h\u00e5pet likevel at hun skulle ombestemme seg.<\/p>\n<p>\n    \u00c6RLIG: Linda Johansen deler \u00e6rlig om hva hun tenkte om barn allerede som ten\u00e5ring. Foto: Tor Lindseth \/ Se og H\u00f8r\n  <\/p>\n<p>Gr\u00fcnder og skj\u00f8nnhetsdronning <a href=\"https:\/\/www.dagbladet.no\/kjendis\/hadde-ikke-sex-pa-atte-ar\/83595513\" rel=\"nofollow noopener\" target=\"_blank\">Linda Johansen (58)<\/a> var bare ten\u00e5ring da hun tok et valg som skulle forme resten av livet hennes. Mens mange dr\u00f8mte om sitt framtidige familieliv, kjente hun p\u00e5 noe helt annet.<\/p>\n<p>    <a itemprop=\"url\" href=\"https:\/\/www.dagbladet.no\/kjendis\/hadde-ikke-sex-pa-atte-ar\/83595513\" rel=\"nofollow noopener\" target=\"_blank\"><\/p>\n<p>      <img loading=\"lazy\" decoding=\"async\" src=\"https:\/\/www.europesays.com\/no\/wp-content\/uploads\/2025\/10\/83596170.webp\" width=\"147\" height=\"98\" title=\"Hadde ikke sex p\u00e5 \u00e5tte \u00e5r\" alt=\"\" class=\"lazyload\" style=\"--aspect-ratio-image: 1.50; \"\/><\/p>\n<p>        Hadde ikke sex p\u00e5 \u00e5tte \u00e5r<\/p>\n<p>    <\/a><\/p>\n<p>Denne uka gjester Johansen podkasten <a href=\"https:\/\/open.spotify.com\/episode\/0JPlKOmbuK67JTQ3EmLiO6\" rel=\"nofollow noopener\" target=\"_blank\">\u00abEr det noe liv?\u00bb<\/a>, som ledes av Nora Angeltveit (35). Der \u00e5pner hun seg blant annet om hvorfor hun ikke \u00f8nsket seg et liv med barn.<\/p>\n<p>        MISFORN\u00d8YD: Linda Johansen advarer unge mennesker som viser hud for \u00e5 bli kjendiser. Bilder fra NRK<\/p>\n<p>&#8211; Jeg var 17 \u00e5r. Da fikk jeg en litt s\u00e5nn &#8230; ikke en \u00e5penbaring, men jeg visste bare at jeg ikke skulle ha barn. Jeg husker at jeg snakket med mamma om det og hun var s\u00e5nn: \u00abDu kommer sikkert til \u00e5 endre mening\u00bb. Mamma har sagt til meg i etterkant at hun der og da visste hun at hun aldri kom til \u00e5 bli bestemor, sier hun.\u00a0<\/p>\n<p>    <a itemprop=\"url\" href=\"https:\/\/www.dagbladet.no\/kjendis\/solgte-under-prisantydning\/83777713\" rel=\"nofollow noopener\" target=\"_blank\"><\/p>\n<p>      <img loading=\"lazy\" decoding=\"async\" src=\"https:\/\/www.europesays.com\/no\/wp-content\/uploads\/2025\/10\/83777731.webp\" width=\"147\" height=\"98\" title=\"Solgte under prisantydning\" alt=\"\" class=\"lazyload\" style=\"--aspect-ratio-image: 1.50; \"\/><\/p>\n<p>        Solgte under prisantydning<\/p>\n<p>    <\/a><\/p>\n<p>Som enebarn var presset ekstra stort, og 58-\u00e5ringen legger ikke skjul p\u00e5 at moren hadde et sterkt \u00f8nske om at hennes eneste datter skulle stifte familie.\u00a0<\/p>\n<p>          <img loading=\"lazy\" decoding=\"async\" src=\"https:\/\/www.europesays.com\/no\/wp-content\/uploads\/2025\/10\/83778986.webp\" width=\"686\" height=\"460\" title=\"IKKE INTERESSERT: Linda Johansen innr\u00f8mmer at hun aldri fikk den romantiske f\u00f8lelsen rundt det \u00e5 f\u00e5 barn. Foto: Kristin Svorte \/ Dagbladet\" alt=\"\" class=\"\" style=\"--aspect-ratio-image: 1.49; \"\/><\/p>\n<p>\n          IKKE INTERESSERT: Linda Johansen innr\u00f8mmer at hun aldri fikk den romantiske f\u00f8lelsen rundt det \u00e5 f\u00e5 barn. Foto: Kristin Svorte \/ Dagbladet\n      <\/p>\n<p>Allerede som ung ten\u00e5ring merket Johansen at hun skilte seg ut. Mens andre jenter p\u00e5 hennes alder gjerne tjente lommepenger som barnevakt og lengtet etter \u00e5 f\u00e5 egne barn, var hun fullstendig uinteressert.<\/p>\n<p class=\"font-weight-bold m-font-weight-bold\" data-lab-font_weight=\"font-weight-bold\">&#8211; Det jeg opplevde n\u00e5r jeg var 14-16 \u00e5r, var jo at mange ville v\u00e6re barnevakt og passe babyer. For meg var det helt uinteressant og jeg tenkte bare at det var s\u00e5 kjedelig. Jeg fikk aldri den romantiske f\u00f8lelsen rundt dette med barn, jeg hadde aldri det.\u00a0<\/p>\n<p>          <img loading=\"lazy\" decoding=\"async\" src=\"https:\/\/www.europesays.com\/no\/wp-content\/uploads\/2025\/10\/83778955.webp\" width=\"686\" height=\"440\" title=\"GIFT: Linda Johansen og ektemannen Timm Runar Wold giftet seg i 2018. Han har tre s\u00f8nner fra et tidligere forhold. Foto: Morten Eik \/ Se og H\u00f8r\" alt=\"\" class=\"\" style=\"--aspect-ratio-image: 1.56; \"\/><\/p>\n<p>\n          GIFT: Linda Johansen og ektemannen Timm Runar Wold giftet seg i 2018. Han har tre s\u00f8nner fra et tidligere forhold. Foto: Morten Eik \/ Se og H\u00f8r\n      <\/p>\n<p>Hun har v\u00e6rt fast bestemt p\u00e5 avgj\u00f8relsen i alle \u00e5r, men innr\u00f8mmer at hun i tidlig 30-\u00e5rene tenkte at hun burde f\u00e5 barn. Tanken forsvant imidlertid raskt &#8211; og siden har hun ikke sett seg tilbake.\u00a0<\/p>\n<p>        \u00abSKAL VI DANSE\u00bb: Trygve Bennetsen forteller at han han har f\u00e5tt mye oppmerksomhet i innboksen den siste tida. Video: R\u00f8d L\u00f8per\/<br \/>\nDanny Son Ngoc To\/Nora Skavhaug<\/p>\n<p>I dag er hun gift med Timm Runar Wold (52), som har tre gutter fra et tidligere forhold. For Johansen er det den perfekte l\u00f8sningen.<\/p>\n<p>&#8211; Det som er viktig \u00e5 p\u00e5peke, det er ikke det at jeg ikke vil ha \u00abmenneskebarn\u00bb i livet mitt, jeg ville bare aldri hatt \u00abbabybarn\u00bb, som jeg kaller det. Jeg har aldri v\u00e6rt interessert i dette livet som handler om sm\u00e5 barn, det kunne jeg aldri se for meg selv, avslutter hun.\u00a0<\/p>\n","protected":false},"excerpt":{"rendered":"Linda Johansen: Som 17-\u00e5ring tok skj\u00f8nnhetsdronningen en avgj\u00f8relse som skulle st\u00e5 seg. Moren h\u00e5pet likevel at hun skulle&hellip;\n","protected":false},"author":2,"featured_media":72704,"comment_status":"","ping_status":"","sticky":false,"template":"","format":"standard","meta":{"footnotes":""},"categories":[59],"tags":[92,2066,30,28,29,83,82],"class_list":{"0":"post-72703","1":"post","2":"type-post","3":"status-publish","4":"format-standard","5":"has-post-thumbnail","7":"category-sport","8":"tag-fotball","9":"tag-jorgen-strand-larsen","10":"tag-no","11":"tag-norge","12":"tag-norway","13":"tag-sport","14":"tag-sports"},"share_on_mastodon":{"url":"https:\/\/pubeurope.com\/@no\/115455728435998504","error":""},"_links":{"self":[{"href":"https:\/\/www.europesays.com\/no\/wp-json\/wp\/v2\/posts\/72703","targetHints":{"allow":["GET"]}}],"collection":[{"href":"https:\/\/www.europesays.com\/no\/wp-json\/wp\/v2\/posts"}],"about":[{"href":"https:\/\/www.europesays.com\/no\/wp-json\/wp\/v2\/types\/post"}],"author":[{"embeddable":true,"href":"https:\/\/www.europesays.com\/no\/wp-json\/wp\/v2\/users\/2"}],"replies":[{"embeddable":true,"href":"https:\/\/www.europesays.com\/no\/wp-json\/wp\/v2\/comments?post=72703"}],"version-history":[{"count":0,"href":"https:\/\/www.europesays.com\/no\/wp-json\/wp\/v2\/posts\/72703\/revisions"}],"wp:featuredmedia":[{"embeddable":true,"href":"https:\/\/www.europesays.com\/no\/wp-json\/wp\/v2\/media\/72704"}],"wp:attachment":[{"href":"https:\/\/www.europesays.com\/no\/wp-json\/wp\/v2\/media?parent=72703"}],"wp:term":[{"taxonomy":"category","embeddable":true,"href":"https:\/\/www.europesays.com\/no\/wp-json\/wp\/v2\/categories?post=72703"},{"taxonomy":"post_tag","embeddable":true,"href":"https:\/\/www.europesays.com\/no\/wp-json\/wp\/v2\/tags?post=72703"}],"curies":[{"name":"wp","href":"https:\/\/api.w.org\/{rel}","templated":true}]}}