{"id":72716,"date":"2025-10-29T05:40:12","date_gmt":"2025-10-29T05:40:12","guid":{"rendered":"https:\/\/www.europesays.com\/no\/72716\/"},"modified":"2025-10-29T05:40:12","modified_gmt":"2025-10-29T05:40:12","slug":"derfor-onsket-hun-aldri-barn","status":"publish","type":"post","link":"https:\/\/www.europesays.com\/no\/72716\/","title":{"rendered":"Derfor \u00f8nsket hun aldri barn"},"content":{"rendered":"<p>Det er laksearving og modell Gustav Magnar Witz\u00f8e (32) som gjester den nyeste episoden av \u00abA-laget\u00bb hos NRK.<\/p>\n<p>Witz\u00f8e ble Norges yngste milliard\u00e6r da han arvet aksjer i familieselskapet \u00abKverva\u00bb i 2011. Da var han tretten \u00e5r gammel.<\/p>\n<p>          <img loading=\"lazy\" decoding=\"async\" src=\"https:\/\/www.europesays.com\/no\/wp-content\/uploads\/2025\/10\/83640391.webp\" width=\"686\" height=\"392\" title=\"NORGES RIKESTE: Gustav Magnar Witz\u00f8e er Norges rikeste mann. If\u00f8lge Nettavisen hadde han en skatteregning p\u00e5 over \u00e9n million kroner om dagen i 2024. Foto: Gitte Paulsbo\/NTB\" alt=\"\" class=\"\" style=\"--aspect-ratio-image: 1.75; \"\/><\/p>\n<p>          NORGES RIKESTE: Gustav Magnar Witz\u00f8e er Norges rikeste mann. If\u00f8lge <a href=\"https:\/\/www.nettavisen.no\/okonomi\/gustav-magnar-witzoe-betalte-359-mill-i-skatt\/s\/5-95-2590993\" target=\"_blank\" rel=\"nofollow noopener\">Nettavisen <\/a>hadde han en skatteregning p\u00e5 over \u00e9n million kroner om dagen i 2024. Foto: Gitte Paulsbo\/NTB<\/p>\n<p>Nyheten om at formuen skulle overf\u00f8res til ham, fikk han servert ved middagsbordet over et kj\u00f8ttsuppem\u00e5ltid, forteller han til reporterne i \u00abA-laget\u00bb.<\/p>\n<p>Naturligvis blir det en del prat om penger, firma og formue. Samtidig \u00e5pner milliard\u00e6rs\u00f8nnen seg om oppveksten p\u00e5 \u00abMilliard\u00e6r\u00f8ya\u00bb, alts\u00e5 Fr\u00f8ya, utenfor Trondheim.<\/p>\n<p>Han forteller at han ofte kan gruble litt i overkant mye. I tillegg har han slitt en del med sosial angst oppigjennom \u00e5ra. Ofte unngikk han sosiale settinger og tenkte mye p\u00e5 hvordan han fremsto for andre mennesker.\u00a0<\/p>\n<p>Laksearvingen forteller ogs\u00e5 om at skolegangen ikke var en enkel sak for ham. Han innr\u00f8mmer at han syntes det var vanskelig, og at han p\u00e5 ingen m\u00e5te var noe skolelys.<\/p>\n<p>          <img loading=\"lazy\" decoding=\"async\" src=\"https:\/\/www.europesays.com\/no\/wp-content\/uploads\/2025\/10\/82985876.webp\" width=\"980\" height=\"559\" title=\"MET-GALLA: Den norske laksearvingen har blitt fast inventar p\u00e5 Met-gallaen, som er et av de st\u00f8rste \u00e5rlige motearrangementene. Her er han p\u00e5 den r\u00f8de l\u00f8peren, for f\u00f8rste gang i 2023. Foto: Angela Weiss\/AFP\" alt=\"\" class=\"\" style=\"--aspect-ratio-image: 1.75; \"\/><\/p>\n<p>\n          MET-GALLA: Den norske laksearvingen har blitt fast inventar p\u00e5 Met-gallaen, som er et av de st\u00f8rste \u00e5rlige motearrangementene. Her er han p\u00e5 den r\u00f8de l\u00f8peren, for f\u00f8rste gang i 2023. Foto: Angela Weiss\/AFP\n      <\/p>\n<p> &#8211; Jeg endte opp med \u00e5 droppe ut av videreg\u00e5ende. Istedenfor jobbet jeg p\u00e5 sj\u00f8en i to \u00e5r med masse flinke folk. Det l\u00e6rte jeg nesten mer av enn \u00e5 g\u00e5 p\u00e5 skolen, sier han. <\/p>\n<p>Til tross for at han aldri fullf\u00f8rte videreg\u00e5ende tok han absolutt del i russefeiringen. Faktisk endte han opp med \u00e5 m\u00e5tte sone to uker i Verdal fengsel.<\/p>\n<p>        \u00abFORR\u00c6DER\u00bb: Deltakeren skj\u00f8nte at det var hun som skulle bli \u00abdrept\u00bb. Video: \u00abForr\u00e6der\u00bb\/TV 2, R\u00f8d L\u00f8per\/Thea Hope\/Nora Skavhaug<\/p>\n<p> &#8211; Jeg kj\u00f8rte alt for fort og ble tatt av politiet. Da mistet jeg lappen og m\u00e5tte sone to uker i fengsel. <\/p>\n<p>En av A-lagets reportere lurer p\u00e5 om han kj\u00f8pte seg ut av fengsel. Selv om det ikke er mulig i Norge innr\u00f8mmer en sp\u00f8kefull Witz\u00f8e at han hadde gjort det om han kunne.<\/p>\n<p>I tillegg til \u00e5 v\u00e6re laksebedriftseier jobber han som modell. N\u00e5r han stiller opp p\u00e5 fotoshoots eller sprader ned catwalken er det ikke pengene som er motivasjonen, forteller han.<\/p>\n<p>          <img loading=\"lazy\" decoding=\"async\" src=\"https:\/\/www.europesays.com\/no\/wp-content\/uploads\/2025\/10\/83780267.webp\" width=\"686\" height=\"460\" title=\"LAKSEROSA: Her er Witz\u00f8e p\u00e5 Met-gallaen i New York ikledd et av sine mest ikoniske lakserosa antrekk. Han forteller \u00abA-laget\u00bb at han ikke er fremmed for \u00e5 g\u00e5 i kjole igjen. Foto: CJ Rivera\" alt=\"\" class=\"\" style=\"--aspect-ratio-image: 1.49; \"\/><\/p>\n<p>\n          LAKSEROSA: Her er Witz\u00f8e p\u00e5 Met-gallaen i New York ikledd et av sine mest ikoniske lakserosa antrekk. Han forteller \u00abA-laget\u00bb at han ikke er fremmed for \u00e5 g\u00e5 i kjole igjen. Foto: CJ Rivera\n      <\/p>\n<p>N\u00e5r han er modell, kan han late som han er noen andre. Siden han ikke er \u00abseg selv\u00bb i modellrollen trenger han ikke v\u00e6re redd, og kan legge vekk fryktene sine. Det har fungert som eksponeringsterapi, forteller han.<\/p>\n<p>    <a itemprop=\"url\" href=\"https:\/\/www.dagbladet.no\/kjendis\/ukjent-kongelig-topper-ungkar-liste\/83776962\" rel=\"nofollow noopener\" target=\"_blank\"><\/p>\n<p>      <img loading=\"lazy\" decoding=\"async\" src=\"https:\/\/www.europesays.com\/no\/wp-content\/uploads\/2025\/10\/83777040.webp\" width=\"980\" height=\"441\" title=\"Ukjent kongelig topper ungkar-liste\" alt=\"\" class=\"lazyload\" style=\"--aspect-ratio-image: 2.22; \"\/><\/p>\n<p>        Ukjent kongelig topper ungkar-liste<\/p>\n<p>    <\/a><\/p>\n<p>N\u00e5r en av reporterne sp\u00f8r ham hvem av hans to foreldre han helst ville v\u00e6rt, flirer han og svarer: \u00abMamma\u00bb.<\/p>\n<p>Han forteller at pappa Gustav Witz\u00f8e (72) var den business-orienterte og ofret veldig mye tid til \u00e5 drive firmaet, mens mamma Oddny Witz\u00f8e (68) var omsorgspersonen hjemme.<\/p>\n<p>          <img loading=\"lazy\" decoding=\"async\" src=\"https:\/\/www.europesays.com\/no\/wp-content\/uploads\/2025\/10\/83779893.webp\" width=\"980\" height=\"559\" title=\"Gustav Magnar Witz\u00f8e er s\u00f8nn av Gustav Witz\u00f8e (72), avbildet her etter Debatten hos NRK, og Oddny Witz\u00f8e (68). Foto: Stian Lysberg Solum\" alt=\"\" class=\"\" style=\"--aspect-ratio-image: 1.75; \"\/><\/p>\n<p>\n          Gustav Magnar Witz\u00f8e er s\u00f8nn av Gustav Witz\u00f8e (72), avbildet her etter Debatten hos NRK, og Oddny Witz\u00f8e (68). Foto: Stian Lysberg Solum\n      <\/p>\n<p> &#8211; Pappa var den business-orienterte og ofret veldig mye tid til \u00e5 drive firmaet, mens mamma var omsorgspersonen hjemme, forklarer han og utdyper:\u00a0<\/p>\n<p>&#8211; Jeg har et veldig godt forhold til begge mine foreldre alts\u00e5. Mamma ringer nesten hver dag og sp\u00f8r hvordan det g\u00e5r med Alexis og babyen. Hun gleder seg veldig til \u00e5 bli bestemor.<\/p>\n<p>    <a itemprop=\"url\" href=\"https:\/\/www.dagbladet.no\/kjendis\/na-er-barnet-her\/82867479\" rel=\"nofollow noopener\" target=\"_blank\"><\/p>\n<p>      <img loading=\"lazy\" decoding=\"async\" src=\"https:\/\/www.europesays.com\/no\/wp-content\/uploads\/2025\/10\/82867895.webp\" width=\"147\" height=\"98\" title=\"N\u00e5 er barnet her\" alt=\"\" class=\"lazyload\" style=\"--aspect-ratio-image: 1.50; \"\/><\/p>\n<p>        N\u00e5 er barnet her<\/p>\n<p>    <\/a><\/p>\n<p>Milliard\u00e6rs\u00f8nnen ventet nemlig barn sammen med sin samboer Alexis Fernandez (27) da episoden ble spilt inn. I april i \u00e5r ble datteren deres f\u00f8dt.<\/p>\n<p>Til \u00abA-laget\u00bb sp\u00f8kte han med at dersom barnet ble en gutt, ville de kalle ham \u00abArve\u00bb &#8211; et ordspill p\u00e5 den store formuen han \u00e9n dag ville arve.<\/p>\n","protected":false},"excerpt":{"rendered":"Det er laksearving og modell Gustav Magnar Witz\u00f8e (32) som gjester den nyeste episoden av \u00abA-laget\u00bb hos NRK.&hellip;\n","protected":false},"author":2,"featured_media":72717,"comment_status":"","ping_status":"","sticky":false,"template":"","format":"standard","meta":{"footnotes":""},"categories":[12],"tags":[4982,1301,20,21,24,25,15,479,2543,22,23,5890,13,30,28,29,14,16,26,27,42,43,44,45],"class_list":{"0":"post-72716","1":"post","2":"type-post","3":"status-publish","4":"format-standard","5":"has-post-thumbnail","7":"category-verden","8":"tag-apner-opp","9":"tag-barn","10":"tag-breaking-news","11":"tag-breakingnews","12":"tag-featured-news","13":"tag-featurednews","14":"tag-headlines","15":"tag-kjendis","16":"tag-kjendisdesken","17":"tag-latest-news","18":"tag-latestnews","19":"tag-linda-johansen","20":"tag-news","21":"tag-no","22":"tag-norge","23":"tag-norway","24":"tag-nyheter","25":"tag-overskrifter","26":"tag-top-stories","27":"tag-topstories","28":"tag-verden","29":"tag-world","30":"tag-world-news","31":"tag-worldnews"},"share_on_mastodon":{"url":"https:\/\/pubeurope.com\/@no\/115455854313891151","error":""},"_links":{"self":[{"href":"https:\/\/www.europesays.com\/no\/wp-json\/wp\/v2\/posts\/72716","targetHints":{"allow":["GET"]}}],"collection":[{"href":"https:\/\/www.europesays.com\/no\/wp-json\/wp\/v2\/posts"}],"about":[{"href":"https:\/\/www.europesays.com\/no\/wp-json\/wp\/v2\/types\/post"}],"author":[{"embeddable":true,"href":"https:\/\/www.europesays.com\/no\/wp-json\/wp\/v2\/users\/2"}],"replies":[{"embeddable":true,"href":"https:\/\/www.europesays.com\/no\/wp-json\/wp\/v2\/comments?post=72716"}],"version-history":[{"count":0,"href":"https:\/\/www.europesays.com\/no\/wp-json\/wp\/v2\/posts\/72716\/revisions"}],"wp:featuredmedia":[{"embeddable":true,"href":"https:\/\/www.europesays.com\/no\/wp-json\/wp\/v2\/media\/72717"}],"wp:attachment":[{"href":"https:\/\/www.europesays.com\/no\/wp-json\/wp\/v2\/media?parent=72716"}],"wp:term":[{"taxonomy":"category","embeddable":true,"href":"https:\/\/www.europesays.com\/no\/wp-json\/wp\/v2\/categories?post=72716"},{"taxonomy":"post_tag","embeddable":true,"href":"https:\/\/www.europesays.com\/no\/wp-json\/wp\/v2\/tags?post=72716"}],"curies":[{"name":"wp","href":"https:\/\/api.w.org\/{rel}","templated":true}]}}