{"id":7275,"date":"2025-08-13T20:04:20","date_gmt":"2025-08-13T20:04:20","guid":{"rendered":"https:\/\/www.europesays.com\/no\/7275\/"},"modified":"2025-08-13T20:04:20","modified_gmt":"2025-08-13T20:04:20","slug":"sport-basket-norge-tapte-mot-danmark-dermed-er-vm-hapet-dodt","status":"publish","type":"post","link":"https:\/\/www.europesays.com\/no\/7275\/","title":{"rendered":"Sport, Basket | Norge tapte mot Danmark. Dermed er VM-h\u00e5pet d\u00f8dt."},"content":{"rendered":"\n<p><b>Norge \u2013 Danmark 70 &#8211; 79 <\/b>: Etter tap i gruppens f\u00f8rste kamp mot Kroatia, tok Norge mot Danmark i \u00c5sane Arena onsdag ettermiddag. Av tolv spillere i den norske troppen, spiller fem sin daglige basketball i Bergen. I tillegg til det er landslagets assistenttrener, Brent Hackman, ogs\u00e5 hovedtrener for Fr\u00f8ya.<\/p>\n<p>At basketballen gror godt i Bergen er det ingen tvil om. Hackman viser til satsing over tid.<\/p>\n<p>\u2013 \u00c5rsaken er en rekke klubber som satser over tid. Gimle har v\u00e6rt i toppen lenge, Fr\u00f8ya har et fantastisk anlegg og har rekruttert godt over de siste \u00e5rene med en veldig bevisst satsing, mens Fyllingen virkelig har satset etter de rykket opp med Europa-spill og en rekke titler. Det er et lite basketmilj\u00f8 som holder ekstremt h\u00f8yt niv\u00e5 i Bergen, sier han til BA.<\/p>\n<p>Etablert<\/p>\n<p>Selv har han v\u00e6rt involvert i landslaget i forskjellige roller i en \u00e5rrekke. Mange av dem som n\u00e5 utgj\u00f8r landslaget, har han jobbet med siden de spilte p\u00e5 juniorlagene.<\/p>\n<p>Selv om han i troppen har med seg b\u00e5de egne spillere fra Fr\u00f8ya og konkurrenter fra Fyllingen og Gimle, er ikke det noe han tenker p\u00e5 n\u00e5r de er i landslagsboblen.<\/p>\n<p>\u2013 Det merker jeg ikke s\u00e5 godt. N\u00e5r vi er p\u00e5 banen og konkurrerer mot hverandre, vil vi vinne hver eneste kamp. P\u00e5 landslaget er det helt likt \u2013 bare at vi er sammen. Vi bruker veldig lite energi p\u00e5 \u00e5 tenke p\u00e5 den kampen som ble spilt i mars eller april, sier han, men innr\u00f8mmer:<\/p>\n<p>\u2013 Jeg tror kanskje guttene i garderoben snakker litt mer om de hverdagslige tingene!<\/p>\n<p>   <img decoding=\"async\" width=\"2688\" height=\"1792\" fetchpriority=\"low\"  loading=\"lazy\"  src=\"https:\/\/www.europesays.com\/no\/wp-content\/uploads\/2025\/08\/SE1_8251.jpg\" alt=\"\" class=\"brick-c-cFOWSL\" style=\"--brick-image-ratio: 2688 \/ 1792;\"\/><\/p>\n<p>    Hovedtrener Mathias Echhoff og assistenttrener Brent Hackman.<br \/>\n    Foto: SKJALG EKELAND\n  <\/p>\n<p>Hvorfor har det blitt slik at Bergen i s\u00e5 stor grad har tatt f\u00f8rersetet i norsk basket?<\/p>\n<p>\u2013 F\u00f8rst og fremst er basketen veldig etablert i Bergen. Det ser man p\u00e5 b\u00e5de herre- og damesiden. Allerede p\u00e5 starten av 90-tallet begynte det \u00e5 komme en del landslagsspillere fra Bergen, og siden den gang har det festet seg. Det har grodd godt lenge!<\/p>\n<p>      Godt oppm\u00f8te<\/p>\n<p>I det som for Norges del blir en avgj\u00f8rende kamp, er billettprisen satt til 400 kroner for voksne og 150 kroner for barn. Generalsekret\u00e6r i Norges Basketballforbund, Axel Langaker, forteller at prisen er kostnadsstyrt.<\/p>\n<p>\u2013 Det er en helhetsvurdering. Det er dyrt \u00e5 drive arrangementer som dette, da vi blant annet m\u00e5 leie inn absolutt alt. Der NFF har egen stadion, har ikke vi egen hall. I tillegg m\u00e5 det meste av folkene v\u00e5re flys inn. Det handler rett og slett om kostnadsbildet for oss.<\/p>\n<p>   <img decoding=\"async\" width=\"8256\" height=\"5504\" fetchpriority=\"low\"  loading=\"lazy\"  src=\"https:\/\/www.europesays.com\/no\/wp-content\/uploads\/2025\/08\/SE1_8070.jpg\" alt=\"\" class=\"brick-c-cFOWSL\" style=\"--brick-image-ratio: 8256 \/ 5504;\"\/><\/p>\n<p>    Generalsekret\u00e6r i NBBF, Axel Langaker.<\/p>\n<p>Videre forteller han at de ikke er der at de tjener penger p\u00e5 kamper som denne, men at prisen er en del av et arbeid for \u00e5 g\u00e5 i null.<\/p>\n<p>\u2013 Vi har ingen ambisjoner om \u00e5 bli rike p\u00e5 dette, men vi m\u00e5 pr\u00f8ve \u00e5 f\u00e5 det til \u00e5 g\u00e5 rundt. Norge er et dyrt land \u00e5 arrangere i, og om vi skal klare \u00e5 f\u00e5 dette ut til mer enn bare Oslo-omr\u00e5det, er det viktig at vi kommer oss til steder som dette.<\/p>\n<p>Han viser ogs\u00e5 til at det har v\u00e6rt mulig \u00e5 f\u00e5 tak i billigere billetter.<\/p>\n<p>\u2013 Vi har hatt en rekke kampanjer, b\u00e5de \u00e5pne for alle og en st\u00e5ende klubbrabatt der alle v\u00e5re medlemsklubber har f\u00e5tt mulighet til \u00e5 kj\u00f8pe til rabattert pris.<\/p>\n<p>Billettsalget ble ikke helt som planlagt, men ogs\u00e5 det mener han har en forklaring.<\/p>\n<p>\u2013 Folk er ikke vant med at vi er ute i \u00c5sane. S\u00e5 f\u00e5r vi se i etterkant om prisen har hatt mye \u00e5 si, men vi hadde nok forventet litt mer. Vi m\u00e5 ta innover oss at august er en litt hard m\u00e5ned. V\u00e5re potensielle tilskuere er ofte tilknyttet klubbene, og de har ikke helt v\u00e5knet enda, sier han.<\/p>\n<p>Til tross for det, mobiliserte publikum til \u00c5sane Arena onsdag. Med over 1000 solgte billetter, gjorde bergenspublikummet det de kunne for \u00e5 dytte Norge fremover.<\/p>\n<p>Over for denne gang<\/p>\n<p>Etter gruppens to f\u00f8rste kamper var det allerede klart at Norge m\u00e5tte klatre et fjell for \u00e5 ta seg videre. Selv om de skulle til Kroatia for \u00e5 spille gruppens siste kamp, hadde kroatene allerede sikret seg en plass med to seirer p\u00e5 to mulige. For at Norge skulle ta andreplassen i gruppen, og dermed g\u00e5 videre til kvalifiseringen, m\u00e5tte de sl\u00e5 Danmark med 19 poeng.<\/p>\n<p>Etter det f\u00f8rste poenget s\u00e5 det ut til \u00e5 bli en vanskelig oppgave, da Danmark tok ledelsen med tre poeng. Norge sto med 12, mens Danmark hadde 15.<\/p>\n<p>I andre periode ble vondt til verre. I stedet for at Norge tok innp\u00e5, \u00f8kte danskene ledelsen. Etter halvspilt kamp ledet de med ti poeng, 37\u201327.<\/p>\n<p>   <img decoding=\"async\" width=\"6400\" height=\"4272\" fetchpriority=\"low\"  loading=\"lazy\"  src=\"https:\/\/www.europesays.com\/no\/wp-content\/uploads\/2025\/08\/SE1_8492.jpg\" alt=\"\" class=\"brick-c-cFOWSL\" style=\"--brick-image-ratio: 6400 \/ 4272;\"\/><\/p>\n<p>    Lars Espe.<br \/>\n    Foto: SKJALG EKELAND\n  <\/p>\n<p>I tredje periode \u00f8ynet Norge endelig h\u00e5p. For f\u00f8rste gang i kampen vant de en periode og knappet ledelsen inn fra ti til seks poeng. Stillingen var dermed 49\u201355 f\u00f8r den siste og avgj\u00f8rende perioden.<\/p>\n<p>Selv om Norge dominerte de f\u00f8rste fem minuttene, slapp de danskene til igjen etter halvspilt omgang. Med fem minutter igjen hadde Danmark \u00f8kt ledelsen til syv poeng. Det skulle ikke bedre seg utover, og Norge tapte til slutt 70 &#8211; 79. Dermed er muligheten for \u00e5 g\u00e5 videre til VM-kvalifiseringen d\u00f8d for denne gang.<\/p>\n<p>Ogs\u00e5 p\u00e5 sluttresultatet var det tydelig at Bergen har satt sitt preg p\u00e5 landslaget. Den norske poengkongen ble Milovan Savic, som totalt plukket 21 poeng.<\/p>\n","protected":false},"excerpt":{"rendered":"Norge \u2013 Danmark 70 &#8211; 79 : Etter tap i gruppens f\u00f8rste kamp mot Kroatia, tok Norge mot&hellip;\n","protected":false},"author":2,"featured_media":7276,"comment_status":"","ping_status":"","sticky":false,"template":"","format":"standard","meta":{"footnotes":""},"categories":[59],"tags":[36,1615,1617,1616,30,28,29,83,82,1510],"class_list":{"0":"post-7275","1":"post","2":"type-post","3":"status-publish","4":"format-standard","5":"has-post-thumbnail","7":"category-sport","8":"tag-art","9":"tag-basket","10":"tag-basketball","11":"tag-landslag","12":"tag-no","13":"tag-norge","14":"tag-norway","15":"tag-sport","16":"tag-sports","17":"tag-story"},"share_on_mastodon":{"url":"","error":""},"_links":{"self":[{"href":"https:\/\/www.europesays.com\/no\/wp-json\/wp\/v2\/posts\/7275","targetHints":{"allow":["GET"]}}],"collection":[{"href":"https:\/\/www.europesays.com\/no\/wp-json\/wp\/v2\/posts"}],"about":[{"href":"https:\/\/www.europesays.com\/no\/wp-json\/wp\/v2\/types\/post"}],"author":[{"embeddable":true,"href":"https:\/\/www.europesays.com\/no\/wp-json\/wp\/v2\/users\/2"}],"replies":[{"embeddable":true,"href":"https:\/\/www.europesays.com\/no\/wp-json\/wp\/v2\/comments?post=7275"}],"version-history":[{"count":0,"href":"https:\/\/www.europesays.com\/no\/wp-json\/wp\/v2\/posts\/7275\/revisions"}],"wp:featuredmedia":[{"embeddable":true,"href":"https:\/\/www.europesays.com\/no\/wp-json\/wp\/v2\/media\/7276"}],"wp:attachment":[{"href":"https:\/\/www.europesays.com\/no\/wp-json\/wp\/v2\/media?parent=7275"}],"wp:term":[{"taxonomy":"category","embeddable":true,"href":"https:\/\/www.europesays.com\/no\/wp-json\/wp\/v2\/categories?post=7275"},{"taxonomy":"post_tag","embeddable":true,"href":"https:\/\/www.europesays.com\/no\/wp-json\/wp\/v2\/tags?post=7275"}],"curies":[{"name":"wp","href":"https:\/\/api.w.org\/{rel}","templated":true}]}}