{"id":72751,"date":"2025-10-29T06:45:13","date_gmt":"2025-10-29T06:45:13","guid":{"rendered":"https:\/\/www.europesays.com\/no\/72751\/"},"modified":"2025-10-29T06:45:13","modified_gmt":"2025-10-29T06:45:13","slug":"pappatrener-i-valerenga-om-nivadelingen-i-barnefotballen-krise","status":"publish","type":"post","link":"https:\/\/www.europesays.com\/no\/72751\/","title":{"rendered":"Pappatrener i V\u00e5lerenga om niv\u00e5delingen i barnefotballen: \u2013 Krise"},"content":{"rendered":"\n<p class=\"_lead_o9xde_2 _lead_xtcu6_50 layout-component text-serif-m layout-normal text-serif-l layout-component layout-wide layout-padded _wide_17hqh_1 layout-padded\">Pappatrener sl\u00e5r alarm: Trenere og foreldre bryter retningslinjer \u2013 og resultatet er kaos og tosifrede resultater.<\/p>\n<p><img alt=\" Foto: Bj\u00f8rn S. Delebekk \/ VG\" class=\"_image_qp4xg_65 layout-component layout-wide\" data-fullscreen- data-track-element-type=\"Article image fullscreen\" data-track-name=\"ImageFullscreen\" fetchpriority=\"high\" decoding=\"sync\" loading=\"eager\" height=\"5504\" itemprop=\"image\"  src=\"https:\/\/www.europesays.com\/no\/wp-content\/uploads\/2025\/10\/edf0cb34-a30f-4416-9e43-50c9320ad0ba\"  style=\"object-position:0% 0%\" width=\"7989\"\/> Foto: Bj\u00f8rn S. Delebekk \/ VG<\/p>\n<ul aria-hidden=\"true\" class=\"_images_18f0k_111\">\n<li><a class=\"_link_18f0k_116\" href=\"https:\/\/www.vg.no\/forfatter\/sindre-oegar\" style=\"z-index:2\" title=\"Sindre \u00d8gar\" rel=\"nofollow noopener\" target=\"_blank\"><img alt=\"Bilde av Sindre \u00d8gar\" class=\"_image_18f0k_93\" fetchpriority=\"low\" loading=\"lazy\" decoding=\"async\" itemprop=\"image\"  src=\"https:\/\/www.europesays.com\/no\/wp-content\/uploads\/2025\/10\/1761720309_144_104d6818-f429-4f77-a08f-a7022fcc3fa3\"  width=\"480\"\/><\/a><\/li>\n<li><a class=\"_link_18f0k_116\" href=\"https:\/\/www.vg.no\/forfatter\/bjoern-s-delebekk-foto\" style=\"z-index:1\" title=\"Bj\u00f8rn S. Delebekk (foto)\" rel=\"nofollow noopener\" target=\"_blank\"><img alt=\"Bilde av Bj\u00f8rn S. Delebekk (foto)\" class=\"_image_18f0k_93\" fetchpriority=\"low\" loading=\"lazy\" decoding=\"async\" itemprop=\"image\"  src=\"https:\/\/www.europesays.com\/no\/wp-content\/uploads\/2025\/10\/1761720309_586_0951ae87-c959-48ff-9f15-211b75525be1\"  width=\"480\"\/><\/a><\/li>\n<\/ul>\n<p>Valle, Oslo Oppdatert onsdag 29. oktober kl. 07:09    <\/p>\n<ul class=\"_list_o9xde_3 _list_64s2r_85 _unordered_o9xde_106 text-sans-m\">\n<li class=\"_item_o9xde_30\">Pappatrener Markus Gaup\u00e5s Johansen sl\u00e5r alarm om kaos i niv\u00e5delingen av barnefotballen i Oslo.<\/li>\n<li class=\"_item_o9xde_30\">Norges Fotballforbund deler bekymringen og varsler endringer f\u00f8r 2026-sesongen.<\/li>\n<li class=\"_item_o9xde_30\">Gaup\u00e5s Johansen mener retningslinjene ikke blir fulgt, noe som resulterer i store seiers- og tapssifre.<\/li>\n<\/ul>\n<p>Vis mer <\/p>\n<p class=\"_paragraph_o9xde_4 _paragraph_xtcu6_10 layout-component text-serif-m layout-normal text-serif-m layout-padded\">P\u00e5 kunstgresset p\u00e5 Valle i Oslo trener Markus Gaup\u00e5s Johansen en gjeng V\u00e5lerenga-jenter p\u00e5 11 \u00e5r<\/p>\n<p class=\"_paragraph_o9xde_4 _paragraph_xtcu6_10 layout-component text-serif-m layout-normal text-serif-m layout-padded\">KomikerenKomikerenKjent blant annet som programleder for &laquo;Satiriks p\u00e5 ekte&raquo; og &laquo;5080 Nyhetskanalen&raquo; og pappa-treneren har et alvorlig budskap:<\/p>\n<p class=\"_paragraph_o9xde_4 _paragraph_xtcu6_10 layout-component text-serif-m layout-normal text-serif-m layout-padded\">\u2013 Systemet for niv\u00e5deling i barnefotballen i Oslo er i krise.<\/p>\n<p>\u2013 Alle gj\u00f8r som de vil<\/p>\n<p class=\"_paragraph_o9xde_4 _paragraph_xtcu6_10 layout-component text-serif-m layout-normal text-serif-m layout-padded\">V\u00e5lerenga-laget hans har to p\u00e5meldte lag i serien: ett p\u00e5 \u00abmest \u00f8vet\u00bb\u00abmest \u00f8vet\u00bbhar det beste n\u00e5v\u00e6rende ferdighetsniv\u00e5 i forhold til alder og ett p\u00e5 \u00abmiddels \u00f8vet\u00bb\u00abmiddels \u00f8vet\u00bbhar et middels ferdighetsniv\u00e5 i forhold til alder. For denne \u00e5rsklassen finnes bare to niv\u00e5er.<\/p>\n<p class=\"_paragraph_o9xde_4 _paragraph_xtcu6_10 layout-component text-serif-m layout-normal text-serif-m layout-padded\">\u2013 Jevne kamper er g\u00f8yest \u00e5 spille, og mest utviklende. Det er alle enige om \u2013 i teorien. I praksis bryr nesten ingen seg, sier han.<\/p>\n<p><img alt=\"Zarin Khan (11) til venstre og Anayah Sheeraz (11) trener p\u00e5 basisferdigheter med trener Markus Gaup\u00e5s Johansen som observat\u00f8r.  Foto: Bj\u00f8rn S. Delebekk \/ VG\" class=\"_image_qp4xg_65 layout-component layout-normal\" data-fullscreen- data-track-element-type=\"Article image fullscreen\" data-track-name=\"ImageFullscreen\" decoding=\"async\" loading=\"lazy\" height=\"5504\" itemprop=\"image\"  src=\"https:\/\/www.europesays.com\/no\/wp-content\/uploads\/2025\/10\/b26eaacd-4f50-4559-b1ba-0dc41fa68f12\"  style=\"object-position:0% 0%\" width=\"8256\"\/>Zarin Khan (11) til venstre og Anayah Sheeraz (11) trener p\u00e5 basisferdigheter med trener Markus Gaup\u00e5s Johansen som observat\u00f8r.  Foto: Bj\u00f8rn S. Delebekk \/ VG<\/p>\n<p class=\"_paragraph_o9xde_4 _paragraph_xtcu6_10 layout-component text-serif-m layout-normal text-serif-m layout-padded\">Han mener foreldre og trenere i Oslo lager sitt eget system slik det passer dem.<\/p>\n<p class=\"_paragraph_o9xde_4 _paragraph_xtcu6_10 layout-component text-serif-m layout-normal text-serif-m layout-padded\"> \u2013 Da blir det ikke noe system, bare rot. Ambisjonene st\u00e5r i veien for hverandre.<\/p>\n<p>NFF varsler endringer<\/p>\n<p class=\"_paragraph_o9xde_4 _paragraph_xtcu6_10 layout-component text-serif-m layout-normal text-serif-m layout-padded\"><strong class=\"_strong_o9xde_25\">Norges Fotballforbund (NFF) deler bekymringen \u2013 og varsler endringer f\u00f8r 2026-sesongen. <\/strong><\/p>\n<p class=\"_paragraph_o9xde_4 _paragraph_xtcu6_10 layout-component text-serif-m layout-normal text-serif-m layout-padded\">\u2013 Det er ingen som synes det er g\u00f8y \u00e5 spille kamper som ender 15-0, sier Tore Jarl Br\u00e5teng.<\/p>\n<p><img decoding=\"async\" alt=\"Bilde av Tore Jarl Br\u00e5teng\" class=\"_image_ygndg_42\" height=\"28\" itemprop=\"image\" loading=\"lazy\"  src=\"https:\/\/www.europesays.com\/no\/wp-content\/uploads\/2025\/10\/348ef3f4-c064-4ad4-a395-bbee71d5faca\"  width=\"40\"\/><strong class=\"_name_ygndg_51 title-serif-xs\">Tore Jarl Br\u00e5teng<\/strong><\/p>\n<p class=\"_paragraph_o9xde_4 text-sans-m _description_ygndg_56\">Leder i Oslo fotballkrets<\/p>\n<p class=\"_paragraph_o9xde_4 _paragraph_xtcu6_10 layout-component text-serif-m layout-normal text-serif-m layout-padded\">NFF Oslo-lederen understreker at det kan v\u00e6re krevende \u00e5 vite hvilket niv\u00e5 lag skal meldes p\u00e5 flere m\u00e5neder f\u00f8r sesongstart.<\/p>\n<p class=\"_paragraph_o9xde_4 _paragraph_xtcu6_10 layout-component text-serif-m layout-normal text-serif-m layout-padded\">Trenerne m\u00e5 fordele spillerne slik at lagene blir mest mulig jevne, og bruke virkemidler underveis for \u00e5 gj\u00f8re kampene jevnere \u2013 som \u00e5 rotere p\u00e5 posisjoner, mener han.<\/p>\n<p>Et kappl\u00f8p mot bunnen<\/p>\n<p class=\"_paragraph_o9xde_4 _paragraph_xtcu6_10 layout-component text-serif-m layout-normal text-serif-m layout-padded\">Paradokset n\u00e5 er at laget p\u00e5 \u00abmiddels \u00f8vet\u00bb-niv\u00e5 kan m\u00f8te t\u00f8ffere motstand enn \u00abmest \u00f8vet\u00bb-laget.<\/p>\n<p class=\"_paragraph_o9xde_4 _paragraph_xtcu6_10 layout-component text-serif-m layout-normal text-serif-m layout-padded\">Noen lag spiller opp en \u00e5rsklasse eller to, men er egentlig for svake. Andre l\u00e5ner spillere fra sitt beste lag \u2013 og later som det er unntak.<\/p>\n<p class=\"_paragraph_o9xde_4 _paragraph_xtcu6_10 layout-component text-serif-m layout-normal text-serif-m layout-padded\">\u2013 Ganske mange sier de \u00abm\u00e5tte l\u00e5ne for \u00e5 stille lag\u00bb. Men i realiteten har de ikke nok spillere til tre lag, men gj\u00f8r det likevel, sier Gaup\u00e5s Johansen.<\/p>\n<p class=\"_paragraph_o9xde_4 _paragraph_xtcu6_10 layout-component text-serif-m layout-normal text-serif-m layout-padded\">Han beskriver situasjonen som et v\u00e5penkappl\u00f8p p\u00e5 laveste niv\u00e5:<\/p>\n<p class=\"_paragraph_o9xde_4 _paragraph_xtcu6_10 layout-component text-serif-m layout-normal text-serif-m layout-padded\"> \u2013 Fordi vi vet at motstanderne stiller med \u00abmest \u00f8vet\u00bb-spillere, f\u00f8ler vi oss presset til \u00e5 gj\u00f8re det samme \u2013 bare for \u00e5 f\u00e5 en jevn kamp.<\/p>\n<p class=\"_paragraph_o9xde_4 _paragraph_xtcu6_10 layout-component text-serif-m layout-normal text-serif-m layout-padded\">Slik ender hele systemet i kaos.<\/p>\n<p class=\"_paragraph_o9xde_4 _paragraph_xtcu6_10 layout-component text-serif-m layout-normal text-serif-m layout-padded\">\u2013 Vi vinner 15\u20130 over et lag som har meldt seg opp en \u00e5rsklasse, eller taper 15\u20130 mot et lag vi ikke skulle m\u00f8tt. Det fungerer ikke etter hensikten, sier han.<\/p>\n<p>Hva mener NFF med&#8230;Niv\u00e5deling?<\/p>\n<p class=\"_paragraph_o9xde_4 _paragraph_xtcu6_10 _paragraph_16v91_10 layout-component text-serif-m layout-normal text-sans-m layout-padded\" itemprop=\"text\">Niv\u00e5inndelt p\u00e5melding i seriespill for barnefotball gjennomf\u00f8res n\u00e5 i de fleste av NFFs 18 fotballkretser. Det betyr at man kan melde p\u00e5 lag p\u00e5 et niv\u00e5 som passer lagets ferdighetsniv\u00e5. Hvor mange niv\u00e5er som finnes varierer.<\/p>\n<p>Jevnbyrdige lag?<\/p>\n<p class=\"_paragraph_o9xde_4 _paragraph_xtcu6_10 _paragraph_16v91_10 layout-component text-serif-m layout-normal text-sans-m layout-padded\" itemprop=\"text\">Klubben skal sette sammen jevnbyrdige lag i et \u00e5rskull, og lagene skal meldes p\u00e5 samme niv\u00e5. De \u00abbeste\u00bb skal ikke spille p\u00e5 samme lag.<\/p>\n<p>Ekstralag?<\/p>\n<p class=\"_paragraph_o9xde_4 _paragraph_xtcu6_10 _paragraph_16v91_10 layout-component text-serif-m layout-normal text-sans-m layout-padded\" itemprop=\"text\">Fra 10 \u00e5rs alder har man muligheten til \u00e5 melde p\u00e5 et ekstra lag i \u00e5rsklassen over. Ekstratilbudet skal ikke v\u00e6re et eksklusivt tilbud til noen f\u00e5, men trenerne bruker laget som en motivasjonsfaktor for enda mer trening og utvikling.<\/p>\n<p>Lik praksis?<\/p>\n<p class=\"_paragraph_o9xde_4 _paragraph_xtcu6_10 _paragraph_16v91_10 layout-component text-serif-m layout-normal text-sans-m layout-padded\" itemprop=\"text\">Retningslinjene for niv\u00e5inndelt p\u00e5melding har ingen hensikt hvis ikke alle klubber og lag har samme forst\u00e5else.<\/p>\n<p>Seleksjon?<\/p>\n<p class=\"_paragraph_o9xde_4 _paragraph_xtcu6_10 _paragraph_16v91_10 layout-component text-serif-m layout-normal text-sans-m layout-padded\" itemprop=\"text\">Seleksjon betyr \u00e5 gi noen enkeltspillere eller grupper et eksklusivt tilbud. Det kan v\u00e6re i form av flere treninger og kamper som ikke er \u00e5pne for alle som vil delta. Seleksjon skal ikke forekomme f\u00f8r tidligst det \u00e5ret spilleren fyller 12 \u00e5r. \u00c5 sette sammen lag etter ferdigheter regnes som seleksjon.<\/p>\n<p>For 12-\u00e5rsklassen kan klubbene begynne inndeling etter treningsiver og ferdighetsniv\u00e5.<\/p>\n<p class=\"_paragraph_o9xde_4 _paragraph_xtcu6_10 layout-component text-serif-m layout-normal text-serif-m layout-padded\">If\u00f8lge NFF skal klubber med flere lag <strong class=\"_strong_o9xde_25\">dele dem inn jevnbyrdig<\/strong> og melde dem p\u00e5 samme niv\u00e5 helt opp til 12-\u00e5rsalderen.<\/p>\n<p class=\"_paragraph_o9xde_4 _paragraph_xtcu6_10 layout-component text-serif-m layout-normal text-serif-m layout-padded\">\u2013 Det er ingen som gj\u00f8r det. Alle har ett lag p\u00e5 hvert niv\u00e5 \u2013 ogs\u00e5 vi, sier Gaup\u00e5s Johansen.<\/p>\n<p class=\"_paragraph_o9xde_4 _paragraph_xtcu6_10 layout-component text-serif-m layout-normal text-serif-m layout-padded\">\u00c5 sette sammen lag etter ferdigheter regnes som seleksjon \u2013 og det er ikke tillatt.<\/p>\n<p class=\"_paragraph_o9xde_4 _paragraph_xtcu6_10 layout-component text-serif-m layout-normal text-serif-m layout-padded\">\u00ab\u00c5 velge bort eller selektere p\u00e5 dette aldersniv\u00e5et strider mot forskning og erfaring\u00bb, heter det i retningslinjene.<\/p>\n<p class=\"_paragraph_o9xde_4 _paragraph_xtcu6_10 layout-component text-serif-m layout-normal text-serif-m layout-padded\">Gaup\u00e5s Johansen presiserer at de ikke setter sammen lag basert p\u00e5 ferdigheter. <\/p>\n<p class=\"_paragraph_o9xde_4 _paragraph_xtcu6_10 layout-component text-serif-m layout-normal text-serif-m layout-padded\">\u2013 Vi deler inn lagene etter oppm\u00f8te p\u00e5 trening. De som er mest p\u00e5 trening, spiller p\u00e5 mest \u00f8vet. <\/p>\n<p> \u2013 Alfa og omega \u00e5 vinne<\/p>\n<p class=\"_paragraph_o9xde_4 _paragraph_xtcu6_10 layout-component text-serif-m layout-normal text-serif-m layout-padded\">NFF Oslo erkjenner at h\u00f8ye ambisjoner tidlig kan bidra til problemet.<\/p>\n<p class=\"_paragraph_o9xde_4 _paragraph_xtcu6_10 layout-component text-serif-m layout-normal text-serif-m layout-padded\">Noen trenere er for redde for \u00e5 tape, og tar derfor med for sterke spillere. <\/p>\n<p class=\"_paragraph_o9xde_4 _paragraph_xtcu6_10 layout-component text-serif-m layout-normal text-serif-m layout-padded\">\u2013 For enkelte er det dessverre alfa og omega \u00e5 vinne alle kamper, skriver Tore Jarl Br\u00e5teng til VG.<\/p>\n<p><img alt=\"Foto: Bj\u00f8rn S. Delebekk \/ VG\" class=\"_image_qp4xg_65 layout-component layout-normal\" data-fullscreen- data-track-element-type=\"Article image fullscreen\" data-track-name=\"ImageFullscreen\" decoding=\"async\" loading=\"lazy\" height=\"5038\" itemprop=\"image\"  src=\"https:\/\/www.europesays.com\/no\/wp-content\/uploads\/2025\/10\/e0ecf5ac-330a-4a63-87b4-7154532e8a55\"  style=\"object-position:0% 0%\" width=\"7288\"\/>Foto: Bj\u00f8rn S. Delebekk \/ VG<\/p>\n<p class=\"_paragraph_o9xde_4 _paragraph_xtcu6_10 layout-component text-serif-m layout-normal text-serif-m layout-padded\">Gaup\u00e5s Johansen mener l\u00f8sningen er enkel:<\/p>\n<p class=\"_paragraph_o9xde_4 _paragraph_xtcu6_10 layout-component text-serif-m layout-normal text-serif-m layout-padded\">\u2013 Kall meg gjerne en dr\u00f8mmer, men hvis folk faktisk fulgte de samme retningslinjene, ville vi f\u00e5tt flere jevne kamper og f\u00e6rre stygge tap. Det hadde v\u00e6rt best for b\u00e5de utviklingen og fotballgleden i byen.<\/p>\n<p> <img decoding=\"async\" alt=\"Sindre \u00d8gar\" class=\"_image_uv074_179\" src=\"https:\/\/www.europesays.com\/no\/wp-content\/uploads\/2025\/10\/1761720313_344_104d6818-f429-4f77-a08f-a7022fcc3fa3\" width=\"480\"\/> <\/p>\n<p class=\"_paragraph_o9xde_4 _paragraph_xtcu6_10 layout-component text-serif-m layout-normal text-serif-m layout-padded\">NFF Oslo varsler n\u00e5 endringer.<\/p>\n<p class=\"_paragraph_o9xde_4 _paragraph_xtcu6_10 layout-component text-serif-m layout-normal text-serif-m layout-padded\">Fra 2026 skal ekstralag ikke blandesikke blandesNFF Oslo vedtatt at vi skal innf\u00f8re et eget niv\u00e5 for ekstralag med \u00f8vrige lag i aldersklassen. M\u00e5let er \u00e5 gj\u00f8re kampene jevnere og hindre de store seierssifrene.<\/p>\n","protected":false},"excerpt":{"rendered":"Pappatrener sl\u00e5r alarm: Trenere og foreldre bryter retningslinjer \u2013 og resultatet er kaos og tosifrede resultater. Foto: Bj\u00f8rn&hellip;\n","protected":false},"author":2,"featured_media":72752,"comment_status":"","ping_status":"","sticky":false,"template":"","format":"standard","meta":{"footnotes":""},"categories":[59],"tags":[2764,30,28,29,8346,83,82],"class_list":{"0":"post-72751","1":"post","2":"type-post","3":"status-publish","4":"format-standard","5":"has-post-thumbnail","7":"category-sport","8":"tag-barnefotball","9":"tag-no","10":"tag-norge","11":"tag-norway","12":"tag-oslo-fotballen","13":"tag-sport","14":"tag-sports"},"share_on_mastodon":{"url":"https:\/\/pubeurope.com\/@no\/115456110263796318","error":""},"_links":{"self":[{"href":"https:\/\/www.europesays.com\/no\/wp-json\/wp\/v2\/posts\/72751","targetHints":{"allow":["GET"]}}],"collection":[{"href":"https:\/\/www.europesays.com\/no\/wp-json\/wp\/v2\/posts"}],"about":[{"href":"https:\/\/www.europesays.com\/no\/wp-json\/wp\/v2\/types\/post"}],"author":[{"embeddable":true,"href":"https:\/\/www.europesays.com\/no\/wp-json\/wp\/v2\/users\/2"}],"replies":[{"embeddable":true,"href":"https:\/\/www.europesays.com\/no\/wp-json\/wp\/v2\/comments?post=72751"}],"version-history":[{"count":0,"href":"https:\/\/www.europesays.com\/no\/wp-json\/wp\/v2\/posts\/72751\/revisions"}],"wp:featuredmedia":[{"embeddable":true,"href":"https:\/\/www.europesays.com\/no\/wp-json\/wp\/v2\/media\/72752"}],"wp:attachment":[{"href":"https:\/\/www.europesays.com\/no\/wp-json\/wp\/v2\/media?parent=72751"}],"wp:term":[{"taxonomy":"category","embeddable":true,"href":"https:\/\/www.europesays.com\/no\/wp-json\/wp\/v2\/categories?post=72751"},{"taxonomy":"post_tag","embeddable":true,"href":"https:\/\/www.europesays.com\/no\/wp-json\/wp\/v2\/tags?post=72751"}],"curies":[{"name":"wp","href":"https:\/\/api.w.org\/{rel}","templated":true}]}}