{"id":72759,"date":"2025-10-29T06:56:15","date_gmt":"2025-10-29T06:56:15","guid":{"rendered":"https:\/\/www.europesays.com\/no\/72759\/"},"modified":"2025-10-29T06:56:15","modified_gmt":"2025-10-29T06:56:15","slug":"florida-henretter-mann-som-drepte-nabokvinne-i-1998","status":"publish","type":"post","link":"https:\/\/www.europesays.com\/no\/72759\/","title":{"rendered":"Florida henretter mann som drepte nabokvinne i 1998"},"content":{"rendered":"\n<p class=\"_lead_o9xde_2 _lead_xtcu6_50 layout-component text-serif-m layout-normal text-serif-l layout-component layout-wide layout-padded _wide_17hqh_1 layout-padded\">Norman Grim (65) ble erkl\u00e6rt d\u00f8d klokken 6.14 p.m. lokal tid tirsdag, etter \u00e5 ha f\u00e5tt en giftspr\u00f8yte.<\/p>\n<p><img alt=\"Norman Mearle Grim Jr. Foto: AP \/ NTB\" class=\"_image_qp4xg_65 layout-component layout-wide\" data-fullscreen- data-track-element-type=\"Article image fullscreen\" data-track-name=\"ImageFullscreen\" fetchpriority=\"high\" decoding=\"sync\" loading=\"eager\" height=\"1646\" itemprop=\"image\"  src=\"https:\/\/www.europesays.com\/no\/wp-content\/uploads\/2025\/10\/5499ee31-bbf7-4b72-a949-6634c19de45c\"  style=\"object-position:0% 0%\" width=\"1097\"\/>Norman Mearle Grim Jr. Foto: AP \/ NTB<\/p>\n<ul aria-hidden=\"true\" class=\"_images_18f0k_111\">\n<li><a class=\"_link_18f0k_116\" href=\"https:\/\/www.vg.no\/forfatter\/kari-aarstad-aase\" style=\"z-index:1\" title=\"Kari Aarstad Aase\" rel=\"nofollow noopener\" target=\"_blank\"><img alt=\"Bilde av Kari Aarstad Aase\" class=\"_image_18f0k_93\" fetchpriority=\"low\" loading=\"lazy\" decoding=\"async\" itemprop=\"image\"  src=\"https:\/\/www.europesays.com\/no\/wp-content\/uploads\/2025\/10\/1761720975_787_0dbde33e-6d8e-4680-8e4f-e2a64281e2b8\"  width=\"480\"\/><\/a><\/li>\n<\/ul>\n<p> Oppdatert onsdag 29. oktober kl. 01:51     <\/p>\n<p class=\"_paragraph_o9xde_4 _paragraph_xtcu6_10 layout-component text-serif-m layout-normal text-serif-m layout-padded\">Norman Mearle Grim Jr. ble henrettet tirsdag kveld p\u00e5 <a href=\"https:\/\/www.vg.no\/tag\/florida?utm_source=vg-article&amp;utm_medium=auto-tagger&amp;utm_campaign=qPzd51\" class=\"_link_o9xde_39\" rel=\"nofollow noopener\" target=\"_blank\">Florida<\/a> State Prison, melder <a href=\"https:\/\/www.cbsnews.com\/news\/florida-executes-norman-mearle-grim-convicted-of-killing-his-neighbor-in-1998\/\" class=\"_link_o9xde_39\" rel=\"nofollow noopener\" target=\"_blank\">CBS News<\/a>. Den 65 \u00e5r gamle mannen ble d\u00f8mt for voldtekt og drap p\u00e5 nabokvinnen Cynthia Campbell i 1998.<\/p>\n<p class=\"_paragraph_o9xde_4 _paragraph_xtcu6_10 layout-component text-serif-m layout-normal text-serif-m layout-padded\">Campbell ble funnet d\u00f8d av en fisker ved Pensacola Bay Bridge. Obduksjonen viste at hun var blitt sl\u00e5tt minst 18 ganger i hodet og p\u00e5f\u00f8rt 11 knivstikk i brystet. Syv av knivstikkene traff hjertet, if\u00f8lge <a href=\"https:\/\/www.pnj.com\/story\/news\/crime\/2025\/10\/28\/norman-grim-killer-of-cynthia-campbell-is-floridas-next-to-die\/86947889007\/\" class=\"_link_o9xde_39\" rel=\"nofollow noopener\" target=\"_blank\">Pensacola News Journal<\/a>.<\/p>\n<p class=\"_paragraph_o9xde_4 _paragraph_xtcu6_10 layout-component text-serif-m layout-normal text-serif-m layout-padded\">Politiet fant blodige mopper, kl\u00e6r og en kj\u00f8leveske med kniv og hammer hos Grim. DNA-tester knyttet ham til drapet.<\/p>\n<p class=\"_paragraph_o9xde_4 _paragraph_xtcu6_10 layout-component text-serif-m layout-normal text-serif-m layout-padded\">Grim hadde tidligere v\u00e6rt mistenkt for tre voldelige angrep p\u00e5 kvinner i omr\u00e5det, inkludert et angrep p\u00e5 en 14 \u00e5r gammel jente.<\/p>\n<p class=\"_paragraph_o9xde_4 _paragraph_xtcu6_10 layout-component text-serif-m layout-normal text-serif-m layout-padded\">Han ble d\u00f8mt til d\u00f8den i 2000 og ga avkall p\u00e5 alle anker tidligere denne m\u00e5neden. Da Grim ble spurt om han hadde noen siste ord f\u00f8r henrettelsen, svarte han bare:<\/p>\n<p class=\"_paragraph_o9xde_4 _paragraph_xtcu6_10 layout-component text-serif-m layout-normal text-serif-m layout-padded\">\u2013 Nei.<\/p>\n<p class=\"_paragraph_o9xde_4 _paragraph_xtcu6_10 layout-component text-serif-m layout-normal text-serif-m layout-padded\">Til siste m\u00e5ltid spiste han stekte svinekoteletter og potetmos med sjokolademilkshake. Han hadde ingen bes\u00f8kende og m\u00f8tte ikke noen \u00e5ndelig r\u00e5dgiver f\u00f8r henrettelsen, skriver Fox News.<\/p>\n<p class=\"_paragraph_o9xde_4 _paragraph_xtcu6_10 layout-component text-serif-m layout-normal text-serif-m layout-padded\">Dette er den h\u00f8yeste \u00e5rlige totalen av henrettelser i Florida siden d\u00f8dsstraffen ble gjeninnf\u00f8rt i 1976. Den forrige rekorden var \u00e5tte henrettelser i 2014.<\/p>\n<p class=\"_paragraph_o9xde_4 _paragraph_xtcu6_10 layout-component text-serif-m layout-normal text-serif-m layout-padded\">Florida har henrettet flere mennesker enn noen annen delstat i \u00e5r, fulgt av Texas og Alabama med fem hver.<\/p>\n<p class=\"_paragraph_o9xde_4 _paragraph_xtcu6_10 layout-component text-serif-m layout-normal text-serif-m layout-padded\">To nye henrettelser er planlagt i november.<\/p>\n","protected":false},"excerpt":{"rendered":"Norman Grim (65) ble erkl\u00e6rt d\u00f8d klokken 6.14 p.m. lokal tid tirsdag, etter \u00e5 ha f\u00e5tt en giftspr\u00f8yte.&hellip;\n","protected":false},"author":2,"featured_media":72760,"comment_status":"","ping_status":"","sticky":false,"template":"","format":"standard","meta":{"footnotes":""},"categories":[12],"tags":[20,21,3512,24,25,507,15,22,23,13,30,28,29,14,16,26,27,42,46,43,44,45],"class_list":{"0":"post-72759","1":"post","2":"type-post","3":"status-publish","4":"format-standard","5":"has-post-thumbnail","7":"category-verden","8":"tag-breaking-news","9":"tag-breakingnews","10":"tag-dodsstraff","11":"tag-featured-news","12":"tag-featurednews","13":"tag-florida","14":"tag-headlines","15":"tag-latest-news","16":"tag-latestnews","17":"tag-news","18":"tag-no","19":"tag-norge","20":"tag-norway","21":"tag-nyheter","22":"tag-overskrifter","23":"tag-top-stories","24":"tag-topstories","25":"tag-verden","26":"tag-vgai","27":"tag-world","28":"tag-world-news","29":"tag-worldnews"},"share_on_mastodon":{"url":"https:\/\/pubeurope.com\/@no\/115456153146677306","error":""},"_links":{"self":[{"href":"https:\/\/www.europesays.com\/no\/wp-json\/wp\/v2\/posts\/72759","targetHints":{"allow":["GET"]}}],"collection":[{"href":"https:\/\/www.europesays.com\/no\/wp-json\/wp\/v2\/posts"}],"about":[{"href":"https:\/\/www.europesays.com\/no\/wp-json\/wp\/v2\/types\/post"}],"author":[{"embeddable":true,"href":"https:\/\/www.europesays.com\/no\/wp-json\/wp\/v2\/users\/2"}],"replies":[{"embeddable":true,"href":"https:\/\/www.europesays.com\/no\/wp-json\/wp\/v2\/comments?post=72759"}],"version-history":[{"count":0,"href":"https:\/\/www.europesays.com\/no\/wp-json\/wp\/v2\/posts\/72759\/revisions"}],"wp:featuredmedia":[{"embeddable":true,"href":"https:\/\/www.europesays.com\/no\/wp-json\/wp\/v2\/media\/72760"}],"wp:attachment":[{"href":"https:\/\/www.europesays.com\/no\/wp-json\/wp\/v2\/media?parent=72759"}],"wp:term":[{"taxonomy":"category","embeddable":true,"href":"https:\/\/www.europesays.com\/no\/wp-json\/wp\/v2\/categories?post=72759"},{"taxonomy":"post_tag","embeddable":true,"href":"https:\/\/www.europesays.com\/no\/wp-json\/wp\/v2\/tags?post=72759"}],"curies":[{"name":"wp","href":"https:\/\/api.w.org\/{rel}","templated":true}]}}