{"id":72795,"date":"2025-10-29T07:51:12","date_gmt":"2025-10-29T07:51:12","guid":{"rendered":"https:\/\/www.europesays.com\/no\/72795\/"},"modified":"2025-10-29T07:51:12","modified_gmt":"2025-10-29T07:51:12","slug":"menneskeheten-har-feilet","status":"publish","type":"post","link":"https:\/\/www.europesays.com\/no\/72795\/","title":{"rendered":"&#8211; Menneskeheten har feilet"},"content":{"rendered":"<p>  FN-sjefen sl\u00e5r fast at 1,5-gradersm\u00e5let er tapt og advarer om en ny epoke med \u00f8deleggende konsekvenser.<\/p>\n<p>\n    SMELTER: Satellittbilder viser at isen p\u00e5 Svalbard smelter rekordraskt. Ekstrem smelting i Arktis understreker alvoret i FNs advarsler. Foto: NASA\/USGS Earth Observatory\n  <\/p>\n<p> &#8211; Vi \u00f8nsker ikke \u00e5 se Amazonas bli til en savanne. Men det er en reell risiko hvis vi ikke foretar en dramatisk reduksjon av utslippene s\u00e5 raskt som mulig, sier FNs generalsekret\u00e6r Ant\u00f3nio Guterres i et <a href=\"https:\/\/www.theguardian.com\/environment\/2025\/oct\/28\/change-course-now-humanity-has-missed-15c-climate-target-says-un-head\" rel=\"nofollow noopener\" target=\"_blank\">intervju med The Guardian.<\/a><\/p>\n<p> Han advarer om en ny epoke med d\u00f8delige heteb\u00f8lger, stigende hav og vippepunkter som kan forandre kloden for alltid. For \u00e5 begrense skadene er det helt avgj\u00f8rende \u00e5 endre kurs, understreker han. <\/p>\n<p>&#8211; Sannheten er at menneskeheten har feilet i \u00e5 unng\u00e5 at temperaturen overstiger 1,5 grader i l\u00f8pet av de neste \u00e5rene. Og \u00e5 g\u00e5 over 1,5 grader f\u00e5r \u00f8deleggende konsekvenser. Overskridelsen kan utl\u00f8se vippepunkter &#8211; enten i Amazonas, p\u00e5 Gr\u00f8nland, i Vest-Antarktis eller i korallrevene, sier han.\u00a0<\/p>\n<p>          <img loading=\"lazy\" decoding=\"async\" src=\"https:\/\/www.europesays.com\/no\/wp-content\/uploads\/2025\/10\/83782254.webp\" width=\"980\" height=\"559\" title=\"ADVARER: FNs generalsekret\u00e6r Ant\u00f3nio Guterres. Foto: Chalinee Thirasupa \/ AP \/ NTB\" alt=\"\" class=\"\" style=\"--aspect-ratio-image: 1.75; \"\/><\/p>\n<p>\n          ADVARER: FNs generalsekret\u00e6r Ant\u00f3nio Guterres. Foto: Chalinee Thirasupa \/ AP \/ NTB\n      <\/p>\n<p>&#8211; Ingen magisk grense\t<\/p>\n<p>Seniorforsker Bj\u00f8rn Samset ved Cicero sier at han deler Guterres\u2019 vurdering og at verden for lengst har v\u00e6rt p\u00e5 vei mot \u00e5 passere 1,5-gradersm\u00e5let.<\/p>\n<p>&#8211; Ja, dessverre. Det har jeg ment en stund. \u00c5 kutte omtrent alle verdens utslipp p\u00e5 f\u00e5 \u00e5r ville krevd helt ekstreme tiltak, sier Samset til Dagbladet.<\/p>\n<p>    <a itemprop=\"url\" href=\"https:\/\/www.dagbladet.no\/nyheter\/na-slar-forskere-rod-alarm\/82830987\" rel=\"nofollow noopener\" target=\"_blank\"><\/p>\n<p>      <img loading=\"lazy\" decoding=\"async\" src=\"https:\/\/www.europesays.com\/no\/wp-content\/uploads\/2025\/10\/82831329.webp\" width=\"980\" height=\"441\" title=\"N\u00e5 sl\u00e5r forskere \u00abr\u00f8d alarm\u00bb\" alt=\"\" class=\"lazyload\" style=\"--aspect-ratio-image: 2.22; \"\/><\/p>\n<p>        N\u00e5 sl\u00e5r forskere \u00abr\u00f8d alarm\u00bb<\/p>\n<p>    <\/a><\/p>\n<p> Han understreker at 1,5 grader aldri var en magisk grense, men at forskjellen mellom 1,5 og 2 grader vil merkes tydelig. <\/p>\n<p>&#8211; Innenfor 1,5 grader kan vi stort sett tilpasse oss, men jo h\u00f8yere temperaturen stiger, desto flere ekstremv\u00e6rhendelser vil vi se.<a href=\"https:\/\/www.dagbladet.no\/nyheter\/har-truffet-land\/83781659\" rel=\"nofollow noopener\" target=\"_blank\"> Stormen Melissa<\/a> er et godt eksempel:\u00a0den er ekstra kraftig p\u00e5 grunn av klimaendringene som varmer opp havvannet, sier han.<\/p>\n<p>          <img loading=\"lazy\" decoding=\"async\" src=\"https:\/\/www.europesays.com\/no\/wp-content\/uploads\/2025\/10\/73459280.webp\" width=\"980\" height=\"559\" title=\"FORSKER: Klimaforsker Bj\u00f8rn Samset ved Cicero, Senter for kklimaforsker. Foto: Nina Hansen \/ DAGBLADET\" alt=\"\" class=\"\" style=\"--aspect-ratio-image: 1.75; \"\/><\/p>\n<p>\n          FORSKER: Klimaforsker Bj\u00f8rn Samset ved Cicero, Senter for kklimaforsker. Foto: Nina Hansen \/ DAGBLADET\n      <\/p>\n<p>&#8211; Sl\u00e5r tilbake\t<\/p>\n<p> If\u00f8lge Samset vil ikke de st\u00f8rste konsekvensene av en varmere klode merkes mest i Norge, men derimot i land som allerede ligger p\u00e5 den varme enden av skalaen. <\/p>\n<p>&#8211; Afrika s\u00f8r for Sahara, S\u00f8r-Asia og S\u00f8r-Amerika blir hardest rammet. Der bor mange mennesker som allerede lever tett p\u00e5 klimarisiko, sier han.<\/p>\n<p> Likevel vil ogs\u00e5 Norge merke ringvirkningene. <\/p>\n<p class=\"font-weight-bold m-font-weight-bold\" data-lab-font_weight=\"font-weight-bold\">&#8211; Vi er del av en global \u00f8konomi og et globalt matsystem. N\u00e5r landbruket presses og vannmangelen \u00f8ker andre steder, sl\u00e5r det tilbake p\u00e5 oss gjennom h\u00f8yere priser, ufred og \u00f8kt migrasjon, sier Samset.\u00a0<\/p>\n<p>&#8211; De fysiske konsekvensene i Norge blir mindre enn mange andre steder, men vi er del av en st\u00f8rre verden som vil rammes hardt. Og det vil f\u00e5 f\u00f8lger ogs\u00e5 for oss, fortsetter han.\u00a0<\/p>\n<p>    <a itemprop=\"url\" href=\"https:\/\/www.dagbladet.no\/nyheter\/har-truffet-land\/83781659\" rel=\"nofollow noopener\" target=\"_blank\"><\/p>\n<p>      <img loading=\"lazy\" decoding=\"async\" src=\"https:\/\/www.europesays.com\/no\/wp-content\/uploads\/2025\/10\/83781720.webp\" width=\"980\" height=\"441\" title=\"Har truffet land\" alt=\"\" class=\"lazyload\" style=\"--aspect-ratio-image: 2.22; \"\/><\/p>\n<p>        Har truffet land<\/p>\n<p>    <\/a><\/p>\n<p>&#8211; Virkelig alvorlig\t<\/p>\n<p>P\u00e5 sp\u00f8rsm\u00e5l om hva som bekymrer ham mest, svarer Samset den globale matproduksjonen.<\/p>\n<p>&#8211; Jordbruket presses stadig hardere, og vi ser allerede at priser p\u00e5 luksusvarer som kakao og kaffe stiger. Men det virkelig alvorlige blir n\u00e5r klimaendringer rammer basisvarer som korn og mais. Ingenting skaper mer uro enn mangel p\u00e5 mat, svarer Samset.<\/p>\n<p>Mens Guterres maner til dramatisk kursendring, minner Samset om at det faktisk skjer mye allerede, s\u00e6rlig innen fornybar energi og klimatilpasning.<\/p>\n<p>&#8211; Det investeres formidabelt i fornybar energi verden over. Sol og vind dytter gradvis ut fossil energi, og vi ser ogs\u00e5 \u00f8kt innsats for \u00e5 redusere energibruken. Mange land tar klimatilpasning p\u00e5 alvor og legger om landbruket for \u00e5 m\u00f8te en ny virkelighet, sier han.<\/p>\n<p>    <a itemprop=\"url\" href=\"https:\/\/www.dagbladet.no\/nyheter\/forbereder-flytting-av-hele-landet\/83408383\" rel=\"nofollow noopener\" target=\"_blank\"><\/p>\n<p>      <img loading=\"lazy\" decoding=\"async\" src=\"https:\/\/www.europesays.com\/no\/wp-content\/uploads\/2025\/10\/83408862.webp\" width=\"980\" height=\"441\" title=\"Forbereder flytting av hele landet\" alt=\"\" class=\"lazyload\" style=\"--aspect-ratio-image: 2.22; \"\/><\/p>\n<p>        Forbereder flytting av hele landet<\/p>\n<p>    <\/a><\/p>\n","protected":false},"excerpt":{"rendered":"FN-sjefen sl\u00e5r fast at 1,5-gradersm\u00e5let er tapt og advarer om en ny epoke med \u00f8deleggende konsekvenser. SMELTER: Satellittbilder&hellip;\n","protected":false},"author":2,"featured_media":72796,"comment_status":"","ping_status":"","sticky":false,"template":"","format":"standard","meta":{"footnotes":""},"categories":[5],"tags":[20,21,24,25,15,19,2539,22,23,17,18,13,30,28,29,14,16,26,27],"class_list":{"0":"post-72795","1":"post","2":"type-post","3":"status-publish","4":"format-standard","5":"has-post-thumbnail","7":"category-overskrifter","8":"tag-breaking-news","9":"tag-breakingnews","10":"tag-featured-news","11":"tag-featurednews","12":"tag-headlines","13":"tag-hovedoppslag","14":"tag-innenriks","15":"tag-latest-news","16":"tag-latestnews","17":"tag-main-news","18":"tag-mainnews","19":"tag-news","20":"tag-no","21":"tag-norge","22":"tag-norway","23":"tag-nyheter","24":"tag-overskrifter","25":"tag-top-stories","26":"tag-topstories"},"share_on_mastodon":{"url":"https:\/\/pubeurope.com\/@no\/115456369209931450","error":""},"_links":{"self":[{"href":"https:\/\/www.europesays.com\/no\/wp-json\/wp\/v2\/posts\/72795","targetHints":{"allow":["GET"]}}],"collection":[{"href":"https:\/\/www.europesays.com\/no\/wp-json\/wp\/v2\/posts"}],"about":[{"href":"https:\/\/www.europesays.com\/no\/wp-json\/wp\/v2\/types\/post"}],"author":[{"embeddable":true,"href":"https:\/\/www.europesays.com\/no\/wp-json\/wp\/v2\/users\/2"}],"replies":[{"embeddable":true,"href":"https:\/\/www.europesays.com\/no\/wp-json\/wp\/v2\/comments?post=72795"}],"version-history":[{"count":0,"href":"https:\/\/www.europesays.com\/no\/wp-json\/wp\/v2\/posts\/72795\/revisions"}],"wp:featuredmedia":[{"embeddable":true,"href":"https:\/\/www.europesays.com\/no\/wp-json\/wp\/v2\/media\/72796"}],"wp:attachment":[{"href":"https:\/\/www.europesays.com\/no\/wp-json\/wp\/v2\/media?parent=72795"}],"wp:term":[{"taxonomy":"category","embeddable":true,"href":"https:\/\/www.europesays.com\/no\/wp-json\/wp\/v2\/categories?post=72795"},{"taxonomy":"post_tag","embeddable":true,"href":"https:\/\/www.europesays.com\/no\/wp-json\/wp\/v2\/tags?post=72795"}],"curies":[{"name":"wp","href":"https:\/\/api.w.org\/{rel}","templated":true}]}}