{"id":72815,"date":"2025-10-29T08:15:09","date_gmt":"2025-10-29T08:15:09","guid":{"rendered":"https:\/\/www.europesays.com\/no\/72815\/"},"modified":"2025-10-29T08:15:09","modified_gmt":"2025-10-29T08:15:09","slug":"bor-gjore-det-for-a-berge-plassen","status":"publish","type":"post","link":"https:\/\/www.europesays.com\/no\/72815\/","title":{"rendered":"\u2013 B\u00f8r gj\u00f8re det for \u00e5 berge plassen"},"content":{"rendered":"<p data-testid=\"textWithMarkup-text\" data-v-c9f5b566=\"\" data-v-c0623ac3=\"\">I en rykende fersk episode av podkasten RB-sporten blir det prat om helgas klassiker mellom Molde og Rosenborg p\u00e5 Aker stadion. Hundrevis av tr\u00f8ndere tar turen til Molde, og bortefeltet er allerede utsolgt.<\/p>\n<p data-testid=\"textWithMarkup-text\" data-v-c9f5b566=\"\" data-v-c0623ac3=\"\">I podkasten kommer det en b\u00f8nn til alle MFK-supportere:<\/p>\n<p data-testid=\"textWithMarkup-markup\" data-v-c0623ac3=\"\"><strong>\u2013 V\u00e6r s\u00e5 snill!<\/strong><\/p>\n<p data-testid=\"textWithMarkup-text\" data-v-c9f5b566=\"\" data-v-c0623ac3=\"\">Det blir ogs\u00e5 prat om det tunge Molde-tapet i Bod\u00f8. I tillegg f\u00e5r du h\u00f8re hvilken endring Knut Anders Fostervold \u00f8nsker for at MFK skal berge plassen i Eliteserien.<\/p>\n<p data-testid=\"textWithMarkup-text\" data-v-c9f5b566=\"\" data-v-c0623ac3=\"\">Pernille Huseby, Trond Hustad og Martin Br\u00f8ste deltar ogs\u00e5 i episoden.<\/p>\n<p data-testid=\"textWithMarkup-markup\" data-v-c0623ac3=\"\">Du kan h\u00f8re episoden \u00f8verst i saka, p\u00e5 <a href=\"https:\/\/open.spotify.com\/episode\/1JSoTvclfwRt1kgF6Y0mk8?si=rKXNS2dPSY69MTDzfApM0w\" rel=\"noopener nofollow\" target=\"_blank\">Spotify<\/a> eller der du vanligvis lytter til podkast.<\/p>\n","protected":false},"excerpt":{"rendered":"I en rykende fersk episode av podkasten RB-sporten blir det prat om helgas klassiker mellom Molde og Rosenborg&hellip;\n","protected":false},"author":2,"featured_media":72816,"comment_status":"","ping_status":"","sticky":false,"template":"","format":"standard","meta":{"footnotes":""},"categories":[59],"tags":[30,28,29,83,82],"class_list":{"0":"post-72815","1":"post","2":"type-post","3":"status-publish","4":"format-standard","5":"has-post-thumbnail","7":"category-sport","8":"tag-no","9":"tag-norge","10":"tag-norway","11":"tag-sport","12":"tag-sports"},"share_on_mastodon":{"url":"https:\/\/pubeurope.com\/@no\/115456463528608472","error":""},"_links":{"self":[{"href":"https:\/\/www.europesays.com\/no\/wp-json\/wp\/v2\/posts\/72815","targetHints":{"allow":["GET"]}}],"collection":[{"href":"https:\/\/www.europesays.com\/no\/wp-json\/wp\/v2\/posts"}],"about":[{"href":"https:\/\/www.europesays.com\/no\/wp-json\/wp\/v2\/types\/post"}],"author":[{"embeddable":true,"href":"https:\/\/www.europesays.com\/no\/wp-json\/wp\/v2\/users\/2"}],"replies":[{"embeddable":true,"href":"https:\/\/www.europesays.com\/no\/wp-json\/wp\/v2\/comments?post=72815"}],"version-history":[{"count":0,"href":"https:\/\/www.europesays.com\/no\/wp-json\/wp\/v2\/posts\/72815\/revisions"}],"wp:featuredmedia":[{"embeddable":true,"href":"https:\/\/www.europesays.com\/no\/wp-json\/wp\/v2\/media\/72816"}],"wp:attachment":[{"href":"https:\/\/www.europesays.com\/no\/wp-json\/wp\/v2\/media?parent=72815"}],"wp:term":[{"taxonomy":"category","embeddable":true,"href":"https:\/\/www.europesays.com\/no\/wp-json\/wp\/v2\/categories?post=72815"},{"taxonomy":"post_tag","embeddable":true,"href":"https:\/\/www.europesays.com\/no\/wp-json\/wp\/v2\/tags?post=72815"}],"curies":[{"name":"wp","href":"https:\/\/api.w.org\/{rel}","templated":true}]}}