{"id":72825,"date":"2025-10-29T08:37:06","date_gmt":"2025-10-29T08:37:06","guid":{"rendered":"https:\/\/www.europesays.com\/no\/72825\/"},"modified":"2025-10-29T08:37:06","modified_gmt":"2025-10-29T08:37:06","slug":"tv-en-din-kan-mer-enn-du-tror-slik-kan-en-skjult-funksjon-forandre-opplevelsen","status":"publish","type":"post","link":"https:\/\/www.europesays.com\/no\/72825\/","title":{"rendered":"TV-en din kan mer enn du tror: Slik kan en &#8216;skjult funksjon&#8217; forandre opplevelsen"},"content":{"rendered":"<p>De fleste bruker TV-en til \u00e5 se nyheter, filmer eller serier, uten \u00e5 tenke over alt den faktisk kan. <\/p>\n<p>Moderne TV-er er imidlertid langt mer avanserte enn mange er klar over. <\/p>\n<p>En av de mest oversette funksjonene finner du i den lille USB-porten, som ofte kun brukes til \u00e5 lade telefonen eller spille av filmer fra en minnepenn.<\/p>\n<p>Det skriver <a href=\"https:\/\/malatec.cz\/2025\/10\/26\/usb-port-vaseho-televizoru-ma-nekolik-funkci-o-kterych-jste-mozna-dosud-nevedeli-lze-jej-pouzit-nejen-k-prohlizeni-filmu-z-prenosneho-uloziste\/\" target=\"_blank\" rel=\"noopener nofollow\">malatec<\/a>.<\/p>\n<p>Flere muligheter enn du tror<\/p>\n<p>USB-porten er i virkeligheten et allsidig verkt\u00f8y som kan gj\u00f8re TV-en langt mer funksjonell. <\/p>\n<p>P\u00e5 mange modeller kan du bruke et USB-minne til \u00e5 installere apper manuelt, noe som \u00e5pner for flere tjenester og programmer.<\/p>\n<p>Porten kan ogs\u00e5 brukes til \u00e5 koble til tastatur og mus, slik at det blir enklere \u00e5 s\u00f8ke p\u00e5 nettet eller skrive tekst p\u00e5 skjermen. <\/p>\n<p>Enkelte modeller lar deg til og med oppdatere systemprogramvaren direkte fra et USB-minne med riktig fil. <\/p>\n<p>Dermed kan du holde TV-en oppdatert selv om produsenten ikke lenger sender ut automatiske oppdateringer.<\/p>\n<p>Produsentene utnytter teknologien<\/p>\n<p>Flere produsenter tilbyr n\u00e5 enda mer avanserte funksjoner via USB-porten.<\/p>\n<p>Noen modeller kan ta opp direktesendte TV-programmer rett p\u00e5 minnepinnen, slik at du kan se dem senere. <\/p>\n<p>Andre lar deg laste ned enkle spill som kan spilles direkte p\u00e5 TV-en uten spillkonsoll.<\/p>\n<p>Utviklingen viser hvordan TV-en i stadig st\u00f8rre grad blir et komplett underholdningssenter \u2013 ikke bare en skjerm for passiv titting.<\/p>\n<p>Teknologi i hverdagen<\/p>\n<p>De fleste bruker bare en br\u00f8kdel av funksjonene i de tekniske dingsene sine, og TV-en er ikke noe unntak. <\/p>\n<p>USB-porten er et godt eksempel p\u00e5 hvordan noe s\u00e5 hverdagslig kan skjule langt flere muligheter enn man skulle tro.<\/p>\n<p>Ved \u00e5 utforske de funksjonene som allerede finnes p\u00e5 TV-en, kan du f\u00e5 en langt bedre brukeropplevelse. <\/p>\n<p>Sm\u00e5 justeringer kan v\u00e6re nok til \u00e5 gj\u00f8re forskjellen mellom et vanlig fjernsyn og et moderne multimediesenter i stua.<\/p>\n","protected":false},"excerpt":{"rendered":"De fleste bruker TV-en til \u00e5 se nyheter, filmer eller serier, uten \u00e5 tenke over alt den faktisk&hellip;\n","protected":false},"author":2,"featured_media":72826,"comment_status":"","ping_status":"","sticky":false,"template":"","format":"standard","meta":{"footnotes":""},"categories":[57],"tags":[30,28,29,65,63,64,66,70,69,67,68],"class_list":{"0":"post-72825","1":"post","2":"type-post","3":"status-publish","4":"format-standard","5":"has-post-thumbnail","7":"category-vitenskap-og-teknologi","8":"tag-no","9":"tag-norge","10":"tag-norway","11":"tag-science","12":"tag-science-and-technology","13":"tag-scienceandtechnology","14":"tag-technology","15":"tag-teknologi","16":"tag-vitenskap","17":"tag-vitenskap-og-teknologi","18":"tag-vitenskapteknologi"},"share_on_mastodon":{"url":"https:\/\/pubeurope.com\/@no\/115456550046486045","error":""},"_links":{"self":[{"href":"https:\/\/www.europesays.com\/no\/wp-json\/wp\/v2\/posts\/72825","targetHints":{"allow":["GET"]}}],"collection":[{"href":"https:\/\/www.europesays.com\/no\/wp-json\/wp\/v2\/posts"}],"about":[{"href":"https:\/\/www.europesays.com\/no\/wp-json\/wp\/v2\/types\/post"}],"author":[{"embeddable":true,"href":"https:\/\/www.europesays.com\/no\/wp-json\/wp\/v2\/users\/2"}],"replies":[{"embeddable":true,"href":"https:\/\/www.europesays.com\/no\/wp-json\/wp\/v2\/comments?post=72825"}],"version-history":[{"count":0,"href":"https:\/\/www.europesays.com\/no\/wp-json\/wp\/v2\/posts\/72825\/revisions"}],"wp:featuredmedia":[{"embeddable":true,"href":"https:\/\/www.europesays.com\/no\/wp-json\/wp\/v2\/media\/72826"}],"wp:attachment":[{"href":"https:\/\/www.europesays.com\/no\/wp-json\/wp\/v2\/media?parent=72825"}],"wp:term":[{"taxonomy":"category","embeddable":true,"href":"https:\/\/www.europesays.com\/no\/wp-json\/wp\/v2\/categories?post=72825"},{"taxonomy":"post_tag","embeddable":true,"href":"https:\/\/www.europesays.com\/no\/wp-json\/wp\/v2\/tags?post=72825"}],"curies":[{"name":"wp","href":"https:\/\/api.w.org\/{rel}","templated":true}]}}