{"id":72829,"date":"2025-10-29T08:44:23","date_gmt":"2025-10-29T08:44:23","guid":{"rendered":"https:\/\/www.europesays.com\/no\/72829\/"},"modified":"2025-10-29T08:44:23","modified_gmt":"2025-10-29T08:44:23","slug":"alstahaug-skole-og-utdanning-anbefaler-a-stanse-skole-prosjektet-kostnadene-kan-doble-seg","status":"publish","type":"post","link":"https:\/\/www.europesays.com\/no\/72829\/","title":{"rendered":"Alstahaug, Skole og utdanning | Anbefaler \u00e5 stanse skole-prosjektet: Kostnadene kan doble seg"},"content":{"rendered":"\n<p>Prosjektet, som opprinnelig hadde en bevilgning p\u00e5 totalt 52 millioner kroner og s\u00e5 fikk en ekstra bevilgning p\u00e5 25 millioner kroner, er n\u00e5 ansl\u00e5tt til \u00e5 overstige 100 millioner kroner. Kommunedirekt\u00f8rens konklusjon er at en videref\u00f8ring vil p\u00e5f\u00f8re kommunen en kostnad som tilsvarer en dobling av det som opprinnelig ble satt av til prosjektet.<\/p>\n<p>Det framg\u00e5r av sakspapirene til onsdagens kommunestyrem\u00f8te. <\/p>\n<p>  <a href=\"https:\/\/www.isandnessjoen.no\/5-108-183879\" class=\"related-teaser has-image default-story-teaser article--c-eRUmMG article--c-eRUmMG-jKCPdD-design-default\" rel=\"nofollow noopener\" target=\"_blank\"><\/p>\n<p>    <img decoding=\"async\" loading=\"lazy\"  src=\"https:\/\/www.europesays.com\/no\/wp-content\/uploads\/2025\/10\/1761727462_15_10_11__rsverk_forsvinner_1.jpg\" alt=\"\" class=\"brick-c-cFOWSL\" style=\"\"\/><\/p>\n<p>\n            Les ogs\u00e5<\/p>\n<p>              Advarer mot konsekvensene: \u2013 Har ikke kapasitet til \u00e5 ta imot en hel skole\n        <\/p>\n<p>  <\/a><br \/>\n  \u00d8kte kostnader<\/p>\n<p>Sandnes skole best\u00e5r av tre bygg, hvorav bygg A er opprinnelig fra 1975. Under rehabiliteringen ble det avdekket at r\u00e5bygget i bygg A hadde alvorlige strukturelle skader.<\/p>\n<p>Tilstanden til b\u00e6rekonstruksjonen ble vurdert som s\u00e5 alvorlig at det ikke lenger var teknisk eller \u00f8konomisk forsvarlig \u00e5 rehabilitere bygget. Dette f\u00f8rte til at prosjektet m\u00e5tte endres til en totalrenovering.<\/p>\n<p>Dette utl\u00f8ste nye krav i henhold til Tek 17 (Teknisk forskrift).<\/p>\n<p>Foresp\u00f8rsel om bygging av nytt r\u00e5bygg (b\u00e6rekonstruksjonen) ble lagt ut i Doffin. Tilbudene som ble \u00e5pnet fredag 17. oktober viste en omfattende \u00f8kning i kostnadene.<\/p>\n<p>Prosjektet, som startet i desember 2024 og opprinnelig skulle ferdigstilles i juni 2026, har allerede opplevd betydelig forsinkelse som f\u00f8lge av r\u00e5teskadene.<\/p>\n<p>Hva skjer ved avbrudd?<\/p>\n<p>Dersom kommunestyret velger \u00e5 f\u00f8lge innstillingen og avbryte kontrakten, m\u00e5 Alstahaug kommune dekke f\u00f8lgende:<\/p>\n<p><b>Kommunedirekt\u00f8ren p\u00e5peker at selv om man ikke har eksakt bel\u00f8p, vil totalbel\u00f8pet ved avbrudd bli mindre enn de 77 millionene som allerede er bevilget til prosjektet. Ved \u00e5 ikke g\u00e5 videre, vil man alts\u00e5 frigj\u00f8re noe av de bevilgede midlene.<\/b><\/p>\n<p>Saken er behandlet etter r\u00e5df\u00f8ring med KS-advokat for \u00e5 sikre at regelverket om offentlig anskaffelse ble fulgt. Endelig bel\u00f8p for det utvidede prosjektet vil bli presentert i kommunestyret da det er under arbeid.<\/p>\n<p>  <a href=\"https:\/\/www.isandnessjoen.no\/5-108-184303\" class=\"related-teaser has-image default-story-teaser article--c-eRUmMG article--c-eRUmMG-jKCPdD-design-default\" rel=\"nofollow noopener\" target=\"_blank\"><\/p>\n<p>    <img decoding=\"async\" loading=\"lazy\"  src=\"https:\/\/www.europesays.com\/no\/wp-content\/uploads\/2025\/10\/5_108_136617+IMG_5967.jpg\" alt=\"\" class=\"brick-c-cFOWSL\" style=\"\"\/><\/p>\n<p>\n            Les ogs\u00e5<\/p>\n<p>              Kommunedirekt\u00f8ren: \u2013 Beslutningen m\u00e5tte tas raskt\n        <\/p>\n<p>  <\/a><\/p>\n<p>  <a href=\"https:\/\/www.isandnessjoen.no\/5-108-183442\" class=\"related-teaser has-image default-story-teaser article--c-eRUmMG article--c-eRUmMG-jKCPdD-design-default\" rel=\"nofollow noopener\" target=\"_blank\"><\/p>\n<p>    <img decoding=\"async\" loading=\"lazy\"  src=\"https:\/\/www.europesays.com\/no\/wp-content\/uploads\/2025\/10\/5_108_152242+Sandnes+barneskole+%281+av+1%29.jpg\" alt=\"\" class=\"brick-c-cFOWSL\" style=\"\"\/><\/p>\n<p>\n            Les ogs\u00e5<\/p>\n<p>              Flytter elevene fra Sandnes til Bjarnetj\u00f8nna: \u2013 En midlertidig l\u00f8sning\n        <\/p>\n<p>  <\/a><\/p>\n<p>  <a href=\"https:\/\/www.isandnessjoen.no\/5-108-180499\" class=\"related-teaser has-image default-story-teaser article--c-eRUmMG article--c-eRUmMG-jKCPdD-design-default\" rel=\"nofollow noopener\" target=\"_blank\"><\/p>\n<p>    <img decoding=\"async\" loading=\"lazy\"  src=\"https:\/\/www.europesays.com\/no\/wp-content\/uploads\/2025\/10\/s2.jpg\" alt=\"\" class=\"brick-c-cFOWSL\" style=\"\"\/><\/p>\n<p>\n            Les ogs\u00e5<\/p>\n<p>              M\u00e5 vurdere endringer: \u2013 Det hjelper ikke p\u00e5 at det er ekstremt stramme budsjetter\n        <\/p>\n<p>  <\/a><\/p>\n<p>  <a href=\"https:\/\/www.isandnessjoen.no\/5-108-180198\" class=\"related-teaser has-image default-story-teaser article--c-eRUmMG article--c-eRUmMG-jKCPdD-design-default\" rel=\"nofollow noopener\" target=\"_blank\"><\/p>\n<p>    <img decoding=\"async\" loading=\"lazy\"  src=\"https:\/\/www.europesays.com\/no\/wp-content\/uploads\/2025\/10\/IMG_0119.jpg\" alt=\"\" class=\"brick-c-cFOWSL\" style=\"\"\/><\/p>\n<p>\n            Les ogs\u00e5<\/p>\n<p>              Stenger hallen med umiddelbar virkning: \u2013 S\u00e5pass alvorlig at det ikke er forenelig med aktivitet i hallen\n        <\/p>\n<p>  <\/a><\/p>\n","protected":false},"excerpt":{"rendered":"Prosjektet, som opprinnelig hadde en bevilgning p\u00e5 totalt 52 millioner kroner og s\u00e5 fikk en ekstra bevilgning p\u00e5&hellip;\n","protected":false},"author":2,"featured_media":72830,"comment_status":"","ping_status":"","sticky":false,"template":"","format":"standard","meta":{"footnotes":""},"categories":[10],"tags":[2486,36,20,21,24,25,15,22,23,13,30,28,29,14,16,41,1953,805,1510,26,27],"class_list":{"0":"post-72829","1":"post","2":"type-post","3":"status-publish","4":"format-standard","5":"has-post-thumbnail","7":"category-norge","8":"tag-alstahaug","9":"tag-art","10":"tag-breaking-news","11":"tag-breakingnews","12":"tag-featured-news","13":"tag-featurednews","14":"tag-headlines","15":"tag-latest-news","16":"tag-latestnews","17":"tag-news","18":"tag-no","19":"tag-norge","20":"tag-norway","21":"tag-nyheter","22":"tag-overskrifter","23":"tag-politikk","24":"tag-sandnessjoen","25":"tag-skole-og-utdanning","26":"tag-story","27":"tag-top-stories","28":"tag-topstories"},"share_on_mastodon":{"url":"https:\/\/pubeurope.com\/@no\/115456577633321583","error":""},"_links":{"self":[{"href":"https:\/\/www.europesays.com\/no\/wp-json\/wp\/v2\/posts\/72829","targetHints":{"allow":["GET"]}}],"collection":[{"href":"https:\/\/www.europesays.com\/no\/wp-json\/wp\/v2\/posts"}],"about":[{"href":"https:\/\/www.europesays.com\/no\/wp-json\/wp\/v2\/types\/post"}],"author":[{"embeddable":true,"href":"https:\/\/www.europesays.com\/no\/wp-json\/wp\/v2\/users\/2"}],"replies":[{"embeddable":true,"href":"https:\/\/www.europesays.com\/no\/wp-json\/wp\/v2\/comments?post=72829"}],"version-history":[{"count":0,"href":"https:\/\/www.europesays.com\/no\/wp-json\/wp\/v2\/posts\/72829\/revisions"}],"wp:featuredmedia":[{"embeddable":true,"href":"https:\/\/www.europesays.com\/no\/wp-json\/wp\/v2\/media\/72830"}],"wp:attachment":[{"href":"https:\/\/www.europesays.com\/no\/wp-json\/wp\/v2\/media?parent=72829"}],"wp:term":[{"taxonomy":"category","embeddable":true,"href":"https:\/\/www.europesays.com\/no\/wp-json\/wp\/v2\/categories?post=72829"},{"taxonomy":"post_tag","embeddable":true,"href":"https:\/\/www.europesays.com\/no\/wp-json\/wp\/v2\/tags?post=72829"}],"curies":[{"name":"wp","href":"https:\/\/api.w.org\/{rel}","templated":true}]}}