{"id":72839,"date":"2025-10-29T08:56:57","date_gmt":"2025-10-29T08:56:57","guid":{"rendered":"https:\/\/www.europesays.com\/no\/72839\/"},"modified":"2025-10-29T08:56:57","modified_gmt":"2025-10-29T08:56:57","slug":"andoy-nyheter-her-gar-det-over-all-forventning-vi-har-mye-arbeid-foran-oss-for-vi-kan-feire","status":"publish","type":"post","link":"https:\/\/www.europesays.com\/no\/72839\/","title":{"rendered":"And\u00f8y, Nyheter | Her g\u00e5r det over all forventning: \u2013 Vi har mye arbeid foran oss f\u00f8r vi kan feire"},"content":{"rendered":"\n<p>Det opplyser selskapet i ei pressemelding.<\/p>\n<p>350.000 smolt<\/p>\n<p>Tirsdag 30. september satt Andfjord Salmon ut omtrent 350.000 smolt, med en snittvekt p\u00e5 rundt 180 gram, i basseng K0.<\/p>\n<p>Selskapet har s\u00e5 langt registrert 95 d\u00f8dfisk, som tilsvarer en overlevelsesrate p\u00e5 99,97 prosent. Fiskens ytre helse er god, med lav forekomst av s\u00e5r og skader. Fiskens gjennomsnittsvekt har allerede \u00f8kt med om lag 45 prosent siden utsett, noe som indikerer biologiske resultater over forventning.<\/p>\n<p>\u2013 Smoltutsettet i K0 og ukene etterp\u00e5 har g\u00e5tt bedre enn vi turte \u00e5 h\u00e5pe p\u00e5. Logistikksystemet fungerte perfekt under utsettet, med s\u00e5 og si ingen d\u00f8delighet. Smolten har hatt god appetitt fra dag \u00e9n og vokser raskere enn forventet. Dette er en god begynnelse, men vi har mye arbeid foran oss f\u00f8r vi kan feire, sier Martin Rasmussen, administrerende direkt\u00f8r i Andfjord Salmon.<\/p>\n<p>   <img decoding=\"async\" width=\"4000\" height=\"2672\" fetchpriority=\"low\"  loading=\"lazy\"  src=\"https:\/\/www.europesays.com\/no\/wp-content\/uploads\/2025\/10\/Andfjord-Salmon-Smolt-Release-K0-Kvalnes.jpeg\" alt=\"\" class=\"brick-c-cFOWSL\" style=\"--brick-image-ratio: 4000 \/ 2672;\"\/><\/p>\n<p>      Smoltutsett: Her sv\u00f8mmer Andfjord-laksen.<br \/>\n      Foto: Andfjord Salmon\n    <\/p>\n<p>  K1 ferdig<\/p>\n<p>Andfjord Salmon har ogs\u00e5 ferdigstilt basseng K1, som er det f\u00f8rste nye bassenget i den p\u00e5g\u00e5ende utbyggingsfasen p\u00e5 Kvalnes. Bassenget er fylt med sj\u00f8vann og skal gjennomg\u00e5 utstrakt testing og klargj\u00f8ring f\u00f8r det planlagte utsettet av om lag 750.000 smolt i begynnelsen av november.<\/p>\n<p>\u2013 Smoltutsettet i K0 var sv\u00e6rt vellykket og vi sikter p\u00e5 \u00e5 gjenskape dette s\u00e5 mye som mulig n\u00e5r vi setter ut smolt i K1, legger Martin Rasmussen til.<\/p>\n<p>Siden forrige produksjonssyklus, som ble avsluttet i juni 2023, har Andfjord Salmon jobbet med \u00e5 bygge nye bassenger, havneomr\u00e5de og vannveier for \u00e5 muliggj\u00f8re storskala lakseproduksjon p\u00e5 Kvalnes.<\/p>\n<p>\u2013 Infrastrukturen p\u00e5 omr\u00e5det er dimensjonert for \u00e5 h\u00e5ndtere et produksjonsvolum p\u00e5 omtrent 48.100 tonn sl\u00f8yd fisk og postsmolt, melder selskapet i pressemeldinga.<\/p>\n","protected":false},"excerpt":{"rendered":"Det opplyser selskapet i ei pressemelding. 350.000 smolt Tirsdag 30. september satt Andfjord Salmon ut omtrent 350.000 smolt,&hellip;\n","protected":false},"author":2,"featured_media":72840,"comment_status":"","ping_status":"","sticky":false,"template":"","format":"standard","meta":{"footnotes":""},"categories":[56],"tags":[10136,3674,36,60,61,62,30,28,29,14,1510],"class_list":{"0":"post-72839","1":"post","2":"type-post","3":"status-publish","4":"format-standard","5":"has-post-thumbnail","7":"category-naeringsliv","8":"tag-andfjord-salmon","9":"tag-andoy","10":"tag-art","11":"tag-business","12":"tag-economy","13":"tag-naeringsliv","14":"tag-no","15":"tag-norge","16":"tag-norway","17":"tag-nyheter","18":"tag-story"},"share_on_mastodon":{"url":"https:\/\/pubeurope.com\/@no\/115456628868148555","error":""},"_links":{"self":[{"href":"https:\/\/www.europesays.com\/no\/wp-json\/wp\/v2\/posts\/72839","targetHints":{"allow":["GET"]}}],"collection":[{"href":"https:\/\/www.europesays.com\/no\/wp-json\/wp\/v2\/posts"}],"about":[{"href":"https:\/\/www.europesays.com\/no\/wp-json\/wp\/v2\/types\/post"}],"author":[{"embeddable":true,"href":"https:\/\/www.europesays.com\/no\/wp-json\/wp\/v2\/users\/2"}],"replies":[{"embeddable":true,"href":"https:\/\/www.europesays.com\/no\/wp-json\/wp\/v2\/comments?post=72839"}],"version-history":[{"count":0,"href":"https:\/\/www.europesays.com\/no\/wp-json\/wp\/v2\/posts\/72839\/revisions"}],"wp:featuredmedia":[{"embeddable":true,"href":"https:\/\/www.europesays.com\/no\/wp-json\/wp\/v2\/media\/72840"}],"wp:attachment":[{"href":"https:\/\/www.europesays.com\/no\/wp-json\/wp\/v2\/media?parent=72839"}],"wp:term":[{"taxonomy":"category","embeddable":true,"href":"https:\/\/www.europesays.com\/no\/wp-json\/wp\/v2\/categories?post=72839"},{"taxonomy":"post_tag","embeddable":true,"href":"https:\/\/www.europesays.com\/no\/wp-json\/wp\/v2\/tags?post=72839"}],"curies":[{"name":"wp","href":"https:\/\/api.w.org\/{rel}","templated":true}]}}