{"id":72854,"date":"2025-10-29T09:15:12","date_gmt":"2025-10-29T09:15:12","guid":{"rendered":"https:\/\/www.europesays.com\/no\/72854\/"},"modified":"2025-10-29T09:15:12","modified_gmt":"2025-10-29T09:15:12","slug":"minnet-om-ditt-ansvar-i-en-krise-er-samarbeid-og-kunnskap-det-viktigste-altaposten-no","status":"publish","type":"post","link":"https:\/\/www.europesays.com\/no\/72854\/","title":{"rendered":"(+) Minnet om ditt ansvar: \u2013 I en krise er samarbeid og kunnskap det viktigste &#8211; altaposten.no"},"content":{"rendered":"<ol>\n<li><a href=\"https:\/\/news.google.com\/rss\/articles\/CBMitAFBVV95cUxPV2VGT2xsR0FQSTF5OERZQjJTc0ZjTHJpTURFOVhqSlBhYXd0ano4ZDlJdFlxNjlyeE8wZkx0M2JUUkJ0NE9GQlBiX1dodXZYeFlYaUs1enlrLTUzWEFsUm0xdGhaUEQ0dmV4WV9VUlF5TFRqRXMyVGZTeF9hendmZmpObFlZM2M0bGxfekljcDNfZm9lLVlTdVBBcnpOd284cjN6M2gzWWJaTUVYZDNtYlhtdWE?oc=5\" target=\"_blank\" rel=\"nofollow noopener\">(+) Minnet om ditt ansvar: \u2013 I en krise er samarbeid og kunnskap det viktigste<\/a>&nbsp;&nbsp;altaposten.no<\/li>\n<li><a href=\"https:\/\/news.google.com\/rss\/articles\/CBMimAFBVV95cUxOM3kyZm1jc1AyZDVWY1p4NEJvMFM2SG56ZkV4VFY2YTRmby1kVl9VZ2Q5a0FTc1RrRVBYQldlYlhNT243dGcwU1FELXBpQ1JMcTJIcEdid1hMVEFMRkpsM3llUk9GZEpCZTRKRnlZU2wydEVVdVBPejhFQ3VEYXR0TEtKWHBuN0JEdlpwaWtVUWxHNjJvekNnUg?oc=5\" target=\"_blank\" rel=\"nofollow noopener\">Eigenberedskapsveka: Slik f\u00f8rebur \u00d8stfold seg p\u00e5 kriser<\/a>&nbsp;&nbsp;NRK<\/li>\n<li><a href=\"https:\/\/news.google.com\/rss\/articles\/CBMihAFBVV95cUxOYzFsOE9EbkpDLThzNWdmMk9MWmZRUVprb0ZGdGtKa2hYZTFyX0ltWEo3YUw0R2hiTm5PVTBSdVZsb1BnMHhsYjVhYXVLcDhzeENUU29hb1c3eWFEeXIybEd1eWoyY1pYT013NmNwbjRMeVQzR241WU9Nemo3czAwNVZydWw?oc=5\" target=\"_blank\" rel=\"nofollow noopener\">Har solgt 20 ganger mer enn i fjor<\/a>&nbsp;&nbsp;agderposten.no<\/li>\n<li><a href=\"https:\/\/news.google.com\/rss\/articles\/CBMifkFVX3lxTE9GSWZjN2tHWnVQLU12ZUdEcmowYm1qZThLODFwOVBsbFlfVGl4bzFVNnhHdTlUUklLdGxsSmhKWEdXRllGUWhrMXV6WVZEV2ZPWEowVktkdXZ3S3VyYk5lV2twV1pLNG5qUGtGT1IzbXRIYXRjRHdFaWxCXzlhQQ?oc=5\" target=\"_blank\" rel=\"nofollow noopener\">Egenberedskapsuka 2025: Hvem er din beredskapsvenn?<\/a>&nbsp;&nbsp;forsvaret.no<\/li>\n<li><a href=\"https:\/\/news.google.com\/rss\/articles\/CBMic0FVX3lxTFA3X3lJa3dQN25QSkRGWWZkY3pUM3hrdFB5SV9rdl8xM3ZHOWc2bVVVT2hNeXZHSHBLWVotMlppXzB0THRPUXlydHBjTzNKVE9hMmRBSnFGY0RzNk04N0dUdTh2QV9ESl9vVjZudkZNQ2NCcDA?oc=5\" target=\"_blank\" rel=\"nofollow noopener\">Forbereder oss p\u00e5 krise<\/a>&nbsp;&nbsp;innherred.no<\/li>\n<\/ol>\n","protected":false},"excerpt":{"rendered":"(+) Minnet om ditt ansvar: \u2013 I en krise er samarbeid og kunnskap det viktigste&nbsp;&nbsp;altaposten.no Eigenberedskapsveka: Slik f\u00f8rebur&hellip;\n","protected":false},"author":2,"featured_media":72855,"comment_status":"","ping_status":"","sticky":false,"template":"","format":"standard","meta":{"footnotes":""},"categories":[10],"tags":[20,21,9855,24,25,15,10138,7245,22,23,13,30,28,29,14,16,26,27],"class_list":{"0":"post-72854","1":"post","2":"type-post","3":"status-publish","4":"format-standard","5":"has-post-thumbnail","7":"category-norge","8":"tag-breaking-news","9":"tag-breakingnews","10":"tag-egenberedskap","11":"tag-featured-news","12":"tag-featurednews","13":"tag-headlines","14":"tag-hermetikk","15":"tag-krise","16":"tag-latest-news","17":"tag-latestnews","18":"tag-news","19":"tag-no","20":"tag-norge","21":"tag-norway","22":"tag-nyheter","23":"tag-overskrifter","24":"tag-top-stories","25":"tag-topstories"},"share_on_mastodon":{"url":"https:\/\/pubeurope.com\/@no\/115456699434837823","error":""},"_links":{"self":[{"href":"https:\/\/www.europesays.com\/no\/wp-json\/wp\/v2\/posts\/72854","targetHints":{"allow":["GET"]}}],"collection":[{"href":"https:\/\/www.europesays.com\/no\/wp-json\/wp\/v2\/posts"}],"about":[{"href":"https:\/\/www.europesays.com\/no\/wp-json\/wp\/v2\/types\/post"}],"author":[{"embeddable":true,"href":"https:\/\/www.europesays.com\/no\/wp-json\/wp\/v2\/users\/2"}],"replies":[{"embeddable":true,"href":"https:\/\/www.europesays.com\/no\/wp-json\/wp\/v2\/comments?post=72854"}],"version-history":[{"count":0,"href":"https:\/\/www.europesays.com\/no\/wp-json\/wp\/v2\/posts\/72854\/revisions"}],"wp:featuredmedia":[{"embeddable":true,"href":"https:\/\/www.europesays.com\/no\/wp-json\/wp\/v2\/media\/72855"}],"wp:attachment":[{"href":"https:\/\/www.europesays.com\/no\/wp-json\/wp\/v2\/media?parent=72854"}],"wp:term":[{"taxonomy":"category","embeddable":true,"href":"https:\/\/www.europesays.com\/no\/wp-json\/wp\/v2\/categories?post=72854"},{"taxonomy":"post_tag","embeddable":true,"href":"https:\/\/www.europesays.com\/no\/wp-json\/wp\/v2\/tags?post=72854"}],"curies":[{"name":"wp","href":"https:\/\/api.w.org\/{rel}","templated":true}]}}