{"id":72881,"date":"2025-10-29T09:39:38","date_gmt":"2025-10-29T09:39:38","guid":{"rendered":"https:\/\/www.europesays.com\/no\/72881\/"},"modified":"2025-10-29T09:39:38","modified_gmt":"2025-10-29T09:39:38","slug":"norges-skihelt-og-folkehelt-har-gatt-bort-datteren-bente-skari-gikk-i-hans-fotspor","status":"publish","type":"post","link":"https:\/\/www.europesays.com\/no\/72881\/","title":{"rendered":"Norges skihelt og folkehelt har g\u00e5tt bort Datteren Bente Skari gikk i hans fotspor"},"content":{"rendered":"<p class=\"kicker \" style=\"\">Odd Martinsen (1942-2025)<\/p>\n<p>  OL-vinneren fra 1968 ble 82 \u00e5r gammel. Familien bekrefter d\u00f8dsfallet.<\/p>\n<p>\n    GODE GENER: Bente Skari gjorde som pappa og ble verdens beste skil\u00f8per. Foto Geir Olsen.\n  <\/p>\n<p>Odd Martinsen var folkehelt i Norge, og en av v\u00e5re store skihelter p\u00e5 1960- og 70-tallet &#8211; med en rekke triumfer b\u00e5de nasjonalt og internasjonalt.<\/p>\n<p>N\u00e5 er han g\u00e5tt ut av tiden, 82 \u00e5r gammel. B\u00e5de familien og Ski-Norge er i sorg.<\/p>\n<p>          <img loading=\"lazy\" decoding=\"async\" src=\"https:\/\/www.europesays.com\/no\/wp-content\/uploads\/2025\/10\/83776556.webp\" width=\"686\" height=\"748\" title=\"LIVSLANG KJ\u00c6RLIGHET: Odd Martinsen fikk sin Hanne i Hakadal kirke i 1966, samme \u00e5r som han ble verdensmester p\u00e5 hjemmebane. Det ble det to for alltid. Foto: NTB\" alt=\"\" class=\"\" style=\"--aspect-ratio-image: 0.92; \"\/><\/p>\n<p>\n          LIVSLANG KJ\u00c6RLIGHET: Odd Martinsen fikk sin Hanne i Hakadal kirke i 1966, samme \u00e5r som han ble verdensmester p\u00e5 hjemmebane. Det ble det to for alltid. Foto: NTB\n      <\/p>\n<p> Tilnavnet \u00abStafett-Martin\u00bb fikk han fordi han i \u00e5revis \u00e5pnet for Norge p\u00e5 OL- og VM-stafettene og la grunnlaget for medaljene \u2013 en rolle som gjorde ham folkekj\u00e6r.\u00a0<\/p>\n<p>Han ble f\u00f8dt i Drammen, men konkurrerte for Nittedal IL.\u00a0<\/p>\n<p class=\"font-weight-black m-font-weight-black\" data-lab-font_weight=\"font-weight-black\">SISTE NYTT: <a href=\"https:\/\/www.seher.no\/\" rel=\"nofollow noopener\" target=\"_blank\">Klikk her!<\/a><\/p>\n<p>I Oslo i 1966 ble han, Gjermund Eggen, Harald Gr\u00f8nningen og Ole Ellefs\u00e6ter <a href=\"https:\/\/www.seher.no\/kjendis\/det-irriterer-meg-fortsatt\/80663881\" rel=\"nofollow noopener\" target=\"_blank\">verdensmestere i stafett<\/a>.\u00a0<\/p>\n<p>          <img loading=\"lazy\" decoding=\"async\" src=\"https:\/\/www.europesays.com\/no\/wp-content\/uploads\/2025\/10\/83776553.webp\" width=\"686\" height=\"824\" title=\"TOK FARVEL: Odd Martinsen og kona Hanne tok farvel med en kj\u00e6r venn, Ole Ellefs\u00e6ter i Brummunddal kirke i 2022. Foto: Morten Eik\/Se og H\u00f8r\" alt=\"\" class=\"\" style=\"--aspect-ratio-image: 0.83; \"\/><\/p>\n<p>\n          TOK FARVEL: Odd Martinsen og kona Hanne tok farvel med en kj\u00e6r venn, Ole Ellefs\u00e6ter i Brummunddal kirke i 2022. Foto: Morten Eik\/Se og H\u00f8r\n      <\/p>\n<p>Martinsen avgjorde p\u00e5 mange m\u00e5ter stafetten med \u00e5 gi Norge ledelse med 24 sekunder etter f\u00f8rste etappe.\u00a0 Da var hjemmepublikum i ekstase! <\/p>\n<p>To \u00e5r senere, i 1968, tok Martinsen, Gr\u00f8nningen og Ellefs\u00e6ter OL-gull i stafett sammen med P\u00e5l Tyldum.<\/p>\n<p>I VM tok han stafettgull i Oslo (1966), s\u00f8lv p\u00e5 15 km i Vysok\u00e9 Tatry (1970) og bronse p\u00e5 15 km (1966), 30 km (1970) og stafett (1974). Han vant ogs\u00e5 15 km i Holmenkollen i 1969 og mottok Holmenkollmedaljen samme \u00e5r. <\/p>\n<p> \u2013 Odd har v\u00e6rt en markant profil i b\u00e5de Norge og internasjonalt. F\u00f8rst som l\u00f8per og en del av den legendariske gullkvartetten i Holmenkollen i 1966. Han har satt sitt preg p\u00e5 langrenn, sier langrennsekspert Torgeir Bj\u00f8rn til NRK.\u00a0<\/p>\n<p>          <img loading=\"lazy\" decoding=\"async\" src=\"https:\/\/www.europesays.com\/no\/wp-content\/uploads\/2025\/10\/83776608.webp\" width=\"686\" height=\"597\" title=\"STAUTE KARER: Da Harald Gr\u00f8nningen ble begravet i 2017, var resten av VM-laget p\u00e5 plass for \u00e5 vise sin siste \u00e6re. N\u00e5 er b\u00e5de Ole Ellefs\u00e6ter (f.v.) Gjermund Eggen og Odd Martinsen g\u00e5tt bort. Foto: Thor Nielsen.\" alt=\"\" class=\"\" style=\"--aspect-ratio-image: 1.15; \"\/><\/p>\n<p>\n          STAUTE KARER: Da Harald Gr\u00f8nningen ble begravet i 2017, var resten av VM-laget p\u00e5 plass for \u00e5 vise sin siste \u00e6re. N\u00e5 er b\u00e5de Ole Ellefs\u00e6ter (f.v.) Gjermund Eggen og Odd Martinsen g\u00e5tt bort. Foto: Thor Nielsen.\n      <\/p>\n<p>Etter endt karriere gikk Martinsen rett inn i \u00e5 utvikle sporten. Han ledet langrennskomiteen i Det internasjonale skiforbundet (FIS) fra 1986 til 2002 og var langrennssjef under OL p\u00e5 Lillehammer i 1994.\u00a0<\/p>\n<p>Innsatsen hans som idrettsleder bidro til \u00e5 modernisere langrenns rennformat og arrangement. <\/p>\n<p>    <a itemprop=\"url\" href=\"https:\/\/www.seher.no\/kjendis\/hemmelig-fortid-hadde-ikke-lyst\/83771327\" rel=\"nofollow noopener\" target=\"_blank\"><\/p>\n<p>      <img loading=\"lazy\" decoding=\"async\" src=\"https:\/\/www.europesays.com\/no\/wp-content\/uploads\/2025\/10\/1761730778_833_83767861.webp\" width=\"980\" height=\"441\" title=\"\u00abHemmelig\u00bb fortid: - Hadde ikke lyst\" alt=\"\" class=\"lazyload\" style=\"--aspect-ratio-image: 2.22; \"\/><\/p>\n<p>        \u00abHemmelig\u00bb fortid: &#8211; Hadde ikke lyst<\/p>\n<p>    <\/a><\/p>\n<p> Parallelt bygde han familie og bedrift.<\/p>\n<p>\u00a0Han giftet seg med Hanne (80) i 1966, og sammen fikk de blant andre datteren Bente Skari (52) \u2013 selv en av historiens mestvinnende langrennsl\u00f8pere.\u00a0\u00a0<\/p>\n<p>Hun vant verdenscupen sammenlagt fire ganger og har tolv medaljer i OL og VM som langrennsl\u00f8per. Aller st\u00f8rst stas var det da hun vant OL-gull i 2002. <\/p>\n<p> Langrennstradisjonen b\u00e6res n\u00e5 videre av barnebarnet Filip Skari. 20-\u00e5ringen vant sist sesong to gull i junior-VM. <\/p>\n<p>          <img loading=\"lazy\" decoding=\"async\" src=\"https:\/\/www.europesays.com\/no\/wp-content\/uploads\/2025\/10\/83776641.webp\" width=\"686\" height=\"542\" title=\"STOLT \u00d8YEBLIKK: Her m\u00f8ter de norske stafettmestrene kong Olav etter bragden p\u00e5 hjemmebane i Oslo i 1966. Fra venstre Odd martinsen, Harald Gr\u00f8nningen og Gjermund Eggen. Foto: NTB\" alt=\"\" class=\"\" style=\"--aspect-ratio-image: 1.27; \"\/><\/p>\n<p>\n          STOLT \u00d8YEBLIKK: Her m\u00f8ter de norske stafettmestrene kong Olav etter bragden p\u00e5 hjemmebane i Oslo i 1966. Fra venstre Odd martinsen, Harald Gr\u00f8nningen og Gjermund Eggen. Foto: NTB\n      <\/p>\n<p>Martinsen etablerte ogs\u00e5 ski- og sportsutstyrselskapet Finor AS, som blant annet importerte Fischer-ski. Her jobbet han sammen med s\u00f8nnen Harald Martinsen (55).\u00a0<\/p>\n<p>Siden 1998 er det s\u00f8nnen som har hatt hovedansvaret for den suksessfulle bedriften. Han er i dag styreformann, mens lilles\u00f8ster Bente sitter i styret.<\/p>\n<p>Odd Martinsen vil huskes som en\u00a0 sterk konkurransemann med varmt vesen \u2013 en lagspiller som bar de samme verdiene inn i familieliv og n\u00e6ringsliv som han ble kjent for i skisporet. <\/p>\n","protected":false},"excerpt":{"rendered":"Odd Martinsen (1942-2025) OL-vinneren fra 1968 ble 82 \u00e5r gammel. Familien bekrefter d\u00f8dsfallet. GODE GENER: Bente Skari gjorde&hellip;\n","protected":false},"author":2,"featured_media":72882,"comment_status":"","ping_status":"","sticky":false,"template":"","format":"standard","meta":{"footnotes":""},"categories":[59],"tags":[10142,576,10140,479,30,28,29,9980,83,82,10141],"class_list":{"0":"post-72881","1":"post","2":"type-post","3":"status-publish","4":"format-standard","5":"has-post-thumbnail","7":"category-sport","8":"tag-bente-skari","9":"tag-dodsfall","10":"tag-hanne-martinsen","11":"tag-kjendis","12":"tag-no","13":"tag-norge","14":"tag-norway","15":"tag-odd-martinsen","16":"tag-sport","17":"tag-sports","18":"tag-stafett-martin"},"share_on_mastodon":{"url":"https:\/\/pubeurope.com\/@no\/115456793909405290","error":""},"_links":{"self":[{"href":"https:\/\/www.europesays.com\/no\/wp-json\/wp\/v2\/posts\/72881","targetHints":{"allow":["GET"]}}],"collection":[{"href":"https:\/\/www.europesays.com\/no\/wp-json\/wp\/v2\/posts"}],"about":[{"href":"https:\/\/www.europesays.com\/no\/wp-json\/wp\/v2\/types\/post"}],"author":[{"embeddable":true,"href":"https:\/\/www.europesays.com\/no\/wp-json\/wp\/v2\/users\/2"}],"replies":[{"embeddable":true,"href":"https:\/\/www.europesays.com\/no\/wp-json\/wp\/v2\/comments?post=72881"}],"version-history":[{"count":0,"href":"https:\/\/www.europesays.com\/no\/wp-json\/wp\/v2\/posts\/72881\/revisions"}],"wp:featuredmedia":[{"embeddable":true,"href":"https:\/\/www.europesays.com\/no\/wp-json\/wp\/v2\/media\/72882"}],"wp:attachment":[{"href":"https:\/\/www.europesays.com\/no\/wp-json\/wp\/v2\/media?parent=72881"}],"wp:term":[{"taxonomy":"category","embeddable":true,"href":"https:\/\/www.europesays.com\/no\/wp-json\/wp\/v2\/categories?post=72881"},{"taxonomy":"post_tag","embeddable":true,"href":"https:\/\/www.europesays.com\/no\/wp-json\/wp\/v2\/tags?post=72881"}],"curies":[{"name":"wp","href":"https:\/\/api.w.org\/{rel}","templated":true}]}}