{"id":72890,"date":"2025-10-29T09:46:10","date_gmt":"2025-10-29T09:46:10","guid":{"rendered":"https:\/\/www.europesays.com\/no\/72890\/"},"modified":"2025-10-29T09:46:10","modified_gmt":"2025-10-29T09:46:10","slug":"robinho-avslorer-livet-i-fengsel-vaktene-bestemmer","status":"publish","type":"post","link":"https:\/\/www.europesays.com\/no\/72890\/","title":{"rendered":"Robinho avsl\u00f8rer livet i fengsel: \u2013 Vaktene bestemmer"},"content":{"rendered":"\n<p class=\"_lead_o9xde_2 _lead_xtcu6_50 layout-component text-serif-m layout-normal text-serif-l layout-component layout-wide layout-padded _wide_17hqh_1 layout-padded\">Den tidligere Brasil-stjernen soner ni \u00e5r for gruppevoldtekt.<\/p>\n<p><img alt=\"Robinho jubler for et m\u00e5l for Brasil i 2015. Foto: FERNANDO BIZERRA JR. \/ EPA \/ NTB\" class=\"_image_qp4xg_65 layout-component layout-wide\" data-fullscreen- data-track-element-type=\"Article image fullscreen\" data-track-name=\"ImageFullscreen\" fetchpriority=\"high\" decoding=\"sync\" loading=\"eager\" height=\"2574\" itemprop=\"image\"  src=\"https:\/\/www.europesays.com\/no\/wp-content\/uploads\/2025\/10\/3d8ac778-33fd-4fa1-a579-855e4a431de8\"  style=\"object-position:0% 0%\" width=\"4096\"\/>Robinho jubler for et m\u00e5l for Brasil i 2015. Foto: FERNANDO BIZERRA JR. \/ EPA \/ NTB<\/p>\n<ul aria-hidden=\"true\" class=\"_images_18f0k_111\">\n<li><a class=\"_link_18f0k_116\" href=\"https:\/\/www.vg.no\/forfatter\/herman-folvik\" style=\"z-index:1\" title=\"Herman Folvik\" rel=\"nofollow noopener\" target=\"_blank\"><img alt=\"Bilde av Herman Folvik\" class=\"_image_18f0k_93\" fetchpriority=\"low\" loading=\"lazy\" decoding=\"async\" itemprop=\"image\"  src=\"https:\/\/www.europesays.com\/no\/wp-content\/uploads\/2025\/10\/1761731169_952_b8d5eb91-9fa9-460c-b9f0-da310ffe35dd\"  width=\"480\"\/><\/a><\/li>\n<\/ul>\n<p> Oppdatert onsdag 29. oktober kl. 10:18    <\/p>\n<ul class=\"_list_o9xde_3 _list_64s2r_85 _unordered_o9xde_106 text-sans-m\">\n<li class=\"_item_o9xde_30\">Robinho soner ni \u00e5r i Brasil for gruppevoldtekt beg\u00e5tt i Italia i 2013.<\/li>\n<li class=\"_item_o9xde_30\">I en video sier han at \u00abvaktene bestemmer\u00bb, avviser s\u00e6rbehandling og rykter om at han er fengselsleder eller har psykiske problemer.<\/li>\n<li class=\"_item_o9xde_30\">Bes\u00f8k er som for alle, han f\u00e5r spille fotball s\u00f8ndager i \u00abkjendisfengselet\u00bb Trememb\u00e9 P2.<\/li>\n<\/ul>\n<p>Vis mer <\/p>\n<p class=\"_paragraph_o9xde_4 _paragraph_xtcu6_10 layout-component text-serif-m layout-normal text-serif-m layout-padded\">Robinho, som spilte for Real Madrid, Manchester City og AC Milan, sitter fengslet i Brasil og soner en dom p\u00e5 ni \u00e5r for gruppevoldtekt beg\u00e5tt i Italia i 2013.<\/p>\n<p class=\"_paragraph_o9xde_4 _paragraph_xtcu6_10 layout-component text-serif-m layout-normal text-serif-m layout-padded\">N\u00e5 har den 41 \u00e5r gamle brasilianeren selv fortalt om hverdagen bak murene i Trememb\u00e9-fengselet, if\u00f8lge avisen <a href=\"https:\/\/www.marca.com\/futbol\/real-madrid\/2025\/10\/29\/robinho-exestrella-madrid-carcel-confiesa-realidad-preso-comun-mandan-guardias.html\" class=\"_link_o9xde_39\" rel=\"nofollow noopener\" target=\"_blank\">Marca<\/a>.<\/p>\n<p>Robinhos voldtekstdom<\/p>\n<p class=\"_paragraph_o9xde_4 _paragraph_xtcu6_10 _paragraph_16v91_10 layout-component text-serif-m layout-normal text-sans-m layout-padded\"><strong class=\"_strong_o9xde_25\">D\u00f8mt av:<\/strong> Italiensk domstol i 2017<br \/><strong class=\"_strong_o9xde_25\">Endelig dom:<\/strong> Stadfestet av Italias h\u00f8yesterett i januar 2022<br \/><strong class=\"_strong_o9xde_25\">Soningssted:<\/strong> Brasil \u2013 dommen ble overf\u00f8rt dit og godkjent av Brasils h\u00f8yesterett i mars 2024<br \/><strong class=\"_strong_o9xde_25\">Robinhos reaksjon:<\/strong> Har nektet straffskyld og hevdet at den seksuelle handlingen var frivillig<\/p>\n<ul class=\"_list_o9xde_3 _list_xtcu6_9 _list_16v91_9 _unordered_o9xde_106 layout-component text-serif-m layout-normal text-sans-m layout-padded\">\n<li class=\"_item_o9xde_30\">Hendelsen skjedde p\u00e5 en nattklubb i Milano (Sio Caf\u00e9) 22. januar 2013.<\/li>\n<li class=\"_item_o9xde_30\">Offeret var en <strong class=\"_strong_o9xde_25\">22 \u00e5r gammel albansk kvinne<\/strong> som bodde i Italia.<\/li>\n<li class=\"_item_o9xde_30\">Robinho og fem andre menn ble d\u00f8mt for \u00e5 ha deltatt i en <strong class=\"_strong_o9xde_25\">gruppevoldtekt<\/strong>.<\/li>\n<li class=\"_item_o9xde_30\">Domstolen slo fast at kvinnen var <strong class=\"_strong_o9xde_25\">sterkt beruset og ute av stand til \u00e5 motsette seg handlingen<\/strong>.\n<p>Kilder: BBC og The Guardian<\/p>\n<\/li>\n<\/ul>\n<p>Vis mer<\/p>\n<p class=\"_paragraph_o9xde_4 _paragraph_xtcu6_10 layout-component text-serif-m layout-normal text-serif-m layout-padded\">\u2013 Her i fengselet er det vaktene som bestemmer, og vi innsatte adlyder bare, sier Robinho i en video publisert av en st\u00f8tteorganisasjon.<\/p>\n<p class=\"_paragraph_o9xde_4 _paragraph_xtcu6_10 layout-component text-serif-m layout-normal text-serif-m layout-padded\">Robinho spilte 100 landskamper mellom 2003\u20132017.<\/p>\n<p class=\"_paragraph_o9xde_4 _paragraph_xtcu6_10 layout-component text-serif-m layout-normal text-serif-m layout-padded\">Den tidligere fotballstjernen avviser at han f\u00e5r spesialbehandling p\u00e5 grunn av sin ber\u00f8mmelse.<\/p>\n<p><img alt=\"Robinho i Real Madrid-tr\u00f8ye.  Foto: JASPER JUINEN \/ AP \/ NTB\" class=\"_image_qp4xg_65 layout-component layout-normal\" data-fullscreen- data-track-element-type=\"Article image fullscreen\" data-track-name=\"ImageFullscreen\" decoding=\"async\" loading=\"lazy\" height=\"1751\" itemprop=\"image\"  src=\"https:\/\/www.europesays.com\/no\/wp-content\/uploads\/2025\/10\/9d102d02-a38a-4705-9a2d-a9d4d1ae8940\"  style=\"object-position:0% 0%\" width=\"2478\"\/>Robinho i Real Madrid-tr\u00f8ye.  Foto: JASPER JUINEN \/ AP \/ NTB<\/p>\n<p class=\"_paragraph_o9xde_4 _paragraph_xtcu6_10 layout-component text-serif-m layout-normal text-serif-m layout-padded\">\u2013 Jeg har aldri f\u00e5tt noen form for fordeler. Bes\u00f8kene er p\u00e5 l\u00f8rdager eller s\u00f8ndager. N\u00e5r kona mi ikke kommer alene, kommer hun med barna mine. Bes\u00f8kene er like for alle, og behandlingen er den samme for alle, forklarer han.<\/p>\n<p class=\"_paragraph_o9xde_4 _paragraph_xtcu6_10 layout-component text-serif-m layout-normal text-serif-m layout-padded\">Robinho forteller at han spiser samme mat som de andre fangene og f\u00f8lger samme rutiner. P\u00e5 s\u00f8ndager f\u00e5r han lov til \u00e5 spille fotball n\u00e5r det ikke er arbeidsdag.<\/p>\n<p class=\"_paragraph_o9xde_4 _paragraph_xtcu6_10 layout-component text-serif-m layout-normal text-serif-m layout-padded\">\u2013 De har l\u00f8yet om at jeg er en fengselsleder eller har psykiske problemer. Jeg har aldri hatt det, takk gud, sier han.<\/p>\n<p class=\"_paragraph_o9xde_4 _paragraph_xtcu6_10 layout-component text-serif-m layout-normal text-serif-m layout-padded\">Fengselet Trememb\u00e9 P2 kalles \u00abkjendisfengselet\u00bb i Brasil og huser 430 innsatte, inkludert politikere og drapsmenn.<\/p>\n<p><img alt=\"Inngangen p\u00e5 Trememb\u00e9-fengselet  Foto: NELSON ALMEIDA \/ AFP \/ NTB\" class=\"_image_qp4xg_65 layout-component layout-normal\" data-fullscreen- data-track-element-type=\"Article image fullscreen\" data-track-name=\"ImageFullscreen\" decoding=\"async\" loading=\"lazy\" height=\"3712\" itemprop=\"image\"  src=\"https:\/\/www.europesays.com\/no\/wp-content\/uploads\/2025\/10\/5ccd4a07-d534-4498-a7b0-67cb1d34b9f6\"  style=\"object-position:0% 0%\" width=\"5568\"\/>Inngangen p\u00e5 Trememb\u00e9-fengselet  Foto: NELSON ALMEIDA \/ AFP \/ NTB       <\/p>\n","protected":false},"excerpt":{"rendered":"Den tidligere Brasil-stjernen soner ni \u00e5r for gruppevoldtekt. Robinho jubler for et m\u00e5l for Brasil i 2015. Foto:&hellip;\n","protected":false},"author":2,"featured_media":72891,"comment_status":"","ping_status":"","sticky":false,"template":"","format":"standard","meta":{"footnotes":""},"categories":[59],"tags":[8969,92,30,28,29,83,82,46],"class_list":{"0":"post-72890","1":"post","2":"type-post","3":"status-publish","4":"format-standard","5":"has-post-thumbnail","7":"category-sport","8":"tag-brasils-herrelandslag-fotball","9":"tag-fotball","10":"tag-no","11":"tag-norge","12":"tag-norway","13":"tag-sport","14":"tag-sports","15":"tag-vgai"},"share_on_mastodon":{"url":"https:\/\/pubeurope.com\/@no\/115456821548710526","error":""},"_links":{"self":[{"href":"https:\/\/www.europesays.com\/no\/wp-json\/wp\/v2\/posts\/72890","targetHints":{"allow":["GET"]}}],"collection":[{"href":"https:\/\/www.europesays.com\/no\/wp-json\/wp\/v2\/posts"}],"about":[{"href":"https:\/\/www.europesays.com\/no\/wp-json\/wp\/v2\/types\/post"}],"author":[{"embeddable":true,"href":"https:\/\/www.europesays.com\/no\/wp-json\/wp\/v2\/users\/2"}],"replies":[{"embeddable":true,"href":"https:\/\/www.europesays.com\/no\/wp-json\/wp\/v2\/comments?post=72890"}],"version-history":[{"count":0,"href":"https:\/\/www.europesays.com\/no\/wp-json\/wp\/v2\/posts\/72890\/revisions"}],"wp:featuredmedia":[{"embeddable":true,"href":"https:\/\/www.europesays.com\/no\/wp-json\/wp\/v2\/media\/72891"}],"wp:attachment":[{"href":"https:\/\/www.europesays.com\/no\/wp-json\/wp\/v2\/media?parent=72890"}],"wp:term":[{"taxonomy":"category","embeddable":true,"href":"https:\/\/www.europesays.com\/no\/wp-json\/wp\/v2\/categories?post=72890"},{"taxonomy":"post_tag","embeddable":true,"href":"https:\/\/www.europesays.com\/no\/wp-json\/wp\/v2\/tags?post=72890"}],"curies":[{"name":"wp","href":"https:\/\/api.w.org\/{rel}","templated":true}]}}