{"id":72894,"date":"2025-10-29T09:50:08","date_gmt":"2025-10-29T09:50:08","guid":{"rendered":"https:\/\/www.europesays.com\/no\/72894\/"},"modified":"2025-10-29T09:50:08","modified_gmt":"2025-10-29T09:50:08","slug":"sinnssyk-svindel","status":"publish","type":"post","link":"https:\/\/www.europesays.com\/no\/72894\/","title":{"rendered":"&#8211; Sinnssyk svindel"},"content":{"rendered":"<p>  Belarus&#8217; president raser mot litauisk grensestenging.\u00a0<\/p>\n<p>\n    Foto: Litauens grensevakt \/ AP \/ NTB\n  <\/p>\n<p>Ved gjentatte anledninger har Litauen stengt grensa til Belarus den siste tida.<\/p>\n<p>Senest mandag rykket landets utenriksminister ut og sa at grensa n\u00e5 var stengt p\u00e5 ubestemt tid. Bakgrunnen er \u00abkonstante brudd\u00bb p\u00e5 Litauens luftrom.<\/p>\n<p>&#8211; \u00abDusinvis av heliumballonger\u00bb har kommet inn i Litauens luftrom fra Belarus de siste dagene, skrev landets statsminister, Inga Ruginien\u0117, p\u00e5 X mandag, if\u00f8lge CNN.<\/p>\n<p>At grensa igjen er stengt, har f\u00e5tt Belarus&#8217; president, Aleksandr Lukasjenko, til \u00e5 se r\u00f8dt.<\/p>\n<p>&#8211; Sinnssyk svindel, sier Lukasjenko til det russiske statlige nyhetsbyr\u00e5et Ria.<\/p>\n<p>Heliumballongene er blant annet blitt brukt for \u00e5 sende smuglersigaretter inn i landet. Dette har gjentatte ganger f\u00f8rt til at flyplassen i Litauens hovedstad, Vilnius, m\u00e5 stenge.<\/p>\n<p>&#8211; Dette er provokasjon. Vi kaller det ved sitt rette navn: En hybrid trussel. Vi vil ikke tolerere det, skrev EU-kommusjonens leder Ursula von der Leyen p\u00e5 X mandag.<\/p>\n<p>Selv bruker Lukasjenko ordet \u00abv\u00e6rballong\u00bb om de flyvende objektene i Litauens luftrom.<\/p>\n<p>&#8211; Dersom vi er skyldige i hendelsen, er jeg klar til \u00e5 be om unnskyldning for det, sier Lukasjenko, if\u00f8lge Ria.<\/p>\n","protected":false},"excerpt":{"rendered":"Belarus&#8217; president raser mot litauisk grensestenging.\u00a0 Foto: Litauens grensevakt \/ AP \/ NTB Ved gjentatte anledninger har Litauen&hellip;\n","protected":false},"author":2,"featured_media":72895,"comment_status":"","ping_status":"","sticky":false,"template":"","format":"standard","meta":{"footnotes":""},"categories":[12],"tags":[20,21,24,25,15,2539,22,23,13,30,28,29,14,16,26,27,42,43,44,45],"class_list":{"0":"post-72894","1":"post","2":"type-post","3":"status-publish","4":"format-standard","5":"has-post-thumbnail","7":"category-verden","8":"tag-breaking-news","9":"tag-breakingnews","10":"tag-featured-news","11":"tag-featurednews","12":"tag-headlines","13":"tag-innenriks","14":"tag-latest-news","15":"tag-latestnews","16":"tag-news","17":"tag-no","18":"tag-norge","19":"tag-norway","20":"tag-nyheter","21":"tag-overskrifter","22":"tag-top-stories","23":"tag-topstories","24":"tag-verden","25":"tag-world","26":"tag-world-news","27":"tag-worldnews"},"share_on_mastodon":{"url":"https:\/\/pubeurope.com\/@no\/115456837140850075","error":""},"_links":{"self":[{"href":"https:\/\/www.europesays.com\/no\/wp-json\/wp\/v2\/posts\/72894","targetHints":{"allow":["GET"]}}],"collection":[{"href":"https:\/\/www.europesays.com\/no\/wp-json\/wp\/v2\/posts"}],"about":[{"href":"https:\/\/www.europesays.com\/no\/wp-json\/wp\/v2\/types\/post"}],"author":[{"embeddable":true,"href":"https:\/\/www.europesays.com\/no\/wp-json\/wp\/v2\/users\/2"}],"replies":[{"embeddable":true,"href":"https:\/\/www.europesays.com\/no\/wp-json\/wp\/v2\/comments?post=72894"}],"version-history":[{"count":0,"href":"https:\/\/www.europesays.com\/no\/wp-json\/wp\/v2\/posts\/72894\/revisions"}],"wp:featuredmedia":[{"embeddable":true,"href":"https:\/\/www.europesays.com\/no\/wp-json\/wp\/v2\/media\/72895"}],"wp:attachment":[{"href":"https:\/\/www.europesays.com\/no\/wp-json\/wp\/v2\/media?parent=72894"}],"wp:term":[{"taxonomy":"category","embeddable":true,"href":"https:\/\/www.europesays.com\/no\/wp-json\/wp\/v2\/categories?post=72894"},{"taxonomy":"post_tag","embeddable":true,"href":"https:\/\/www.europesays.com\/no\/wp-json\/wp\/v2\/tags?post=72894"}],"curies":[{"name":"wp","href":"https:\/\/api.w.org\/{rel}","templated":true}]}}