{"id":72900,"date":"2025-10-29T10:00:10","date_gmt":"2025-10-29T10:00:10","guid":{"rendered":"https:\/\/www.europesays.com\/no\/72900\/"},"modified":"2025-10-29T10:00:10","modified_gmt":"2025-10-29T10:00:10","slug":"alpint-aleksander-aamodt-kilde-kilde-avslorer-bryllupsplaner-med-forloveden-ordentlig-party","status":"publish","type":"post","link":"https:\/\/www.europesays.com\/no\/72900\/","title":{"rendered":"Alpint, Aleksander Aamodt Kilde | Kilde avsl\u00f8rer bryllupsplaner med forloveden: \u2013 Ordentlig party"},"content":{"rendered":"\n<p>Kilde var i S\u00f6lden i forkant av helgens verdenscup\u00e5pning i alpint. Der ble hans amerikanske kj\u00e6reste og superstjerne Mikaela Shiffrin nummer fire i l\u00f8rdagens storslal\u00e5mrenn.<\/p>\n<p>Det er halvannet \u00e5r siden superparet fortalte om forlovelsen. Men har de begynt \u00e5 planlegge?<\/p>\n<p>\u2013 Nei. Vi f\u00e5r se. Det har skjedd litt ting siden den gang. Vi er veldig motiverte for \u00e5 gifte oss, men vi m\u00e5 ta \u00e9n ting av gangen, forteller Kilde til NTB.<\/p>\n<p>I april 2024, da forlovelsen ble kjent, var det bare noen m\u00e5neder etter at b\u00e6ringen skadet seg stygt etter et fall i Wengen i Sveits. Kilde har fortsatt ikke stilt opp i konkurranse siden den gang, men har siktet seg inn mot desember. Mellom opptreningen har det likevel ikke blitt tid til \u00e5 tenke p\u00e5 \u00abdr\u00f8mmebryllupet\u00bb.<\/p>\n<p>\u2013 Jeg har ikke lagt meg opp i det. Dr\u00f8mmebryllup? Det eneste jeg \u00f8nsker, er at vi har familie og venner samlet og har et ordentlig party. Det er ikke s\u00e5 viktig hvor det er, forteller han.<\/p>\n<p>Gjennom den lange skadeperioden har Shiffrin v\u00e6rt en klippe, sier Kilde.<\/p>\n<p>\u2013 Fra jeg trynet til n\u00e5 har det ikke v\u00e6rt \u00e9n dag uten at jeg har snakket med henne. Det sier egentlig sitt, sier han.<\/p>\n<p>\u2013 Hadde du v\u00e6rt der du er i dag uten den st\u00f8tten?<\/p>\n<p>\u2013 Absolutt ikke. Karrieren jeg har hatt, hadde jeg ikke hatt uten de rundt meg. Det er egentlig ganske enkelt \u00e5 svare p\u00e5.<\/p>\n<p>N\u00e5r utforrennet i Beaver Creek kj\u00f8res 4. desember, er det 691 dager siden hans forrige start i verdenscupen.<\/p>\n<p>(\u00a9NTB)<\/p>\n","protected":false},"excerpt":{"rendered":"Kilde var i S\u00f6lden i forkant av helgens verdenscup\u00e5pning i alpint. Der ble hans amerikanske kj\u00e6reste og superstjerne&hellip;\n","protected":false},"author":2,"featured_media":72901,"comment_status":"","ping_status":"","sticky":false,"template":"","format":"standard","meta":{"footnotes":""},"categories":[12],"tags":[20,21,24,25,15,22,23,13,30,28,29,14,16,26,27,42,43,44,45],"class_list":{"0":"post-72900","1":"post","2":"type-post","3":"status-publish","4":"format-standard","5":"has-post-thumbnail","7":"category-verden","8":"tag-breaking-news","9":"tag-breakingnews","10":"tag-featured-news","11":"tag-featurednews","12":"tag-headlines","13":"tag-latest-news","14":"tag-latestnews","15":"tag-news","16":"tag-no","17":"tag-norge","18":"tag-norway","19":"tag-nyheter","20":"tag-overskrifter","21":"tag-top-stories","22":"tag-topstories","23":"tag-verden","24":"tag-world","25":"tag-world-news","26":"tag-worldnews"},"share_on_mastodon":{"url":"https:\/\/pubeurope.com\/@no\/115456876484012657","error":""},"_links":{"self":[{"href":"https:\/\/www.europesays.com\/no\/wp-json\/wp\/v2\/posts\/72900","targetHints":{"allow":["GET"]}}],"collection":[{"href":"https:\/\/www.europesays.com\/no\/wp-json\/wp\/v2\/posts"}],"about":[{"href":"https:\/\/www.europesays.com\/no\/wp-json\/wp\/v2\/types\/post"}],"author":[{"embeddable":true,"href":"https:\/\/www.europesays.com\/no\/wp-json\/wp\/v2\/users\/2"}],"replies":[{"embeddable":true,"href":"https:\/\/www.europesays.com\/no\/wp-json\/wp\/v2\/comments?post=72900"}],"version-history":[{"count":0,"href":"https:\/\/www.europesays.com\/no\/wp-json\/wp\/v2\/posts\/72900\/revisions"}],"wp:featuredmedia":[{"embeddable":true,"href":"https:\/\/www.europesays.com\/no\/wp-json\/wp\/v2\/media\/72901"}],"wp:attachment":[{"href":"https:\/\/www.europesays.com\/no\/wp-json\/wp\/v2\/media?parent=72900"}],"wp:term":[{"taxonomy":"category","embeddable":true,"href":"https:\/\/www.europesays.com\/no\/wp-json\/wp\/v2\/categories?post=72900"},{"taxonomy":"post_tag","embeddable":true,"href":"https:\/\/www.europesays.com\/no\/wp-json\/wp\/v2\/tags?post=72900"}],"curies":[{"name":"wp","href":"https:\/\/api.w.org\/{rel}","templated":true}]}}