{"id":72916,"date":"2025-10-29T10:27:09","date_gmt":"2025-10-29T10:27:09","guid":{"rendered":"https:\/\/www.europesays.com\/no\/72916\/"},"modified":"2025-10-29T10:27:09","modified_gmt":"2025-10-29T10:27:09","slug":"blinde-pasienter-far-for-forste-gang-tilbake-leseevnen-ved-hjelp-av-et-mikroskopisk-implantat","status":"publish","type":"post","link":"https:\/\/www.europesays.com\/no\/72916\/","title":{"rendered":"Blinde pasienter f\u00e5r for f\u00f8rste gang tilbake leseevnen ved hjelp av et mikroskopisk implantat"},"content":{"rendered":"<p>P\u00e5 en operasjonsstue p\u00e5 et sykehus i London ble h\u00e5pet plutselig tent.<\/p>\n<p>Sheila Irvine, en 67 \u00e5r gammel britisk kvinne, hadde levd i \u00e5revis med to m\u00f8rke flekker i midten av synsfeltet. Bokstaver, ord, ansikter \u2013 alt var borte.<\/p>\n<p>Men etter en kort operasjon og m\u00e5neder med trening begynte hun sakte \u00e5 kunne lese igjen.<\/p>\n<p>\u00abDet var s\u00e5 spennende da jeg s\u00e5 den f\u00f8rste bokstaven. Jo mer jeg \u00f8vde, jo mer l\u00e6rte jeg. N\u00e5 kan jeg lese b\u00f8ker, l\u00f8se kryssord og se sm\u00e5 bokstaver p\u00e5 hermetikkbokser igjen\u00ab, sier Irvine i en <a href=\"https:\/\/www.ucl.ac.uk\/news\/2025\/oct\/pioneering-eye-device-restores-reading-vision-blind-eyes\" target=\"_blank\" class=\"hover:font-bold\" rel=\"nofollow noopener\">pressemelding<\/a>.<\/p>\n<p>Hun er en av 38 deltakere i et europeisk fors\u00f8k der forskere fra University College London og Moorfields Eye Hospital har testet en helt ny teknologi:<\/p>\n","protected":false},"excerpt":{"rendered":"P\u00e5 en operasjonsstue p\u00e5 et sykehus i London ble h\u00e5pet plutselig tent. Sheila Irvine, en 67 \u00e5r gammel&hellip;\n","protected":false},"author":2,"featured_media":72917,"comment_status":"","ping_status":"","sticky":false,"template":"","format":"standard","meta":{"footnotes":""},"categories":[57],"tags":[30,28,29,65,63,64,66,70,69,67,68],"class_list":{"0":"post-72916","1":"post","2":"type-post","3":"status-publish","4":"format-standard","5":"has-post-thumbnail","7":"category-vitenskap-og-teknologi","8":"tag-no","9":"tag-norge","10":"tag-norway","11":"tag-science","12":"tag-science-and-technology","13":"tag-scienceandtechnology","14":"tag-technology","15":"tag-teknologi","16":"tag-vitenskap","17":"tag-vitenskap-og-teknologi","18":"tag-vitenskapteknologi"},"share_on_mastodon":{"url":"https:\/\/pubeurope.com\/@no\/115456982606056646","error":""},"_links":{"self":[{"href":"https:\/\/www.europesays.com\/no\/wp-json\/wp\/v2\/posts\/72916","targetHints":{"allow":["GET"]}}],"collection":[{"href":"https:\/\/www.europesays.com\/no\/wp-json\/wp\/v2\/posts"}],"about":[{"href":"https:\/\/www.europesays.com\/no\/wp-json\/wp\/v2\/types\/post"}],"author":[{"embeddable":true,"href":"https:\/\/www.europesays.com\/no\/wp-json\/wp\/v2\/users\/2"}],"replies":[{"embeddable":true,"href":"https:\/\/www.europesays.com\/no\/wp-json\/wp\/v2\/comments?post=72916"}],"version-history":[{"count":0,"href":"https:\/\/www.europesays.com\/no\/wp-json\/wp\/v2\/posts\/72916\/revisions"}],"wp:featuredmedia":[{"embeddable":true,"href":"https:\/\/www.europesays.com\/no\/wp-json\/wp\/v2\/media\/72917"}],"wp:attachment":[{"href":"https:\/\/www.europesays.com\/no\/wp-json\/wp\/v2\/media?parent=72916"}],"wp:term":[{"taxonomy":"category","embeddable":true,"href":"https:\/\/www.europesays.com\/no\/wp-json\/wp\/v2\/categories?post=72916"},{"taxonomy":"post_tag","embeddable":true,"href":"https:\/\/www.europesays.com\/no\/wp-json\/wp\/v2\/tags?post=72916"}],"curies":[{"name":"wp","href":"https:\/\/api.w.org\/{rel}","templated":true}]}}