{"id":72934,"date":"2025-10-29T10:56:09","date_gmt":"2025-10-29T10:56:09","guid":{"rendered":"https:\/\/www.europesays.com\/no\/72934\/"},"modified":"2025-10-29T10:56:09","modified_gmt":"2025-10-29T10:56:09","slug":"verdens-vakreste-jente-thylane-blondeau-gjor-comeback","status":"publish","type":"post","link":"https:\/\/www.europesays.com\/no\/72934\/","title":{"rendered":"\u00abVerdens vakreste jente\u00bb Thylane Blondeau gj\u00f8r comeback."},"content":{"rendered":"<p class=\"kicker \" style=\"\">\u00abVerdens vakreste jente\u00bb<\/p>\n<p>  \u00abVerdens vakreste jente\u00bb har igjen blitt en \u00absnakkis\u00bb.<\/p>\n<p>\n    VERDENS VAKRESTE: 24-\u00e5ringen ble allerede som seks\u00e5ring k\u00e5ret til \u00abverdens vakreste jente\u00bb. Her er hun under moteuken i Paris. Foto: NTB\n  <\/p>\n<p>Som seks\u00e5ring fikk Thylane Blondeau (24) ansiktet sitt klistret p\u00e5 magasinforsider etter \u00e5 ha blitt tildelt tittelen \u00abverdens vakreste jente\u00bb i k\u00e5ringen utf\u00f8rt av TC Chandler.<\/p>\n<p>Lille Blondeau hadde allerede to \u00e5r som modell p\u00e5 baken, og hadde blant annet g\u00e5tt p\u00e5 catwalken for Jean Paul Gaultier.<\/p>\n<p>        NEI TAKK: Frieren fors\u00f8ker \u00e5 sette inn st\u00f8tet p\u00e5 \u00abJakten\u00bb-bonden Cornelia, men det g\u00e5r ikke helt som planlagt. Video: \u00abJakten p\u00e5 kj\u00e6rligheten\u00bb\/ TV 2\/ R\u00f8d L\u00f8per<\/p>\n<p class=\"font-weight-bold m-font-weight-bold\" data-lab-font_weight=\"font-weight-bold\">N\u00e5, 18 \u00e5r senere, viser Thylane Blondeau at hun fortsatt har det helt unike n\u00e6rv\u00e6ret som gjorde henne til et internasjonalt fenomen.<\/p>\n<p>Da den franske modellen nylig dukket opp p\u00e5 Miu Miu-visningen under moteuken i Paris, var det mange som snudde seg. Kledd i en elegant brun ull-dress med kremfarget genser og spisse h\u00e6ler, var 24-\u00e5ringen\u00a0spot on\u00a0 h\u00f8sten store trender.\u00a0<\/p>\n<p>    <a itemprop=\"url\" href=\"https:\/\/www.seher.no\/kjendis\/han-ble-oppgitt\/83725865\" rel=\"nofollow noopener\" target=\"_blank\"><\/p>\n<p>      <img loading=\"lazy\" decoding=\"async\" src=\"https:\/\/www.europesays.com\/no\/wp-content\/uploads\/2025\/10\/1761735368_937_83726056.webp\" width=\"147\" height=\"98\" title=\"- Han ble oppgitt\" alt=\"\" class=\"lazyload\" style=\"--aspect-ratio-image: 1.50; \"\/><\/p>\n<p>        &#8211; Han ble oppgitt<\/p>\n<p>    <\/a><\/p>\n<p>Med l\u00f8se b\u00f8lger i h\u00e5ret, naturlig sminke og et par klare briller, lot hun skj\u00f8nnheten tale for seg selv, noe hun har nylig m\u00e5ttet forsvare.\u00a0<\/p>\n<p>Flere har nemlig spekulert p\u00e5 om hun har fikset p\u00e5 utseendet &#8211; noe hun har sl\u00e5tt hardt ned p\u00e5.\u00a0<\/p>\n<p>          <img loading=\"lazy\" decoding=\"async\" src=\"https:\/\/www.europesays.com\/no\/wp-content\/uploads\/2025\/10\/1761735368_999_83701528.webp\" width=\"686\" height=\"776\" title=\"Thylane Blondeau. Foto: NTB\" alt=\"\" class=\"\" style=\"--aspect-ratio-image: 0.88; \"\/><\/p>\n<p>\n          Thylane Blondeau. Foto: NTB\n      <\/p>\n<p>P\u00e5 Instagram fortalte Thylane at hun er lei av spekulasjonene om at hun skal ha fikset p\u00e5 utseendet.<\/p>\n<p class=\"font-weight-bold m-font-weight-bold\" data-lab-font_weight=\"font-weight-bold\">\u00abJeg vet at mange gj\u00f8r ting med utseendet sitt i en ung alder i dag, men jeg har aldri r\u00f8rt noe\u00bb, skrev hun i en Instagram Story, <a href=\"https:\/\/nypost.com\/2025\/10\/06\/lifestyle\/thylane-blondeau-steps-out-at-paris-fashion-week\/\" rel=\"nofollow noopener\" target=\"_blank\">if\u00f8lge New York Post.<\/a><\/p>\n<p>\u00abSe p\u00e5 bilder av meg som barn \u2013 ingenting har endret seg. Bare fordi jeg bruker sminke eller lipliner, betyr det ikke at jeg har gjort noe\u00bb.<\/p>\n<p>          <img loading=\"lazy\" decoding=\"async\" src=\"https:\/\/www.europesays.com\/no\/wp-content\/uploads\/2025\/10\/1761735369_278_83701392.webp\" width=\"686\" height=\"885\" title=\"Thylane Blondeau p\u00e5 catwalken for Jean Paul Gaultier i 2006. Foto: NTB\" alt=\"\" class=\"\" style=\"--aspect-ratio-image: 0.78; \"\/><\/p>\n<p>\n          Thylane Blondeau p\u00e5 catwalken for Jean Paul Gaultier i 2006. Foto: NTB\n      <\/p>\n<p>Thylane gikk sin f\u00f8rste catwalk f\u00f8r hun begynte p\u00e5 skolen. Som ti\u00e5ring prydet hun forsiden av\u00a0Vogue Paris\u00a0\u2013 den yngste modellen noensinne.<\/p>\n<p>Siden den gang har hun bygget en solid karriere i moteverdenen, og i dag driver hun sitt eget skj\u00f8nnhetsmerke, Enalyht.<\/p>\n<p class=\"italic m-italic\" data-lab-italic=\"italic\">Denne saken ble f\u00f8rst publisert p\u00e5 <a href=\"https:\/\/www.kk.no\/underholdning\/kjenner-du-henne-igjen\/83701384\" rel=\"nofollow noopener\" target=\"_blank\">KK.no\u00a0<\/a><\/p>\n","protected":false},"excerpt":{"rendered":"\u00abVerdens vakreste jente\u00bb \u00abVerdens vakreste jente\u00bb har igjen blitt en \u00absnakkis\u00bb. VERDENS VAKRESTE: 24-\u00e5ringen ble allerede som seks\u00e5ring&hellip;\n","protected":false},"author":2,"featured_media":72935,"comment_status":"","ping_status":"","sticky":false,"template":"","format":"standard","meta":{"footnotes":""},"categories":[58],"tags":[71,479,8637,30,28,29,8636,72,8635],"class_list":{"0":"post-72934","1":"post","2":"type-post","3":"status-publish","4":"format-standard","5":"has-post-thumbnail","7":"category-underholdning","8":"tag-entertainment","9":"tag-kjendis","10":"tag-moteuken-i-paris","11":"tag-no","12":"tag-norge","13":"tag-norway","14":"tag-thylane-blondeau","15":"tag-underholdning","16":"tag-verdens-vakreste-jente"},"share_on_mastodon":{"url":"https:\/\/pubeurope.com\/@no\/115457096702613560","error":""},"_links":{"self":[{"href":"https:\/\/www.europesays.com\/no\/wp-json\/wp\/v2\/posts\/72934","targetHints":{"allow":["GET"]}}],"collection":[{"href":"https:\/\/www.europesays.com\/no\/wp-json\/wp\/v2\/posts"}],"about":[{"href":"https:\/\/www.europesays.com\/no\/wp-json\/wp\/v2\/types\/post"}],"author":[{"embeddable":true,"href":"https:\/\/www.europesays.com\/no\/wp-json\/wp\/v2\/users\/2"}],"replies":[{"embeddable":true,"href":"https:\/\/www.europesays.com\/no\/wp-json\/wp\/v2\/comments?post=72934"}],"version-history":[{"count":0,"href":"https:\/\/www.europesays.com\/no\/wp-json\/wp\/v2\/posts\/72934\/revisions"}],"wp:featuredmedia":[{"embeddable":true,"href":"https:\/\/www.europesays.com\/no\/wp-json\/wp\/v2\/media\/72935"}],"wp:attachment":[{"href":"https:\/\/www.europesays.com\/no\/wp-json\/wp\/v2\/media?parent=72934"}],"wp:term":[{"taxonomy":"category","embeddable":true,"href":"https:\/\/www.europesays.com\/no\/wp-json\/wp\/v2\/categories?post=72934"},{"taxonomy":"post_tag","embeddable":true,"href":"https:\/\/www.europesays.com\/no\/wp-json\/wp\/v2\/tags?post=72934"}],"curies":[{"name":"wp","href":"https:\/\/api.w.org\/{rel}","templated":true}]}}