{"id":72942,"date":"2025-10-29T11:03:19","date_gmt":"2025-10-29T11:03:19","guid":{"rendered":"https:\/\/www.europesays.com\/no\/72942\/"},"modified":"2025-10-29T11:03:19","modified_gmt":"2025-10-29T11:03:19","slug":"dette-mener-solveig-kloppen-om-begrepet-nepobaby","status":"publish","type":"post","link":"https:\/\/www.europesays.com\/no\/72942\/","title":{"rendered":"Dette mener Solveig kloppen om begrepet nepobaby:"},"content":{"rendered":"<p class=\"kicker \" style=\"\">Solveig Kloppen<\/p>\n<p>  Solveig Kloppen \u00e5pner opp om sine tanker rundt begrepet nepobaby.<\/p>\n<p>\n    NEPOBABY: Begrepet nepobaby har den siste tiden blitt mye diskutert. Foto: Lise \u00c5serud \/ NTB\n  <\/p>\n<p>Det har den siste tiden florert en rekke ulike meninger rundt begrepet \u00abNepobaby\u00bb.<\/p>\n<p>Nepo er kort for nepotisme som g\u00e5r ut p\u00e5 \u00e5 gi slektninger urettmessige fordeler, ja rett og slett favorisering. I utvidet forstand brukes begrepet gjerne ogs\u00e5 om venner. En baby \u2013 i dette tilfellet \u2013 er barnet til en kjent person. En \u00abnepobaby\u00bb er dermed en kjent person som selv er barn av en kjendis.<\/p>\n<p>Med den nye TV2-serien \u00abNepobaby\u00bb har begrepet nok en gang blitt satt p\u00e5 dagsordenen.<\/p>\n<p>    <a itemprop=\"url\" href=\"https:\/\/www.kk.no\/underholdning\/lenge-mistenkte-leah-han-for-dette\/83756610\" rel=\"nofollow noopener\" target=\"_blank\"><\/p>\n<p>      <img loading=\"lazy\" decoding=\"async\" src=\"https:\/\/www.europesays.com\/no\/wp-content\/uploads\/2025\/10\/83756657.webp\" width=\"980\" height=\"441\" title=\"Lenge mistenkte Leah han for dette\" alt=\"\" class=\"lazyload\" style=\"--aspect-ratio-image: 2.22; \"\/><\/p>\n<p>        Lenge mistenkte Leah han for dette<\/p>\n<p>    <\/a><\/p>\n<p>Negativt ladet\t<\/p>\n<p>Den nye tv-serien \u00abNepobaby\u00bb, skapt av Henriette Steenstrup, Siri Seljeseth og Tina Rygh, har allerede f\u00e5tt god kritikk.<\/p>\n<p>I serien finner vi flere kjente skuespillere, men ogs\u00e5 nyere skuespillere. De mest sentrale er Henriette Steenstrup, Nicolai Cleve Broch, Vivild Falk Berg, Helle Ryg Eia og Kristin Grue. I serien f\u00f8lger man barna til en avd\u00f8d og kjent forretningsmann.<\/p>\n<p><a href=\"https:\/\/www.nettavisen.no\/kjendis\/harald-eia-tar-et-oppgjor-med-begrepet-nepobaby-og-hvorfor-datteren-hans-ikke-er-det\/s\/5-95-2691426\" rel=\"nofollow noopener\" target=\"_blank\">Nylig snakket Nettavisen med en rekke kjente fjes<\/a> for \u00e5 h\u00f8re hva deres tanker er rundt begrepet: \u00abNepobaby\u00bb. Blant disse programleder, Solveig Kloppen. Hun mener tittelen er negativt ladet.<\/p>\n<p>Kloppen kjenner en rekke barn av kjente fjes, og mener de st\u00e5r st\u00f8tt p\u00e5 egne ben. Det samme mener Kloppen om hennes egne barn.<\/p>\n<p>P\u00e5 sp\u00f8rsm\u00e5l om hennes egen s\u00f8nn kan kalles en nepobaby svarer hun:<\/p>\n<p>\u2013 Ja, det kan v\u00e6re, men han st\u00e5r ogs\u00e5 st\u00f8tt p\u00e5 egne bein. Han har det navnet han har, sier hun til <a href=\"https:\/\/www.nettavisen.no\/kjendis\/harald-eia-tar-et-oppgjor-med-begrepet-nepobaby-og-hvorfor-datteren-hans-ikke-er-det\/s\/5-95-2691426\" rel=\"nofollow noopener\" target=\"_blank\">Nettavisen.<\/a><\/p>\n<p>    <a itemprop=\"url\" href=\"https:\/\/www.kk.no\/underholdning\/jeg-foler-pa-et-press\/83759204\" rel=\"nofollow noopener\" target=\"_blank\"><\/p>\n<p>      <img loading=\"lazy\" decoding=\"async\" src=\"https:\/\/www.europesays.com\/no\/wp-content\/uploads\/2025\/10\/83759227.webp\" width=\"980\" height=\"441\" title=\"- Jeg f\u00f8ler p\u00e5 et press\" alt=\"\" class=\"lazyload\" style=\"--aspect-ratio-image: 2.22; \"\/><\/p>\n<p>        &#8211; Jeg f\u00f8ler p\u00e5 et press<\/p>\n<p>    <\/a><\/p>\n<p>Helle Kannik Haastrup, lektor i film og medievitenskap ved K\u00f8benhavns Universitet og forfatter av boken Celebritykultur, forklarer begrepet slik:<\/p>\n<p>\u2013 Ordet er en forkortelse av nepotisme og baby, og betegner barn av ber\u00f8mte foreldre som ogs\u00e5 selv har gjort karriere. Sp\u00f8rsm\u00e5let er om det er p\u00e5 grunn av de ber\u00f8mte foreldrene eller er det p\u00e5 egen merit alts\u00e5 eget talent og arbeidsinnsats.<\/p>\n<p>    <a itemprop=\"url\" href=\"https:\/\/www.kk.no\/underholdning\/gruer-meg-til-a-se-det-1\/83761448\" rel=\"nofollow noopener\" target=\"_blank\"><\/p>\n<p>      <img loading=\"lazy\" decoding=\"async\" src=\"https:\/\/www.europesays.com\/no\/wp-content\/uploads\/2025\/10\/83761458.webp\" width=\"980\" height=\"441\" title=\"- Gruer meg til \u00e5 se det\" alt=\"\" class=\"lazyload\" style=\"--aspect-ratio-image: 2.22; \"\/><\/p>\n<p>        &#8211; Gruer meg til \u00e5 se det<\/p>\n<p>    <\/a><\/p>\n<p>Kjendis barn\t<\/p>\n<p>Mange kjenner kanskje Solveig Kloppen som Norges blideste og mest lettr\u00f8rte programleder. Med sitt varme vesen har hun blitt popul\u00e6r blant befolkningen, enten man har sett henne som programleder, eller om man har h\u00f8rt stemmen hennes p\u00e5 podkast.<\/p>\n<p>Selv om hun ikke liker betegnelsen nepo baby og mener barna klarer seg fint p\u00e5 egen h\u00e5nd, innr\u00f8mmer hun at det kan f\u00f8lge noen fordeler med \u00e5 ha en kjent mor.<\/p>\n<p>    <a itemprop=\"url\" href=\"https:\/\/www.kk.no\/livet\/nar-venninner-trekker-seg-unna-er-dette-den-vanligste-arsaken\/82472500\" rel=\"nofollow noopener\" target=\"_blank\"><\/p>\n<p>      <img loading=\"lazy\" decoding=\"async\" src=\"https:\/\/www.europesays.com\/no\/wp-content\/uploads\/2025\/10\/82971480.webp\" width=\"980\" height=\"441\" title=\"N\u00e5r venninner trekker seg unna, er dette den vanligste \u00e5rsaken\" alt=\"\" class=\"lazyload\" style=\"--aspect-ratio-image: 2.22; \"\/><\/p>\n<p>        N\u00e5r venninner trekker seg unna, er dette den vanligste \u00e5rsaken<\/p>\n<p>    <\/a><\/p>\n<p>\u2013 Ogs\u00e5 har de (barna hennes) sikkert f\u00e5tt v\u00e6re med p\u00e5 ting som de ikke hadde f\u00e5tt muligheten til hvis de ikke hadde en kjent mor, sier Kloppen til<a href=\"https:\/\/www.nettavisen.no\/kjendis\/harald-eia-tar-et-oppgjor-med-begrepet-nepobaby-og-hvorfor-datteren-hans-ikke-er-det\/s\/5-95-2691426\" rel=\"nofollow noopener\" target=\"_blank\"> Nettavisen.<\/a><\/p>\n","protected":false},"excerpt":{"rendered":"Solveig Kloppen Solveig Kloppen \u00e5pner opp om sine tanker rundt begrepet nepobaby. NEPOBABY: Begrepet nepobaby har den siste&hellip;\n","protected":false},"author":2,"featured_media":72943,"comment_status":"","ping_status":"","sticky":false,"template":"","format":"standard","meta":{"footnotes":""},"categories":[58],"tags":[10146,71,479,5610,4016,9508,30,28,29,1492,10147,2982,72],"class_list":{"0":"post-72942","1":"post","2":"type-post","3":"status-publish","4":"format-standard","5":"has-post-thumbnail","7":"category-underholdning","8":"tag-begreper","9":"tag-entertainment","10":"tag-kjendis","11":"tag-kjendisbarn","12":"tag-livet","13":"tag-nepobaby","14":"tag-no","15":"tag-norge","16":"tag-norway","17":"tag-programleder","18":"tag-solveig","19":"tag-solveig-kloppen","20":"tag-underholdning"},"share_on_mastodon":{"url":"https:\/\/pubeurope.com\/@no\/115457124358518264","error":""},"_links":{"self":[{"href":"https:\/\/www.europesays.com\/no\/wp-json\/wp\/v2\/posts\/72942","targetHints":{"allow":["GET"]}}],"collection":[{"href":"https:\/\/www.europesays.com\/no\/wp-json\/wp\/v2\/posts"}],"about":[{"href":"https:\/\/www.europesays.com\/no\/wp-json\/wp\/v2\/types\/post"}],"author":[{"embeddable":true,"href":"https:\/\/www.europesays.com\/no\/wp-json\/wp\/v2\/users\/2"}],"replies":[{"embeddable":true,"href":"https:\/\/www.europesays.com\/no\/wp-json\/wp\/v2\/comments?post=72942"}],"version-history":[{"count":0,"href":"https:\/\/www.europesays.com\/no\/wp-json\/wp\/v2\/posts\/72942\/revisions"}],"wp:featuredmedia":[{"embeddable":true,"href":"https:\/\/www.europesays.com\/no\/wp-json\/wp\/v2\/media\/72943"}],"wp:attachment":[{"href":"https:\/\/www.europesays.com\/no\/wp-json\/wp\/v2\/media?parent=72942"}],"wp:term":[{"taxonomy":"category","embeddable":true,"href":"https:\/\/www.europesays.com\/no\/wp-json\/wp\/v2\/categories?post=72942"},{"taxonomy":"post_tag","embeddable":true,"href":"https:\/\/www.europesays.com\/no\/wp-json\/wp\/v2\/tags?post=72942"}],"curies":[{"name":"wp","href":"https:\/\/api.w.org\/{rel}","templated":true}]}}