{"id":72959,"date":"2025-10-29T11:19:09","date_gmt":"2025-10-29T11:19:09","guid":{"rendered":"https:\/\/www.europesays.com\/no\/72959\/"},"modified":"2025-10-29T11:19:09","modified_gmt":"2025-10-29T11:19:09","slug":"prinsesse-martha-louise-durek-verrett-5","status":"publish","type":"post","link":"https:\/\/www.europesays.com\/no\/72959\/","title":{"rendered":"Prinsesse Martha Louise, Durek Verrett"},"content":{"rendered":"\n<p>Det kommer fram p\u00e5 arrang\u00f8renes<a rel=\"Follow nofollow noopener\" href=\"https:\/\/www.instagram.com\/p\/DQPZSo7jHvr\/\" target=\"_blank\"> Instagram-konto.<\/a><\/p>\n<p>\u2013 M\u00e4rtha Louise, Durek og Natalia har bestemt seg for \u00e5 forene krefter i et fors\u00f8k p\u00e5 \u00e5 sl\u00e5 rekorden for tidenes h\u00f8yeste vibrasjon (all time high vibe record), heter det i innlegget.<\/p>\n<p>Natalia Alava er Dureks niese og skal v\u00e6re med \u00e5 opptre.<\/p>\n<p>     iframe {<br \/>\n  width: 100% !important;<br \/>\n  height: 100% !important;<br \/>\n}<\/p>\n<p>.am-embed-ratio {<br \/>\n  position: relative;<br \/>\n  height: 0;<br \/>\n}<\/p>\n<p>.am-embed-error {<br \/>\n  color: #292827;<br \/>\n  background: #e7e6e2;<br \/>\n  padding: 10px 20px;<br \/>\n  line-height: 1.3em;<br \/>\n}<\/p>\n<p>amedia-smartembed-iframe {<br \/>\n  display: block;<br \/>\n}<\/p>\n<p>.am-embed-ratio.x-scroll {<br \/>\n  overflow-x: scroll;<br \/>\n}<\/p>\n<p>.am-embed-ratio.x-scroll iframe {<br \/>\n  min-width: 800px;<br \/>\n}<\/p>\n<p>.am-embed-ratio.x-scroll::-webkit-scrollbar {<br \/>\n  height: 8px;<br \/>\n}<\/p>\n<p>.am-embed-ratio.x-scroll::-webkit-scrollbar-track {<br \/>\n  margin: 0 10px;<br \/>\n  background-color: #eee;<br \/>\n  border-radius: 10px;<br \/>\n}<\/p>\n<p>.am-embed-ratio.x-scroll::-webkit-scrollbar-thumb {<br \/>\n  background-color: #484544;<br \/>\n  border-radius: 10px;<br \/>\n}<\/p>\n<p>amedia-smartembed iframe {<br \/>\n  border: none;<br \/>\n  width: 100%;<br \/>\n}<br \/>\n]]]]>]]><\/p>\n<p>]]><\/p>\n<p>\n    ]]><\/p>\n<p>    Vil du se neste video?<\/p>\n<p>    <a href=\"https:\/\/www.nettavisen.no\/nyheter\/her-gjor-svein-harald-roine-narr-av-stores-logner\/v\/5-95-2683081\" class=\"recommend-poster\" data-adp-clicklabel=\"video-recommend\" data-adp-clickvalue=\"poster\" rel=\"nofollow noopener\" target=\"_blank\"><br \/>\n      <img decoding=\"async\" width=\"200\" height=\"200\" loading=\"lazy\" src=\"https:\/\/www.europesays.com\/no\/wp-content\/uploads\/2025\/10\/Svein+RTore+splitt.jpg\" alt=\"\" class=\"brick-c-cFOWSL\" style=\"--brick-image-ratio: 200 \/ 200;\"\/><\/p>\n<p>Her gj\u00f8r han narr av St\u00f8res l\u00f8gner4:24<\/p>\n<p>    <\/a><\/p>\n<p><b>Les ogs\u00e5: <a rel=\"Follow nofollow noopener\" href=\"https:\/\/www.nettavisen.no\/kjendis\/benekter-marius-borg-hoiby-pastand-latterlig\/s\/5-95-2697773\" target=\"_blank\">Benekter H\u00f8iby-p\u00e5stand: \u2013 Latterlig<\/a><\/b><\/p>\n<p>Festen arrangeres av \u00abthe omg events\u00bb og har f\u00e5tt navnet \u00abSpace is the place\u00bb. Den skal holdes p\u00e5 Sk\u00f8yen i Oslo 1. november.<\/p>\n<p>Arrang\u00f8ren skriver ogs\u00e5 at f\u00f8r dansegulvet sparkes i gang, vil M\u00e4rtha dele en historie som \u00abutforsker autentisitet, selvutfoldelse og motet til \u00e5 leve som seg selv\u00bb.<\/p>\n<p>\u2013 M\u00e4rtha, jeg og min niese er henrykte over \u00e5 dele v\u00e5r kj\u00e6rlighet med alle. La oss sette i gang! skriver Durek i kommentarfeltet.<\/p>\n<p>I tillegg til M\u00e4rtha Louise, Durek og Natalia skal en rekke andre opptre p\u00e5 festen.<\/p>\n<p>\n    ]]><\/p>\n<p>    Vil du se neste video?<\/p>\n<p>    <a href=\"https:\/\/www.nettavisen.no\/nyheter\/her-gjor-svein-harald-roine-narr-av-stores-logner\/v\/5-95-2683081\" class=\"recommend-poster\" data-adp-clicklabel=\"video-recommend\" data-adp-clickvalue=\"poster\" rel=\"nofollow noopener\" target=\"_blank\"><br \/>\n      <img decoding=\"async\" width=\"200\" height=\"200\" loading=\"lazy\" src=\"https:\/\/www.europesays.com\/no\/wp-content\/uploads\/2025\/10\/Svein+RTore+splitt.jpg\" alt=\"\" class=\"brick-c-cFOWSL\" style=\"--brick-image-ratio: 200 \/ 200;\"\/><\/p>\n<p>Her gj\u00f8r han narr av St\u00f8res l\u00f8gner4:24<\/p>\n<p>    <\/a><\/p>\n<p><b>Les ogs\u00e5: <a href=\"https:\/\/www.nettavisen.no\/kjendis\/m-rtha-louise-punget-ut-for-gigantgjeld\/s\/5-95-2690454\" rel=\"Follow nofollow noopener\" target=\"_blank\">M\u00e4rtha punget ut for gigantgjeld<\/a><\/b><\/p>\n<p><b>Les ogs\u00e5: <a href=\"https:\/\/www.nettavisen.no\/kjendis\/politikerne-ankommer-slottet-til-stortingsmiddag\/s\/5-95-2689014\" rel=\"Follow nofollow noopener\" target=\"_blank\">Bet seg merke i det Kongen sa: \u2013 Det er veldig typisk<\/a><\/b><\/p>\n<p><b>Les ogs\u00e5:<a href=\"https:\/\/www.nettavisen.no\/kjendis\/sjokk-anklager-i-ny-bok-britney-spears-skal-ha-statt-med-kniv-i-dorapningen\/s\/5-95-2675134\" rel=\"Follow nofollow noopener\" target=\"_blank\"> Sjokkerende Britney-anklager: \u2013 S\u00e5 p\u00e5 dem med en kniv i h\u00e5nden<\/a><\/b><\/p>\n<p><b>Les ogs\u00e5: <a href=\"https:\/\/www.nettavisen.no\/sport\/ekspertene-med-knallhard-viaplay-dom-ber-de-ta-prisgrep\/s\/5-95-2685982\" rel=\"Follow nofollow noopener\" target=\"_blank\">Knallhard Viaplay-dom: Ber de ta grep<\/a><\/b><\/p>\n<p><script async src=\"\/\/www.instagram.com\/embed.js\"><\/script><\/p>\n","protected":false},"excerpt":{"rendered":"Det kommer fram p\u00e5 arrang\u00f8renes Instagram-konto. \u2013 M\u00e4rtha Louise, Durek og Natalia har bestemt seg for \u00e5 forene&hellip;\n","protected":false},"author":2,"featured_media":72960,"comment_status":"","ping_status":"","sticky":false,"template":"","format":"standard","meta":{"footnotes":""},"categories":[58],"tags":[71,30,28,29,72],"class_list":{"0":"post-72959","1":"post","2":"type-post","3":"status-publish","4":"format-standard","5":"has-post-thumbnail","7":"category-underholdning","8":"tag-entertainment","9":"tag-no","10":"tag-norge","11":"tag-norway","12":"tag-underholdning"},"share_on_mastodon":{"url":"https:\/\/pubeurope.com\/@no\/115457187241458657","error":""},"_links":{"self":[{"href":"https:\/\/www.europesays.com\/no\/wp-json\/wp\/v2\/posts\/72959","targetHints":{"allow":["GET"]}}],"collection":[{"href":"https:\/\/www.europesays.com\/no\/wp-json\/wp\/v2\/posts"}],"about":[{"href":"https:\/\/www.europesays.com\/no\/wp-json\/wp\/v2\/types\/post"}],"author":[{"embeddable":true,"href":"https:\/\/www.europesays.com\/no\/wp-json\/wp\/v2\/users\/2"}],"replies":[{"embeddable":true,"href":"https:\/\/www.europesays.com\/no\/wp-json\/wp\/v2\/comments?post=72959"}],"version-history":[{"count":0,"href":"https:\/\/www.europesays.com\/no\/wp-json\/wp\/v2\/posts\/72959\/revisions"}],"wp:featuredmedia":[{"embeddable":true,"href":"https:\/\/www.europesays.com\/no\/wp-json\/wp\/v2\/media\/72960"}],"wp:attachment":[{"href":"https:\/\/www.europesays.com\/no\/wp-json\/wp\/v2\/media?parent=72959"}],"wp:term":[{"taxonomy":"category","embeddable":true,"href":"https:\/\/www.europesays.com\/no\/wp-json\/wp\/v2\/categories?post=72959"},{"taxonomy":"post_tag","embeddable":true,"href":"https:\/\/www.europesays.com\/no\/wp-json\/wp\/v2\/tags?post=72959"}],"curies":[{"name":"wp","href":"https:\/\/api.w.org\/{rel}","templated":true}]}}