{"id":72970,"date":"2025-10-29T11:27:18","date_gmt":"2025-10-29T11:27:18","guid":{"rendered":"https:\/\/www.europesays.com\/no\/72970\/"},"modified":"2025-10-29T11:27:18","modified_gmt":"2025-10-29T11:27:18","slug":"klare-for-ny-julekalender","status":"publish","type":"post","link":"https:\/\/www.europesays.com\/no\/72970\/","title":{"rendered":"Klare for ny julekalender"},"content":{"rendered":"<p>1. desember er det premiere p\u00e5 en helt ny julekalender p\u00e5 NRK, \u00abNissene i skjul\u00bb, med Kevin V\u00e5genes (38), Herman Flesvig (33) og Mikkel Niva (37) i hovedrollene.<\/p>\n<p>Det skriver NRK i en pressemelding.<\/p>\n<p> \u00abNissene i skjul\u00bb henter inspirasjon fra popul\u00e6re realityserier som \u00abForr\u00e6der\u00bb og \u00abSpillet\u00bb, og byr p\u00e5 en solid dose parodi, varme og julestemning. <\/p>\n<p>        <img class=\"image__img lazyload\" itemprop=\"image\" title=\"Foto: Seefood TV \/ NRK\" alt=\"FLERE ROLLER: Herman Flesvig og Kevin V\u00e5genes har mer enn en rolle hver. Foto: Seefood TV \/ NRK\" width=\"978\" height=\"551\" bad-src=\"https:\/\/www.europesays.com\/no\/wp-content\/uploads\/2025\/10\/18235504.webp\" fetchpriority=\"auto\" \/><\/p>\n<p>      FLERE ROLLER: Herman Flesvig og Kevin V\u00e5genes har mer enn en rolle hver.<br \/>\n         Foto: Seefood TV \/ NRK<\/p>\n<p>Flesvig og V\u00e5genes spiller fire roller hver, mens Niva leder det hele som programleder.<\/p>\n<p>\u2013 Det er g\u00f8y \u00e5 f\u00e5 muligheten til \u00e5 v\u00e6re med p\u00e5 \u00abNissene i skjul\u00bb. Siden jeg var liten har jeg v\u00e6rt stor fan av originale \u00abNissene p\u00e5 l\u00e5ven\u00bb med Espen Eckbo, sier Herman Flesvig.<\/p>\n<p>\u2013 Det har v\u00e6rt fantastisk \u00e5 jobbe med s\u00e5 mange morsomme og dyktige folk, og virkelig en dr\u00f8m \u00e5 endelig f\u00e5 jobbe sammen med Herman, sier Kevin V\u00e5genes.<\/p>\n<p>        <img class=\"image__img lazyload\" itemprop=\"image\" title=\"Foto: Seefood TV \/ NRK\" alt=\"PROGRAMLEDER: Mikkel Niva spiller programleder i den nye julekalenderen. Foto: Seefood TV \/ NRK\" width=\"978\" height=\"551\" bad-src=\"https:\/\/www.europesays.com\/no\/wp-content\/uploads\/2025\/10\/18235509.webp\" fetchpriority=\"auto\" \/><\/p>\n<p>      PROGRAMLEDER: Mikkel Niva spiller programleder i den nye julekalenderen.<br \/>\n         Foto: Seefood TV \/ NRK<\/p>\n","protected":false},"excerpt":{"rendered":"1. desember er det premiere p\u00e5 en helt ny julekalender p\u00e5 NRK, \u00abNissene i skjul\u00bb, med Kevin V\u00e5genes&hellip;\n","protected":false},"author":2,"featured_media":72971,"comment_status":"","ping_status":"","sticky":false,"template":"","format":"standard","meta":{"footnotes":""},"categories":[58],"tags":[71,30,28,29,72],"class_list":{"0":"post-72970","1":"post","2":"type-post","3":"status-publish","4":"format-standard","5":"has-post-thumbnail","7":"category-underholdning","8":"tag-entertainment","9":"tag-no","10":"tag-norge","11":"tag-norway","12":"tag-underholdning"},"share_on_mastodon":{"url":"https:\/\/pubeurope.com\/@no\/115457218487616947","error":""},"_links":{"self":[{"href":"https:\/\/www.europesays.com\/no\/wp-json\/wp\/v2\/posts\/72970","targetHints":{"allow":["GET"]}}],"collection":[{"href":"https:\/\/www.europesays.com\/no\/wp-json\/wp\/v2\/posts"}],"about":[{"href":"https:\/\/www.europesays.com\/no\/wp-json\/wp\/v2\/types\/post"}],"author":[{"embeddable":true,"href":"https:\/\/www.europesays.com\/no\/wp-json\/wp\/v2\/users\/2"}],"replies":[{"embeddable":true,"href":"https:\/\/www.europesays.com\/no\/wp-json\/wp\/v2\/comments?post=72970"}],"version-history":[{"count":0,"href":"https:\/\/www.europesays.com\/no\/wp-json\/wp\/v2\/posts\/72970\/revisions"}],"wp:featuredmedia":[{"embeddable":true,"href":"https:\/\/www.europesays.com\/no\/wp-json\/wp\/v2\/media\/72971"}],"wp:attachment":[{"href":"https:\/\/www.europesays.com\/no\/wp-json\/wp\/v2\/media?parent=72970"}],"wp:term":[{"taxonomy":"category","embeddable":true,"href":"https:\/\/www.europesays.com\/no\/wp-json\/wp\/v2\/categories?post=72970"},{"taxonomy":"post_tag","embeddable":true,"href":"https:\/\/www.europesays.com\/no\/wp-json\/wp\/v2\/tags?post=72970"}],"curies":[{"name":"wp","href":"https:\/\/api.w.org\/{rel}","templated":true}]}}