{"id":72989,"date":"2025-10-29T11:48:06","date_gmt":"2025-10-29T11:48:06","guid":{"rendered":"https:\/\/www.europesays.com\/no\/72989\/"},"modified":"2025-10-29T11:48:06","modified_gmt":"2025-10-29T11:48:06","slug":"simulerte-den-storste-solstormen-i-historien","status":"publish","type":"post","link":"https:\/\/www.europesays.com\/no\/72989\/","title":{"rendered":"Simulerte den st\u00f8rste solstormen i historien"},"content":{"rendered":"<p>Gjorde metallstrukturer str\u00f8mf\u00f8rende<\/p>\n<p>Men dette var bare begynnelsen. 15 timer etter de to f\u00f8rste treffene av h\u00f8yenergetisk str\u00e5ling, fulgte hovedutbruddet fra sola. Dette var en s\u00e5kalt coronal mass ejection, der enorme mengder elektrisk ladde partikler fra solas ytre atmosf\u00e6re, kalt koronaen, eksploderte ut i rommet.\u00a0<\/p>\n<p>Da utbruddet traff jordas magnetfelt i simuleringen, oppstod det kraftig nordlys ogs\u00e5 langt s\u00f8r.\u00a0<\/p>\n<p>P\u00e5 bakken slo den geomagnetiske stormen ut str\u00f8mnettet ved \u00e5 sende kraftig str\u00f8m gjennom lange strukturer av metall, som kraftledninger og r\u00f8rledninger, med alt av problemer det medf\u00f8rte.<\/p>\n<p>Energien fra solstormen fikk jordas atmosf\u00e6re til \u00e5 ese ut, og forstyrret satellittenes baner. Sammen med svikten i navigasjonsdata, \u00f8kte det sjansen for kollisjoner sterkt.<\/p>\n<p>Den enorme b\u00f8lgen av energi fra sola p\u00e5virket omtrent alle typer satellitter, ogs\u00e5 de som gikk i baner n\u00e6r jorda.\u00a0<\/p>\n<p>Helt avhengig av satellittene<\/p>\n<p>&#8211; En simulering som dette er viktig for at teamet som styrer satellittene vet hva de skal gj\u00f8re derom en solstorm inntreffer, sier P\u00e5l Brekke, fagsjef innen romforskning ved Direktoratet for romvirksomhet. Han er ogs\u00e5 norsk delegat til komiteen for ESAs vitenskapsprogram.<\/p>\n<p>Dette likner mye p\u00e5 de beredskaps\u00f8velsene vi gj\u00f8r her p\u00e5 jorda for \u00e5 forberede samfunnet p\u00e5 effekten av en ekstrem storm, jordskred eller flom. For eksempel har beredskapen til offshore-installasjoner og annen maritim virksomhet blitt forberedt p\u00e5 effekten av en hundre\u00e5rsb\u00f8lge.<\/p>\n<p>&#8211; Vi kan l\u00e6re mye av slike \u00f8velser og alle effektene som ekstremt romv\u00e6r har p\u00e5 satellitter, sier Brekke.\u00a0<\/p>\n<p>Satellitter er samfunnskritisk infrastruktur og effekten av \u00e5 miste mange satellitter p\u00e5 grunn av romv\u00e6r er langt st\u00f8rre i dag enn for bare et par ti\u00e5r siden.\u00a0<\/p>\n<p>&#8211; Samfunnet v\u00e5rt er blitt mye mer avhengig av satellitter for \u00e5 fungere s\u00f8ml\u00f8st. Mange av tjenestene som vi tar for gitt skal fungere i hverdagen, er helt avhengig av at satellittene fungerer, avslutter Brekke.<\/p>\n","protected":false},"excerpt":{"rendered":"Gjorde metallstrukturer str\u00f8mf\u00f8rende Men dette var bare begynnelsen. 15 timer etter de to f\u00f8rste treffene av h\u00f8yenergetisk str\u00e5ling,&hellip;\n","protected":false},"author":2,"featured_media":72990,"comment_status":"","ping_status":"","sticky":false,"template":"","format":"standard","meta":{"footnotes":""},"categories":[57],"tags":[30,28,29,65,63,64,66,70,69,67,68],"class_list":{"0":"post-72989","1":"post","2":"type-post","3":"status-publish","4":"format-standard","5":"has-post-thumbnail","7":"category-vitenskap-og-teknologi","8":"tag-no","9":"tag-norge","10":"tag-norway","11":"tag-science","12":"tag-science-and-technology","13":"tag-scienceandtechnology","14":"tag-technology","15":"tag-teknologi","16":"tag-vitenskap","17":"tag-vitenskap-og-teknologi","18":"tag-vitenskapteknologi"},"share_on_mastodon":{"url":"https:\/\/pubeurope.com\/@no\/115457301062199552","error":""},"_links":{"self":[{"href":"https:\/\/www.europesays.com\/no\/wp-json\/wp\/v2\/posts\/72989","targetHints":{"allow":["GET"]}}],"collection":[{"href":"https:\/\/www.europesays.com\/no\/wp-json\/wp\/v2\/posts"}],"about":[{"href":"https:\/\/www.europesays.com\/no\/wp-json\/wp\/v2\/types\/post"}],"author":[{"embeddable":true,"href":"https:\/\/www.europesays.com\/no\/wp-json\/wp\/v2\/users\/2"}],"replies":[{"embeddable":true,"href":"https:\/\/www.europesays.com\/no\/wp-json\/wp\/v2\/comments?post=72989"}],"version-history":[{"count":0,"href":"https:\/\/www.europesays.com\/no\/wp-json\/wp\/v2\/posts\/72989\/revisions"}],"wp:featuredmedia":[{"embeddable":true,"href":"https:\/\/www.europesays.com\/no\/wp-json\/wp\/v2\/media\/72990"}],"wp:attachment":[{"href":"https:\/\/www.europesays.com\/no\/wp-json\/wp\/v2\/media?parent=72989"}],"wp:term":[{"taxonomy":"category","embeddable":true,"href":"https:\/\/www.europesays.com\/no\/wp-json\/wp\/v2\/categories?post=72989"},{"taxonomy":"post_tag","embeddable":true,"href":"https:\/\/www.europesays.com\/no\/wp-json\/wp\/v2\/tags?post=72989"}],"curies":[{"name":"wp","href":"https:\/\/api.w.org\/{rel}","templated":true}]}}