{"id":73218,"date":"2025-10-29T16:21:09","date_gmt":"2025-10-29T16:21:09","guid":{"rendered":"https:\/\/www.europesays.com\/no\/73218\/"},"modified":"2025-10-29T16:21:09","modified_gmt":"2025-10-29T16:21:09","slug":"arbeidsliv-okonomi-og-naeringsliv-orkla-legger-ned-39-ansatte-rammes","status":"publish","type":"post","link":"https:\/\/www.europesays.com\/no\/73218\/","title":{"rendered":"Arbeidsliv, \u00d8konomi og n\u00e6ringsliv | Orkla legger ned: 39 ansatte rammes"},"content":{"rendered":"\n<p>Saken oppdateres<\/p>\n<p>Det opplyser selskapet i en pressemelding onsdag ettermiddag.<\/p>\n<p>P\u00e5 Flisa produserer Orkla tannstikkere i tre, Jif engangsv\u00e5tmopper og Lypsyl.\u00a0<\/p>\n<p>Presset \u00f8konomi<\/p>\n<p>39 ansatte ber\u00f8res av nedleggelsen.\u00a0<\/p>\n<p>\u2013 De ble informert om dette i dag, sier Shaher Yar Khan, Chief Operations Officer i Orkla Health.<\/p>\n<p>Han opplyser at avgj\u00f8relsen om \u00e5 legge ned er tatt etter en grundig vurdering.<\/p>\n<p>\u2013 Den kommer som f\u00f8lge av en presset l\u00f8nnsomhet vi har hatt over lengre tid. Vi har vurdert flere alternativer, men til slutt kunne vi ikke forsvare \u00e5 opprettholde produksjonen p\u00e5 Flisa videre.<\/p>\n<p>Khan legger ikke skjul p\u00e5 at avgj\u00f8relsen om \u00e5 legge ned er vanskelig \u00e5 ta.<\/p>\n<p>\u2013 Men det er et n\u00f8dvendig grep. V\u00e5re kolleger p\u00e5 Flisa har vist stor profesjonalitet og engasjement gjennom mange \u00e5r. Vi skal gj\u00f8re alt vi kan for \u00e5 ivareta dem p\u00e5 en respektfull m\u00e5te, sier han.<\/p>\n<p>   <img decoding=\"async\" width=\"1598\" height=\"952\" fetchpriority=\"low\"  loading=\"lazy\"  src=\"https:\/\/www.europesays.com\/no\/wp-content\/uploads\/2025\/10\/Orkla.jpg\" alt=\"\" class=\"brick-c-cFOWSL\" style=\"--brick-image-ratio: 1598 \/ 952;\"\/><\/p>\n<p>      LEGGER NED: Orkla legger ned p\u00e5 Flisa.<br \/>\n      Foto: Google Street View\n    <\/p>\n<p>  \u2013 Ta vare p\u00e5 hverandre<\/p>\n<p>Fabrikksjef p\u00e5 Flisa, Elisabeth Normann, understreker i den samme pressemeldingen at fokuset n\u00e5 er mennesker og prosess.<\/p>\n<p>\u2013 Dette er en tung beskjed for alle, og jeg har stor forst\u00e5else for reaksjonene. Vi har hatt en lang og grundig prosess der vi har gjort alt vi kunne for \u00e5 finne l\u00f8sninger, sier Normann.<\/p>\n<p>\u2013 N\u00e5 handler det om \u00e5 ta vare p\u00e5 kollegene v\u00e5re, sikre en ryddig prosess og s\u00f8rge for at alle f\u00e5r den st\u00f8tten de trenger, legger hun til.<\/p>\n<p>Samarbeidet med fagforeningene er n\u00e5 i gang.<\/p>\n<p>Dette gj\u00f8res if\u00f8lge Orkla Health for \u00e5 sikre \u00e5penhet og ansvarlighet gjennom hele prosessen som n\u00e5 kommer.<\/p>\n<p>\u2013 Produksjonen p\u00e5 Flisa vil fortsette gjennom 2026 for \u00e5 sikre trygg, stabil og kvalitetsmessig drift i overgangsperioden, sier Normann.<\/p>\n<p>Hun vil ogs\u00e5 legge vekt p\u00e5 \u00e5 bidra til at bygget kan overtas av nye akt\u00f8rer \u2013 etter at Orkla har forlatt Flisa.<\/p>\n<p>\u2013 P\u00e5 den m\u00e5ten kan det fortsatt etableres lokale arbeidsplasser p\u00e5 sikt, sier fabrikksjefen.<\/p>\n","protected":false},"excerpt":{"rendered":"Saken oppdateres Det opplyser selskapet i en pressemelding onsdag ettermiddag. P\u00e5 Flisa produserer Orkla tannstikkere i tre, Jif&hellip;\n","protected":false},"author":2,"featured_media":73219,"comment_status":"","ping_status":"","sticky":false,"template":"","format":"standard","meta":{"footnotes":""},"categories":[10],"tags":[465,36,575,20,21,24,25,15,22,23,13,30,28,29,14,16,216,478,1510,26,27],"class_list":{"0":"post-73218","1":"post","2":"type-post","3":"status-publish","4":"format-standard","5":"has-post-thumbnail","7":"category-norge","8":"tag-arbeidsliv","9":"tag-art","10":"tag-asnes","11":"tag-breaking-news","12":"tag-breakingnews","13":"tag-featured-news","14":"tag-featurednews","15":"tag-headlines","16":"tag-latest-news","17":"tag-latestnews","18":"tag-news","19":"tag-no","20":"tag-norge","21":"tag-norway","22":"tag-nyheter","23":"tag-overskrifter","24":"tag-okonomi-og-naeringsliv","25":"tag-solor","26":"tag-story","27":"tag-top-stories","28":"tag-topstories"},"share_on_mastodon":{"url":"https:\/\/pubeurope.com\/@no\/115458374587511235","error":""},"_links":{"self":[{"href":"https:\/\/www.europesays.com\/no\/wp-json\/wp\/v2\/posts\/73218","targetHints":{"allow":["GET"]}}],"collection":[{"href":"https:\/\/www.europesays.com\/no\/wp-json\/wp\/v2\/posts"}],"about":[{"href":"https:\/\/www.europesays.com\/no\/wp-json\/wp\/v2\/types\/post"}],"author":[{"embeddable":true,"href":"https:\/\/www.europesays.com\/no\/wp-json\/wp\/v2\/users\/2"}],"replies":[{"embeddable":true,"href":"https:\/\/www.europesays.com\/no\/wp-json\/wp\/v2\/comments?post=73218"}],"version-history":[{"count":0,"href":"https:\/\/www.europesays.com\/no\/wp-json\/wp\/v2\/posts\/73218\/revisions"}],"wp:featuredmedia":[{"embeddable":true,"href":"https:\/\/www.europesays.com\/no\/wp-json\/wp\/v2\/media\/73219"}],"wp:attachment":[{"href":"https:\/\/www.europesays.com\/no\/wp-json\/wp\/v2\/media?parent=73218"}],"wp:term":[{"taxonomy":"category","embeddable":true,"href":"https:\/\/www.europesays.com\/no\/wp-json\/wp\/v2\/categories?post=73218"},{"taxonomy":"post_tag","embeddable":true,"href":"https:\/\/www.europesays.com\/no\/wp-json\/wp\/v2\/tags?post=73218"}],"curies":[{"name":"wp","href":"https:\/\/api.w.org\/{rel}","templated":true}]}}