{"id":73220,"date":"2025-10-29T16:25:10","date_gmt":"2025-10-29T16:25:10","guid":{"rendered":"https:\/\/www.europesays.com\/no\/73220\/"},"modified":"2025-10-29T16:25:10","modified_gmt":"2025-10-29T16:25:10","slug":"sarpsborg-08-cupfinale-fyller-seg-raskt-1-000-billetter-til-cupfesten-borte-pa-fa-timer","status":"publish","type":"post","link":"https:\/\/www.europesays.com\/no\/73220\/","title":{"rendered":"Sarpsborg 08, Cupfinale | Fyller seg raskt \u2013 1.000 billetter til cupfesten borte p\u00e5 f\u00e5 timer"},"content":{"rendered":"\n<p>Sarpsborg 08 inviterer alle byens supportere til cupfest i egne lokaler i de gamle lokalene til Pappen fredag 5. desember.<\/p>\n<p>Ryker unna<\/p>\n<p>Vorspielet har plass til rundt 2.500 gjester, og i l\u00f8pet av de tre f\u00f8rste timene etter billettslippet ble de f\u00f8rste 1.000 billettene revet vekk.<\/p>\n<p>\u2013 Det virker som sarpingene gleder seg b\u00e5de til cupfinale-show og selve cupfinalen, sier klubbens kommersielle leder P\u00e5l T\u00f8nnesen til Sarpsborg Arbeiderblad.<\/p>\n<p>For alle<\/p>\n<p>Vorspielet p\u00e5 Pappen er \u00e5pent for alle, uavhengig av om man har billett til cupfinalen p\u00e5 Ullev\u00e5l eller ikke.<\/p>\n<p>D\u00f8rene \u00e5pner klokken 15.00 fredag 5. desember, og klubben lover en kveld full av stemning, allsang og h\u00f8yt tr\u00f8kk.<\/p>\n<p>Kjente fjes<\/p>\n<p>Detaljene rundt showet er ikke helt avsl\u00f8rt, men det som allerede er klart er at Jonas Groth st\u00e5r for musikken, mens Jon Martin Henriksen og Patrick Walther Larsen leder som konferansierer gjennom kvelden.<\/p>\n<p>\u2013 Uavhengig av om man skal til Oslo eller ikke, blir fredagen p\u00e5 Pappen en fantastisk opplevelse. Her er det bare \u00e5 sikre seg billett, sier T\u00f8nnesen.<\/p>\n<p>  <a href=\"https:\/\/www.sa.no\/5-46-1894262\" class=\"related-teaser has-image default-story-teaser article--c-eRUmMG article--c-eRUmMG-jKCPdD-design-default\" rel=\"nofollow noopener\" target=\"_blank\"><\/p>\n<p>    <img decoding=\"async\" loading=\"lazy\"  src=\"https:\/\/www.europesays.com\/no\/wp-content\/uploads\/2025\/10\/1759787187_819_sarpsborg_08_h_per_p__cup.jpg\" alt=\"\" class=\"brick-c-cFOWSL\" style=\"\"\/><\/p>\n<p>\n            Les ogs\u00e5<\/p>\n<p>              Utsolgt for cupfinalebilletter: \u2013 Helt r\u00e5tt\n        <\/p>\n<p>  <\/a><\/p>\n","protected":false},"excerpt":{"rendered":"Sarpsborg 08 inviterer alle byens supportere til cupfest i egne lokaler i de gamle lokalene til Pappen fredag&hellip;\n","protected":false},"author":2,"featured_media":73221,"comment_status":"","ping_status":"","sticky":false,"template":"","format":"standard","meta":{"footnotes":""},"categories":[58],"tags":[36,1395,71,30,28,29,447,10186,133,1510,72],"class_list":{"0":"post-73220","1":"post","2":"type-post","3":"status-publish","4":"format-standard","5":"has-post-thumbnail","7":"category-underholdning","8":"tag-art","9":"tag-cupfinale","10":"tag-entertainment","11":"tag-no","12":"tag-norge","13":"tag-norway","14":"tag-nyhet","15":"tag-pappen","16":"tag-sarpsborg-08","17":"tag-story","18":"tag-underholdning"},"share_on_mastodon":{"url":"https:\/\/pubeurope.com\/@no\/115458390556882745","error":""},"_links":{"self":[{"href":"https:\/\/www.europesays.com\/no\/wp-json\/wp\/v2\/posts\/73220","targetHints":{"allow":["GET"]}}],"collection":[{"href":"https:\/\/www.europesays.com\/no\/wp-json\/wp\/v2\/posts"}],"about":[{"href":"https:\/\/www.europesays.com\/no\/wp-json\/wp\/v2\/types\/post"}],"author":[{"embeddable":true,"href":"https:\/\/www.europesays.com\/no\/wp-json\/wp\/v2\/users\/2"}],"replies":[{"embeddable":true,"href":"https:\/\/www.europesays.com\/no\/wp-json\/wp\/v2\/comments?post=73220"}],"version-history":[{"count":0,"href":"https:\/\/www.europesays.com\/no\/wp-json\/wp\/v2\/posts\/73220\/revisions"}],"wp:featuredmedia":[{"embeddable":true,"href":"https:\/\/www.europesays.com\/no\/wp-json\/wp\/v2\/media\/73221"}],"wp:attachment":[{"href":"https:\/\/www.europesays.com\/no\/wp-json\/wp\/v2\/media?parent=73220"}],"wp:term":[{"taxonomy":"category","embeddable":true,"href":"https:\/\/www.europesays.com\/no\/wp-json\/wp\/v2\/categories?post=73220"},{"taxonomy":"post_tag","embeddable":true,"href":"https:\/\/www.europesays.com\/no\/wp-json\/wp\/v2\/tags?post=73220"}],"curies":[{"name":"wp","href":"https:\/\/api.w.org\/{rel}","templated":true}]}}