{"id":73314,"date":"2025-10-29T18:06:10","date_gmt":"2025-10-29T18:06:10","guid":{"rendered":"https:\/\/www.europesays.com\/no\/73314\/"},"modified":"2025-10-29T18:06:10","modified_gmt":"2025-10-29T18:06:10","slug":"danny-saucedo-og-anna-eriksson-venter-sitt-andre-barn","status":"publish","type":"post","link":"https:\/\/www.europesays.com\/no\/73314\/","title":{"rendered":"Danny Saucedo og Anna Eriksson venter sitt andre barn"},"content":{"rendered":"<p class=\"kicker \" style=\"\">Danny Saucedo:<\/p>\n<p>  Stjerneparet utvider familien og skal bli foreldre for andre gang.<\/p>\n<p>\n    UTVIDER FAMILIEN: Anna Eriksson og kj\u00e6resten Danny Saucedo venter sitt andre barn. Foto: Instagram \/ @dannysaucedo\n  <\/p>\n<p>Den svenske artisten Danny Saucedo (39) og kj\u00e6resten Anna Eriksson (30) skal bli foreldre for andre gang.<\/p>\n<p>Nyheten ble kjent da Eriksson la ut flere bilder p\u00e5 Instagram der hun blant annet holder parets s\u00f8nn p\u00e5 en brygge.\u00a0<\/p>\n<p>    <a itemprop=\"url\" href=\"https:\/\/www.seher.no\/kjendis\/svarer-kryptisk-om-ryktene\/83774653\" rel=\"nofollow noopener\" target=\"_blank\"><\/p>\n<p>      <img loading=\"lazy\" decoding=\"async\" src=\"https:\/\/www.europesays.com\/no\/wp-content\/uploads\/2025\/10\/1761761169_180_83769879.webp\" width=\"147\" height=\"100\" title=\"Svarer kryptisk om ryktene\" alt=\"\" class=\"lazyload\" style=\"--aspect-ratio-image: 1.47; \"\/><\/p>\n<p>        Svarer kryptisk om ryktene<\/p>\n<p>    <\/a><\/p>\n<p>P\u00e5 et av bildene viser hun frem den voksende magen.\u00a0<a href=\"https:\/\/www.aftonbladet.se\/nojesbladet\/a\/GyzJwB\/danny-saucedo-och-anna-eriksson-vantar-andra-barnet\" rel=\"nofollow noopener\" target=\"_blank\">Aftonbladet<\/a> har ogs\u00e5 omtalt saken. <\/p>\n<p>\u00abBaby!!!\u00bb, skriver Eriksson til bildet.<\/p>\n<p>Saucedo har ogs\u00e5 delt bildene p\u00e5 sin profil.<\/p>\n<p class=\"font-weight-bold m-font-weight-bold\" data-lab-font_weight=\"font-weight-bold\"> \u00abAnna! Jeg er s\u00e5 takknemlig for \u00e5 gj\u00f8re dette eventyret med deg. Kan nesten ikke vente p\u00e5 nummer to!!!<br \/>\nVerdens beste mamma\u00bb, skriver han i innlegget.\u00a0 <\/p>\n<p>          <img loading=\"lazy\" decoding=\"async\" src=\"https:\/\/www.europesays.com\/no\/wp-content\/uploads\/2025\/10\/83783797.webp\" width=\"686\" height=\"686\" title=\"FORELDRE: Det svenske paret skal bli foreldre igjen. Foto: Instagram \/ @dannysaucedo\" alt=\"\" class=\"\" style=\"--aspect-ratio-image: 1.00; \"\/><\/p>\n<p>\n          FORELDRE: Det svenske paret skal bli foreldre igjen. Foto: Instagram \/ @dannysaucedo\n      <\/p>\n<p class=\"font-weight-normal m-font-weight-normal\" data-lab-font_weight=\"font-weight-normal\">I kommentarfeltet str\u00f8mmer gratulasjonene inn fra venner og kolleger.<\/p>\n<p class=\"font-weight-normal m-font-weight-normal\" data-lab-font_weight=\"font-weight-normal\">\u00abGratulerer s\u00e5 mye\u00bb, skriver influenser Angelica Blick.\u00a0<\/p>\n<p>    <a itemprop=\"url\" href=\"https:\/\/www.seher.no\/kjendis\/bytter-navn-pa-datteren\/83772761\" rel=\"nofollow noopener\" target=\"_blank\"><\/p>\n<p>      <img loading=\"lazy\" decoding=\"async\" src=\"https:\/\/www.europesays.com\/no\/wp-content\/uploads\/2025\/10\/83772789.webp\" width=\"980\" height=\"441\" title=\"Bytter navn p\u00e5 datteren\" alt=\"\" class=\"lazyload\" style=\"--aspect-ratio-image: 2.22; \"\/><\/p>\n<p>        Bytter navn p\u00e5 datteren<\/p>\n<p>    <\/a><\/p>\n<p class=\"font-weight-bold m-font-weight-bold\" data-lab-font_weight=\"font-weight-bold\">\u00abOmg GRATTIS!!!\u00bb, kommenterer Linnea Widmark, som tidligere var sammen med artist Benjamin Ingrosso.\u00a0<\/p>\n<p class=\"font-weight-normal m-font-weight-normal\" data-lab-font_weight=\"font-weight-normal\">Paret fikk sitt f\u00f8rste barn sammen i desember 2023. S\u00f8nnen fikk navnet Nahuel.<\/p>\n<p>        SJOKK: Influenser Martine Lunde fikk sjokk da hun oppdaget hvilke tjenester hun har abonnert p\u00e5. Video: Thea Hope\/ R\u00f8d L\u00f8per<\/p>\n<p>I et intervju med Aftonbladet har Saucedo tidligere fortalt at han hadde lengtet etter \u00e5 bli far i mange \u00e5r.\u00a0\u00a0<\/p>\n<p>&#8211; Helt siden \u00abIdol\u00bb-tiden har jeg dr\u00f8mt om \u00e5 bli pappa. I alle fall i tankene \u2013 jeg tror ikke jeg hadde v\u00e6rt en s\u00e5 tilstedev\u00e6rende far om jeg hadde f\u00e5tt barn den gangen. Derfor er jeg takknemlig for at det ble som det ble. Jeg f\u00f8ler virkelig at dette var riktig tidspunkt, sa han.\u00a0<\/p>\n","protected":false},"excerpt":{"rendered":"Danny Saucedo: Stjerneparet utvider familien og skal bli foreldre for andre gang. UTVIDER FAMILIEN: Anna Eriksson og kj\u00e6resten&hellip;\n","protected":false},"author":2,"featured_media":73315,"comment_status":"","ping_status":"","sticky":false,"template":"","format":"standard","meta":{"footnotes":""},"categories":[58],"tags":[10193,71,5429,479,2543,30,28,29,72,5427],"class_list":{"0":"post-73314","1":"post","2":"type-post","3":"status-publish","4":"format-standard","5":"has-post-thumbnail","7":"category-underholdning","8":"tag-danny-saucedo","9":"tag-entertainment","10":"tag-gladnyhet","11":"tag-kjendis","12":"tag-kjendisdesken","13":"tag-no","14":"tag-norge","15":"tag-norway","16":"tag-underholdning","17":"tag-venter-barn"},"share_on_mastodon":{"url":"https:\/\/pubeurope.com\/@no\/115458787611092959","error":""},"_links":{"self":[{"href":"https:\/\/www.europesays.com\/no\/wp-json\/wp\/v2\/posts\/73314","targetHints":{"allow":["GET"]}}],"collection":[{"href":"https:\/\/www.europesays.com\/no\/wp-json\/wp\/v2\/posts"}],"about":[{"href":"https:\/\/www.europesays.com\/no\/wp-json\/wp\/v2\/types\/post"}],"author":[{"embeddable":true,"href":"https:\/\/www.europesays.com\/no\/wp-json\/wp\/v2\/users\/2"}],"replies":[{"embeddable":true,"href":"https:\/\/www.europesays.com\/no\/wp-json\/wp\/v2\/comments?post=73314"}],"version-history":[{"count":0,"href":"https:\/\/www.europesays.com\/no\/wp-json\/wp\/v2\/posts\/73314\/revisions"}],"wp:featuredmedia":[{"embeddable":true,"href":"https:\/\/www.europesays.com\/no\/wp-json\/wp\/v2\/media\/73315"}],"wp:attachment":[{"href":"https:\/\/www.europesays.com\/no\/wp-json\/wp\/v2\/media?parent=73314"}],"wp:term":[{"taxonomy":"category","embeddable":true,"href":"https:\/\/www.europesays.com\/no\/wp-json\/wp\/v2\/categories?post=73314"},{"taxonomy":"post_tag","embeddable":true,"href":"https:\/\/www.europesays.com\/no\/wp-json\/wp\/v2\/tags?post=73314"}],"curies":[{"name":"wp","href":"https:\/\/api.w.org\/{rel}","templated":true}]}}