{"id":73335,"date":"2025-10-29T18:41:40","date_gmt":"2025-10-29T18:41:40","guid":{"rendered":"https:\/\/www.europesays.com\/no\/73335\/"},"modified":"2025-10-29T18:41:40","modified_gmt":"2025-10-29T18:41:40","slug":"kulden-vil-bli-forsokt-som-en-faktor-i-krigen","status":"publish","type":"post","link":"https:\/\/www.europesays.com\/no\/73335\/","title":{"rendered":"\u2013 Kulden vil bli fors\u00f8kt som en faktor i krigen"},"content":{"rendered":"\n<p class=\"_lead_o9xde_2 _lead_xtcu6_50 layout-component text-serif-m layout-normal text-serif-l layout-component layout-wide layout-padded _wide_17hqh_1 layout-padded\">\u2013 Vi er fortsatt langt unna en v\u00e5penhvile, og enda lenger unna fredsavtale, sier ekspert.<\/p>\n<p><img alt=\"Tsjernihiv mistet str\u00f8mmen etter et russisk angrep 21. oktober. Foto: Alina Smutko \/ Reuters \/ NTB\" class=\"_image_qp4xg_65 layout-component layout-wide\" data-fullscreen- data-track-element-type=\"Article image fullscreen\" data-track-name=\"ImageFullscreen\" fetchpriority=\"high\" decoding=\"sync\" loading=\"eager\" height=\"3559\" itemprop=\"image\"  src=\"https:\/\/www.europesays.com\/no\/wp-content\/uploads\/2025\/10\/ccd05c07-bceb-44e9-9fa4-d28a1ca91a1b\"  style=\"object-position:30.604982206405694% 44.99859511098624%\" width=\"5339\"\/>Tsjernihiv mistet str\u00f8mmen etter et russisk angrep 21. oktober. Foto: Alina Smutko \/ Reuters \/ NTB<\/p>\n<ul aria-hidden=\"true\" class=\"_images_18f0k_111\">\n<li><a class=\"_link_18f0k_116\" href=\"https:\/\/www.vg.no\/forfatter\/gyrid-friis-edland\" style=\"z-index:2\" title=\"Gyrid Friis Edland\" rel=\"nofollow noopener\" target=\"_blank\"><img alt=\"Bilde av Gyrid Friis Edland\" class=\"_image_18f0k_93\" fetchpriority=\"low\" loading=\"lazy\" decoding=\"async\" itemprop=\"image\"  src=\"https:\/\/www.europesays.com\/no\/wp-content\/uploads\/2025\/10\/1761763297_699_eda2caeb-5adb-4a95-823f-1f8f04f5c1a3\"  width=\"480\"\/><\/a><\/li>\n<li><a class=\"_link_18f0k_116\" href=\"https:\/\/www.vg.no\/forfatter\/ntb\" style=\"z-index:1\" title=\"NTB\" rel=\"nofollow noopener\" target=\"_blank\"><img alt=\"Bilde av NTB\" class=\"_image_18f0k_93\" fetchpriority=\"low\" loading=\"lazy\" decoding=\"async\" itemprop=\"image\"  src=\"https:\/\/www.europesays.com\/no\/wp-content\/uploads\/2025\/10\/1761763297_787_c33980b0-5d07-4027-84a1-813f90a7c8d6\"  width=\"480\"\/><\/a><\/li>\n<\/ul>\n<p> Oppdatert onsdag 29. oktober kl. 03:05    <\/p>\n<ul class=\"_list_o9xde_3 _list_64s2r_85 _unordered_o9xde_106 text-sans-m\">\n<li class=\"_item_o9xde_30\">Flere russiske angrep sikter seg n\u00e5 inn mot str\u00f8mforsyninger.<\/li>\n<li class=\"_item_o9xde_30\">Ekspert mener kulde vil bli fors\u00f8kt som en faktor i krigen.<\/li>\n<li class=\"_item_o9xde_30\">Norge gir Ukraina 1,5 milliarder kroner for \u00e5 sikre str\u00f8m og varme gjennom vinteren.<\/li>\n<\/ul>\n<p>Vis mer <\/p>\n<p class=\"_paragraph_o9xde_4 _paragraph_xtcu6_10 layout-component text-serif-m layout-normal text-serif-m layout-padded\">Str\u00f8mmen kommer og g\u00e5r i Sjostka i Nord-<a href=\"https:\/\/www.vg.no\/tag\/ukraina?utm_source=vg-article&amp;utm_medium=auto-tagger&amp;utm_campaign=73Xxq3\" class=\"_link_o9xde_39\" rel=\"nofollow noopener\" target=\"_blank\">Ukraina<\/a>, dr\u00f8yt fem mil fra grensen til Russland. For 40 \u00e5r gamle Zinaida Kot er det mer enn en ulempe i hverdagen.<\/p>\n<p class=\"_paragraph_o9xde_4 _paragraph_xtcu6_10 layout-component text-serif-m layout-normal text-serif-m layout-padded\">\u2013 Det er ille. Vi blir veldig bekymret n\u00e5r det ikke er str\u00f8m, sier Kot til nyhetsbyr\u00e5et AP fra en sykehusseng i Sjostka i Nord-Ukraina.<\/p>\n<p><img alt=\"Oleksander Senko, avhengig av dialysemaskin.  Foto: Julia Demaree Nikhinson \/ AP \/ NTB\" class=\"_image_qp4xg_65 layout-component layout-normal\" data-fullscreen- data-track-element-type=\"Article image fullscreen\" data-track-name=\"ImageFullscreen\" decoding=\"async\" loading=\"lazy\" height=\"5687\" itemprop=\"image\"  src=\"https:\/\/www.europesays.com\/no\/wp-content\/uploads\/2025\/10\/64c9bf6f-a540-44dd-b0f6-d9d2dca088b3\"  style=\"object-position:0% 0%\" width=\"8531\"\/>Oleksander Senko, avhengig av dialysemaskin.  Foto: Julia Demaree Nikhinson \/ AP \/ NTB<\/p>\n<p class=\"_paragraph_o9xde_4 _paragraph_xtcu6_10 layout-component text-serif-m layout-normal text-serif-m layout-padded\">Hun og Oleksander Senko er blant dem som er koblet til en dialysemaskin som f\u00e5r str\u00f8m fra et ustabilt aggregat. Maskinen, som renser blodet hos nyresyke, er livsn\u00f8dvendig for henne.<\/p>\n<p class=\"_paragraph_o9xde_4 _paragraph_xtcu6_10 layout-component text-serif-m layout-normal text-serif-m layout-padded\">Sykehuset f\u00e5r str\u00f8m fra reserveaggregater som forbruker et halvt tonn drivstoff om dagen. Hver dag kommer 23 personer dit for livsn\u00f8dvendig dialysebehandling i m\u00f8rke lokaler.<\/p>\n<p><img alt=\"Foto: Julia Demaree Nikhinson \/ AP \/ NTB\" class=\"_image_qp4xg_65 layout-component layout-normal\" data-fullscreen- data-track-element-type=\"Article image fullscreen\" data-track-name=\"ImageFullscreen\" decoding=\"async\" loading=\"lazy\" height=\"3593\" itemprop=\"image\"  src=\"https:\/\/www.europesays.com\/no\/wp-content\/uploads\/2025\/10\/ddd6dfd6-eb5f-426b-8ba9-72a83b0aeb4c\"  style=\"object-position:0% 0%\" width=\"5390\"\/>Foto: Julia Demaree Nikhinson \/ AP \/ NTB<\/p>\n<p class=\"_paragraph_o9xde_4 _paragraph_xtcu6_10 layout-component text-serif-m layout-normal text-serif-m layout-padded\">De siste ukene har det v\u00e6rt flere russiske angrep rettet mot str\u00f8mkraftverk.<\/p>\n<p class=\"_paragraph_o9xde_4 _paragraph_xtcu6_10 layout-component text-serif-m layout-normal text-serif-m layout-padded\"><a href=\"https:\/\/www.bbc.com\/news\/world-europe-63270007\" class=\"_link_o9xde_39\" rel=\"nofollow noopener\" target=\"_blank\">Innbyggere i Kyiv <\/a>har blitt bedt om \u00e5 spare p\u00e5 str\u00f8mmen, s\u00e6rlig p\u00e5 kveldene, etter et russisk missilangrep traff en str\u00f8mforsyning utenfor byen. <\/p>\n<p><img alt=\"Nabolaget Podil, i utkanten av Kyiv, m\u00e5 spare p\u00e5 str\u00f8mmen. Bildet er fra 23. oktober.  Foto: TETIANA DZHAFAROVA \/ AFP \/ NTB\" class=\"_image_qp4xg_65 layout-component layout-normal\" data-fullscreen- data-track-element-type=\"Article image fullscreen\" data-track-name=\"ImageFullscreen\" decoding=\"async\" loading=\"lazy\" height=\"4336\" itemprop=\"image\"  src=\"https:\/\/www.europesays.com\/no\/wp-content\/uploads\/2025\/10\/22760186-a1e1-4edc-a38d-6a06ab9b00d3\"  style=\"object-position:57.215384615384615% 50.66881918819188%\" width=\"6500\"\/>Nabolaget Podil, i utkanten av Kyiv, m\u00e5 spare p\u00e5 str\u00f8mmen. Bildet er fra 23. oktober.  Foto: TETIANA DZHAFAROVA \/ AFP \/ NTB<\/p>\n<p class=\"_paragraph_o9xde_4 _paragraph_xtcu6_10 layout-component text-serif-m layout-normal text-serif-m layout-padded\">Hundretusenvis <a href=\"https:\/\/www.aftenposten.no\/verden\/i\/W09jGK\/ny-angrep-mot-stroemnettet-i-ukraina\" class=\"_link_o9xde_39\" rel=\"nofollow noopener\" target=\"_blank\">mistet str\u00f8mmen<\/a> i Tsjernihiv-regionen tirsdag. Ukrainske myndigheter rapporterte om vanskeligheter med \u00e5 reparere skadene, p\u00e5 grunn av fare for nye angrep. <\/p>\n<p class=\"_paragraph_o9xde_4 _paragraph_xtcu6_10 layout-component text-serif-m layout-normal text-serif-m layout-padded\">Droner over det skadede omr\u00e5det gj\u00f8r reparasjonsarbeidet s\u00e6rlig vanskelig.<\/p>\n<p> Kulden blir brukt i krigen<\/p>\n<p class=\"_paragraph_o9xde_4 _paragraph_xtcu6_10 layout-component text-serif-m layout-normal text-serif-m layout-padded\">\u2013 Kulde vil bli fors\u00f8kt som en faktor i krigen, sier Tom R\u00f8seth, hovedl\u00e6rer ved Forsvarets h\u00f8gskole.<\/p>\n<p class=\"_paragraph_o9xde_4 _paragraph_xtcu6_10 layout-component text-serif-m layout-normal text-serif-m layout-padded\">Det er ikke f\u00f8rste gang at man ser \u00f8kt intensitet i angrep mot str\u00f8mforsyninger n\u00e5r det n\u00e6rmer seg h\u00f8st og vinter.<\/p>\n<p><img decoding=\"async\" alt=\"Bilde av Tom R\u00f8seth\" class=\"_image_ygndg_42\" height=\"27\" itemprop=\"image\" loading=\"lazy\"  src=\"https:\/\/www.europesays.com\/no\/wp-content\/uploads\/2025\/10\/afd9020c-c9b8-4b06-ac86-92e14d3bb32a\"  width=\"40\"\/><strong class=\"_name_ygndg_51 title-serif-xs\">Tom R\u00f8seth<\/strong><\/p>\n<p class=\"_paragraph_o9xde_4 text-sans-m _description_ygndg_56\">F\u00f8rsteamanuensis Stabsskolen, Forsvaret.<\/p>\n<p class=\"_paragraph_o9xde_4 _paragraph_xtcu6_10 layout-component text-serif-m layout-normal text-serif-m layout-padded\">I 2024 var det <a href=\"https:\/\/www.vg.no\/nyheter\/i\/vgVewp\/en-million-uten-stroem-i-ukraina-bekymret-for-om-det-er-mulig-aa-overleve-vinteren\" data-track-element-type=\"Link\" data-track-id=\"link:vgVewp\" class=\"_link_o9xde_39\" rel=\"nofollow noopener\" target=\"_blank\">omfattende russiske angrep<\/a> som rammet ukrainsk str\u00f8mforsyning.<\/p>\n<p class=\"_paragraph_o9xde_4 _paragraph_xtcu6_10 layout-component text-serif-m layout-normal text-serif-m layout-padded\">\u2013 Den store frykten hver vinter har jo v\u00e6rt i hvilken grad russerne klarer \u00e5 sl\u00e5 ut str\u00f8mforsyningen og varmtvannsproduksjonen. Det kan f\u00f8re til store sosiale utfordringer, sier R\u00f8seth og legger til:<\/p>\n<p class=\"_paragraph_o9xde_4 _paragraph_xtcu6_10 layout-component text-serif-m layout-normal text-serif-m layout-padded\">\u2013 Dette er noe de har gjort hvert \u00e5r.<strong class=\"_strong_o9xde_25\"> <\/strong>Faren denne vinteren er at deres ballistiske missiler er vanskeligere \u00e5 skyte ned.<\/p>\n<p class=\"_paragraph_o9xde_4 _paragraph_xtcu6_10 layout-component text-serif-m layout-normal text-serif-m layout-padded\">Tidligere denne uken ble det kjent at Norge skal gi Ukraina ytterligere <a href=\"https:\/\/www.vg.no\/nyheter\/i\/alXJV4\/ukrainas-presidentpar-i-norge\" data-track-element-type=\"Link\" data-track-id=\"link:alXJV4\" class=\"_link_o9xde_39\" rel=\"nofollow noopener\" target=\"_blank\">1,5 milliarder kroner<\/a> for \u00e5 sikre str\u00f8m og varme gjennom vinteren.<\/p>\n<p class=\"_paragraph_o9xde_4 _paragraph_xtcu6_10 layout-component text-serif-m layout-normal text-serif-m layout-padded\">\u2013 Dette er viktig for den enkelte ukrainer og for \u00e5 holde samfunnet i gang, sa statsminister Jonas Gahr St\u00f8re i en uttalelse.<\/p>\n<p> Pr\u00f8ver \u00e5 svekke st\u00f8tte til Ukraina<\/p>\n<p class=\"_paragraph_o9xde_4 _paragraph_xtcu6_10 layout-component text-serif-m layout-normal text-serif-m layout-padded\">Fredag kom tankesmien Institute for the study of war (ISW) med en uttalelse hvor de mener Russland lyver om fremskritt p\u00e5 slagmarken, if\u00f8lge NTB.<\/p>\n<p class=\"_paragraph_o9xde_4 _paragraph_xtcu6_10 layout-component text-serif-m layout-normal text-serif-m layout-padded\">Russland hevder de har tatt kontrollen ved en strategisk overgang over elven Dnipro, men det avviser ISW. <\/p>\n<p class=\"_paragraph_o9xde_4 _paragraph_xtcu6_10 layout-component text-serif-m layout-normal text-serif-m layout-padded\">Tankesmien mener Russland driver med psykologisk krigf\u00f8ring, og pr\u00f8ver \u00e5 svekke vestlig st\u00f8tte til Ukraina ved \u00e5 overbevise om at en russisk seier er under fremmarsj, og at Ukraina derfor b\u00f8r gi etter for russiske krav om territorium.<\/p>\n<p><img alt=\"Sjostka: Sykehuset har et lager med ved, slik at pasientene kan f\u00e5 varmmat under str\u00f8mbrudd.  Foto: Julia Demaree Nikhinson \/ AP \/ NTB\" class=\"_image_qp4xg_65 layout-component layout-normal\" data-fullscreen- data-track-element-type=\"Article image fullscreen\" data-track-name=\"ImageFullscreen\" decoding=\"async\" loading=\"lazy\" height=\"3982\" itemprop=\"image\"  src=\"https:\/\/www.europesays.com\/no\/wp-content\/uploads\/2025\/10\/95e69a85-039c-498a-8372-7d969b3bd538\"  style=\"object-position:43.06880964339528% 44.93972877950779%\" width=\"5973\"\/>Sjostka: Sykehuset har et lager med ved, slik at pasientene kan f\u00e5 varmmat under str\u00f8mbrudd.  Foto: Julia Demaree Nikhinson \/ AP \/ NTB<\/p>\n<p class=\"_paragraph_o9xde_4 _paragraph_xtcu6_10 layout-component text-serif-m layout-normal text-serif-m layout-padded\">\u2013 Russerne er utrolig dyktige p\u00e5 \u00e5 utnytte sosiale medier\u00a0til \u00e5 skape tvil. En del av russisk strategi er \u00e5 p\u00e5virke Vesten til \u00e5 tro at en russisk seier er uunng\u00e5elig, sier Tom R\u00f8seth, men understreker at det ikke er tilfelle.<\/p>\n<p class=\"_paragraph_o9xde_4 _paragraph_xtcu6_10 layout-component text-serif-m layout-normal text-serif-m layout-padded\">\u2013 Det st\u00e5r egentlig stille, selv om det er noen territorielle vindinger, s\u00e5 vil det fortsatt ta mange, mange \u00e5r f\u00f8r de klarer \u00e5 ta resten av Donetsk-fylket, sier R\u00f8seth<\/p>\n<p class=\"_paragraph_o9xde_4 _paragraph_xtcu6_10 layout-component text-serif-m layout-normal text-serif-m layout-padded\"><strong class=\"_strong_o9xde_25\">\u2013 Vestlig st\u00f8tte er den viktigste faktoren som Russland pr\u00f8ver \u00e5 p\u00e5virke.<\/strong><\/p>\n<p><img alt=\"Sjotska, 16 oktober.  Foto: Julia Demaree Nikhinson \/ AP \/ NTB\" class=\"_image_qp4xg_65 layout-component layout-normal\" data-fullscreen- data-track-element-type=\"Article image fullscreen\" data-track-name=\"ImageFullscreen\" decoding=\"async\" loading=\"lazy\" height=\"3897\" itemprop=\"image\"  src=\"https:\/\/www.europesays.com\/no\/wp-content\/uploads\/2025\/10\/a84e1c40-307a-41be-8c6e-b3478ee9757b\"  style=\"object-position:50.051317139924734% 71.78598922247883%\" width=\"5846\"\/>Sjotska, 16 oktober.  Foto: Julia Demaree Nikhinson \/ AP \/ NTB<\/p>\n<p class=\"_paragraph_o9xde_4 _paragraph_xtcu6_10 layout-component text-serif-m layout-normal text-serif-m layout-padded\">I begynnelsen av oktober ble det rettet et stort russisk angrep mot Sjostka, som hadde rundt 70.000 innbyggere f\u00f8r krigsutbruddet i 2022. Angrepsdronene slo ned p\u00e5 jernbanestasjonen og slo ut str\u00f8m-, gass- og vannforsyningen.<\/p>\n<p class=\"_paragraph_o9xde_4 _paragraph_xtcu6_10 layout-component text-serif-m layout-normal text-serif-m layout-padded\">\u2013 Vi reparerer noe, og s\u00e5 blir det \u00f8delagt igjen, sier ordf\u00f8rer Mykola Noha.<\/p>\n<p class=\"_paragraph_o9xde_4 _paragraph_xtcu6_10 layout-component text-serif-m layout-normal text-serif-m layout-padded\">Dr\u00f8yt to uker senere er str\u00f8mmen og vannet tilbake, men bare i begrenset omfang noen timer hver dag.<\/p>\n<p class=\"_paragraph_o9xde_4 _paragraph_xtcu6_10 layout-component text-serif-m layout-normal text-serif-m layout-padded\">\u2013 Ogs\u00e5 tidligere vintre har det v\u00e6rt angrep mot str\u00f8mforsyningen slik at det blir sosiale utfordringer, og at krigstrettheten trer inn i det ukrainske samfunnet, sier R\u00f8seth.<\/p>\n<p class=\"_paragraph_o9xde_4 _paragraph_xtcu6_10 layout-component text-serif-m layout-normal text-serif-m layout-padded\"> \u2013 Vi er fortsatt langt unna en v\u00e5penhvile, og enda lenger unna en fredsavtale, sier R\u00f8seth. <\/p>\n","protected":false},"excerpt":{"rendered":"\u2013 Vi er fortsatt langt unna en v\u00e5penhvile, og enda lenger unna fredsavtale, sier ekspert. Tsjernihiv mistet str\u00f8mmen&hellip;\n","protected":false},"author":2,"featured_media":73336,"comment_status":"","ping_status":"","sticky":false,"template":"","format":"standard","meta":{"footnotes":""},"categories":[12],"tags":[20,21,24,25,15,179,22,23,13,30,28,29,14,16,188,26,27,489,42,43,44,45],"class_list":{"0":"post-73335","1":"post","2":"type-post","3":"status-publish","4":"format-standard","5":"has-post-thumbnail","7":"category-verden","8":"tag-breaking-news","9":"tag-breakingnews","10":"tag-featured-news","11":"tag-featurednews","12":"tag-headlines","13":"tag-krigen-i-ukraina","14":"tag-latest-news","15":"tag-latestnews","16":"tag-news","17":"tag-no","18":"tag-norge","19":"tag-norway","20":"tag-nyheter","21":"tag-overskrifter","22":"tag-russland","23":"tag-top-stories","24":"tag-topstories","25":"tag-ukraina","26":"tag-verden","27":"tag-world","28":"tag-world-news","29":"tag-worldnews"},"share_on_mastodon":{"url":"https:\/\/pubeurope.com\/@no\/115458925240070635","error":""},"_links":{"self":[{"href":"https:\/\/www.europesays.com\/no\/wp-json\/wp\/v2\/posts\/73335","targetHints":{"allow":["GET"]}}],"collection":[{"href":"https:\/\/www.europesays.com\/no\/wp-json\/wp\/v2\/posts"}],"about":[{"href":"https:\/\/www.europesays.com\/no\/wp-json\/wp\/v2\/types\/post"}],"author":[{"embeddable":true,"href":"https:\/\/www.europesays.com\/no\/wp-json\/wp\/v2\/users\/2"}],"replies":[{"embeddable":true,"href":"https:\/\/www.europesays.com\/no\/wp-json\/wp\/v2\/comments?post=73335"}],"version-history":[{"count":0,"href":"https:\/\/www.europesays.com\/no\/wp-json\/wp\/v2\/posts\/73335\/revisions"}],"wp:featuredmedia":[{"embeddable":true,"href":"https:\/\/www.europesays.com\/no\/wp-json\/wp\/v2\/media\/73336"}],"wp:attachment":[{"href":"https:\/\/www.europesays.com\/no\/wp-json\/wp\/v2\/media?parent=73335"}],"wp:term":[{"taxonomy":"category","embeddable":true,"href":"https:\/\/www.europesays.com\/no\/wp-json\/wp\/v2\/categories?post=73335"},{"taxonomy":"post_tag","embeddable":true,"href":"https:\/\/www.europesays.com\/no\/wp-json\/wp\/v2\/tags?post=73335"}],"curies":[{"name":"wp","href":"https:\/\/api.w.org\/{rel}","templated":true}]}}