{"id":73364,"date":"2025-10-29T19:22:14","date_gmt":"2025-10-29T19:22:14","guid":{"rendered":"https:\/\/www.europesays.com\/no\/73364\/"},"modified":"2025-10-29T19:22:14","modified_gmt":"2025-10-29T19:22:14","slug":"odelegger-for-borgerlig-side","status":"publish","type":"post","link":"https:\/\/www.europesays.com\/no\/73364\/","title":{"rendered":"&#8211; \u00d8delegger for borgerlig side"},"content":{"rendered":"<p>  KrFU-lederens utsagn om abort og voldtekt kan skremme kvinner vekk fra \u00e5 stemme borgerlig, mener leder i Oslo Unge H\u00f8yre, Elisabeth Hekneby.\u00a0<\/p>\n<p>\n    FRYKTER KVINNEFLUKT: Leder i Oslo Unge H\u00f8yre, Elisabeth Hekneby. Foto: H\u00f8yre\n  <\/p>\n<p>Ingrid Olina Hovland (20) ble valgt til leder i KrFU i helga.\u00a0<\/p>\n<p><a href=\"https:\/\/www.momentummedia.no\/podcast\/episode\/afd4451d\/mener-man-skal-fa-barn-ogsa-etter-voldtekt\" rel=\"nofollow noopener\" target=\"_blank\">I podcasten \u00abBrutalt \u00e6rlig\u00bb<\/a>, der hun intervjues av Jenny Huse, forteller Hovland om sitt sterke engasjement for abortsaken, og sier at\u00a0<a href=\"https:\/\/www.dagbladet.no\/nyheter\/mener-kvinner-bor-baere-fram-barn-etter-voldtekt\/83775298\" rel=\"nofollow noopener\" target=\"_blank\">hun mener at ogs\u00e5 kvinner som er blitt gravide som f\u00f8lge av voldtekt b\u00f8r b\u00e6re fram barnet.<\/a><\/p>\n<p>        STORMER: KrFUs nyvalgte leder Ingrid Olina Hovlands (20) utspill om voldtekt og abort m\u00f8tes av sterke reaksjoner. Politisk redakt\u00f8r Lars helle mener det viser hvilken retning moderpartiet er i ferd med \u00e5 g\u00e5. Reporter: Anabelle Bruun\/Dagbladet TV<\/p>\n<p>Uttalelsene har vakt kraftige reaksjoner siden podcasten ble publisert mandag.\u00a0<\/p>\n<p>&#8211; Jeg ble veldig overrasket. Hun har akkurat tr\u00e5dt til som leder, og jeg var redd at dette var noe hun sa i kraft av det nye ledervervet, og at det var noe hele KrF mente. Jeg reagerte veldig sterkt, sier leder for Oslo Unge H\u00f8yre, Elisabeth Hekneby.\u00a0<\/p>\n<p>Hovland har presisert at hun snakket om sin egen personlige oppfatning, ikke KrFUs politikk. I g\u00e5r understreket hun overfor VG at hun <a href=\"https:\/\/www.vg.no\/nyheter\/i\/RzPw2x\/krfu-leder-ingrid-olina-hovland-om-abort-uttalelse-angrer-ikke\" rel=\"nofollow noopener\" target=\"_blank\">st\u00e5r for uttalelsene hun kom med<\/a>.\u00a0<\/p>\n<p>    <a itemprop=\"url\" href=\"https:\/\/www.dagbladet.no\/nyheter\/mener-kvinner-bor-baere-fram-barn-etter-voldtekt\/83775298\" rel=\"nofollow noopener\" target=\"_blank\"><\/p>\n<p>      <img loading=\"lazy\" decoding=\"async\" src=\"https:\/\/www.europesays.com\/no\/wp-content\/uploads\/2025\/10\/83775316.webp\" width=\"980\" height=\"441\" title=\"Mener kvinner b\u00f8r b\u00e6re fram barn etter voldtekt\" alt=\"\" class=\"lazyload\" style=\"--aspect-ratio-image: 2.22; \"\/><\/p>\n<p>        Mener kvinner b\u00f8r b\u00e6re fram barn etter voldtekt<\/p>\n<p>    <\/a><\/p>\n<p>&#8211; Kan skremme kvinner\t<\/p>\n<p>Lederen av Oslo Unge H\u00f8yre mener Hovlands uttalelser kan skremme kvinner vekk fra borgerlig side:<\/p>\n<p>&#8211; \u00c5 kaste ut s\u00e5 sterke meninger kan gj\u00f8re at folk f\u00e5r feil oppfatning av borgerlig politikk. Det kan skremme kvinner vekk fra \u00e5 stemme borgerlig, sier Hekneby.\u00a0<\/p>\n<p>&#8211; I framtida b\u00f8r hun v\u00e6re n\u00f8yere med \u00e5 understreke at det ikke er partiets politikk n\u00e5r hun kommer med s\u00e5 kraftige utsagn, sier hun.<\/p>\n<p>    <a itemprop=\"url\" href=\"https:\/\/www.dagbladet.no\/nyheter\/nedrig-og-flaut\/83776536\" rel=\"nofollow noopener\" target=\"_blank\"><\/p>\n<p>      <img loading=\"lazy\" decoding=\"async\" src=\"https:\/\/www.europesays.com\/no\/wp-content\/uploads\/2025\/10\/83776850.webp\" width=\"980\" height=\"441\" title=\"- Nedrig og flaut\" alt=\"\" class=\"lazyload\" style=\"--aspect-ratio-image: 2.22; \"\/><\/p>\n<p>        &#8211; Nedrig og flaut<\/p>\n<p>    <\/a><\/p>\n<p>Heknebys eget moderparti H\u00f8yre er i en slags identitetskrise etter et svakt stortingsvalg. Men lederen i Oslo Unge H\u00f8yre har ikke tro p\u00e5 at partiet vil ta en mer konservativ dreining i abortsp\u00f8rsm\u00e5let.\u00a0<\/p>\n<p>\u00a0&#8211; Jeg er veldig enig i den politikken H\u00f8yre har n\u00e5 p\u00e5 abort. Skal man n\u00e5 flere kvinner m\u00e5 man g\u00e5 mer i den retningen enn i en mer konservativ<br \/>\nretning, sier hun.\u00a0<\/p>\n<p>    <a itemprop=\"url\" href=\"https:\/\/www.dagbladet.no\/nyheter\/ikke-krfs-politikk\/83778200\" rel=\"nofollow noopener\" target=\"_blank\"><\/p>\n<p>      <img loading=\"lazy\" decoding=\"async\" src=\"https:\/\/www.europesays.com\/no\/wp-content\/uploads\/2025\/10\/1761765733_350_83778207.webp\" width=\"980\" height=\"441\" title=\"- Ikke KrFs politikk\" alt=\"\" class=\"lazyload\" style=\"--aspect-ratio-image: 2.22; \"\/><\/p>\n<p>        &#8211; Ikke KrFs politikk<\/p>\n<p>    <\/a><\/p>\n<p>Ikke opp til influensere\t<\/p>\n<p>Grensa for selvbestemt abort i Norge ble utvidet til\u00a018. svangerskapsuke fra 1. juni 2025. F\u00f8r denne datoen var grensen 12 uker. H\u00f8yre stilte seg bak utvidelsen.\u00a0<\/p>\n<p>&#8211; Abortsp\u00f8rsm\u00e5let vekket stort engasjement n\u00e5r man skulle vedta<br \/>\nden nye loven. Jeg opplever at partiet n\u00e5 har samlet seg bak den grensa som ble vedtatt, sier Hekneby.\u00a0<\/p>\n<p>    <a itemprop=\"url\" href=\"https:\/\/www.dagbladet.no\/nyheter\/et-parti-jeg-ikke-kjenner-igjen\/83780434\" rel=\"nofollow noopener\" target=\"_blank\"><\/p>\n<p>      <img loading=\"lazy\" decoding=\"async\" src=\"https:\/\/www.europesays.com\/no\/wp-content\/uploads\/2025\/10\/83780866.webp\" width=\"980\" height=\"441\" title=\"- Et parti jeg ikke kjenner igjen\" alt=\"\" class=\"lazyload\" style=\"--aspect-ratio-image: 2.22; \"\/><\/p>\n<p>        &#8211; Et parti jeg ikke kjenner igjen<\/p>\n<p>    <\/a><\/p>\n<p>Over 30 000 mennesker har signert et opprop for \u00e5 f\u00e5 KrFU-lederen til \u00e5 g\u00e5 av som f\u00f8lge av uttalelsene sine. Underskriftskampanjen er opprettet av influenser Anine Olsen.\u00a0<\/p>\n<p>        STORM: I podcasten \u00abBrutalt \u00e6rlig\u00bb med Jenny Huse forteller KrFU-leder Ingrid Olina Hovland at hun mener kvinner som blir gravide som f\u00f8lge av voldtekt ikke b\u00f8r ta abort. Video: Momentum Media og Bauer Media, Anabelle Bruun\/Dagbladet TV<\/p>\n<p>Den kampanjen har Hekneby lite sans for.\u00a0<\/p>\n<p>&#8211; Man har ytringsfrihet og skal f\u00e5 mene det man vil. Det er opp til partiet \u00e5 bestemme hvem som skal lede KrFU, ikke influensere, sier Hekneby.<\/p>\n<p class=\"italic m-italic\" data-lab-italic=\"italic\">Det har ikke lykkes Dagbladet \u00e5 f\u00e5 tak i Ingrid Olina Hovland til \u00e5 kommentere saken de siste dagene.<\/p>\n","protected":false},"excerpt":{"rendered":"KrFU-lederens utsagn om abort og voldtekt kan skremme kvinner vekk fra \u00e5 stemme borgerlig, mener leder i Oslo&hellip;\n","protected":false},"author":2,"featured_media":73365,"comment_status":"","ping_status":"","sticky":false,"template":"","format":"standard","meta":{"footnotes":""},"categories":[5],"tags":[10032,10200,20,21,24,25,15,19,10201,22,23,17,18,13,30,28,29,14,16,41,26,27,4978],"class_list":{"0":"post-73364","1":"post","2":"type-post","3":"status-publish","4":"format-standard","5":"has-post-thumbnail","7":"category-overskrifter","8":"tag-abort","9":"tag-abortloven","10":"tag-breaking-news","11":"tag-breakingnews","12":"tag-featured-news","13":"tag-featurednews","14":"tag-headlines","15":"tag-hovedoppslag","16":"tag-krfu","17":"tag-latest-news","18":"tag-latestnews","19":"tag-main-news","20":"tag-mainnews","21":"tag-news","22":"tag-no","23":"tag-norge","24":"tag-norway","25":"tag-nyheter","26":"tag-overskrifter","27":"tag-politikk","28":"tag-top-stories","29":"tag-topstories","30":"tag-unge-hoyre"},"share_on_mastodon":{"url":"https:\/\/pubeurope.com\/@no\/115459086538840745","error":""},"_links":{"self":[{"href":"https:\/\/www.europesays.com\/no\/wp-json\/wp\/v2\/posts\/73364","targetHints":{"allow":["GET"]}}],"collection":[{"href":"https:\/\/www.europesays.com\/no\/wp-json\/wp\/v2\/posts"}],"about":[{"href":"https:\/\/www.europesays.com\/no\/wp-json\/wp\/v2\/types\/post"}],"author":[{"embeddable":true,"href":"https:\/\/www.europesays.com\/no\/wp-json\/wp\/v2\/users\/2"}],"replies":[{"embeddable":true,"href":"https:\/\/www.europesays.com\/no\/wp-json\/wp\/v2\/comments?post=73364"}],"version-history":[{"count":0,"href":"https:\/\/www.europesays.com\/no\/wp-json\/wp\/v2\/posts\/73364\/revisions"}],"wp:featuredmedia":[{"embeddable":true,"href":"https:\/\/www.europesays.com\/no\/wp-json\/wp\/v2\/media\/73365"}],"wp:attachment":[{"href":"https:\/\/www.europesays.com\/no\/wp-json\/wp\/v2\/media?parent=73364"}],"wp:term":[{"taxonomy":"category","embeddable":true,"href":"https:\/\/www.europesays.com\/no\/wp-json\/wp\/v2\/categories?post=73364"},{"taxonomy":"post_tag","embeddable":true,"href":"https:\/\/www.europesays.com\/no\/wp-json\/wp\/v2\/tags?post=73364"}],"curies":[{"name":"wp","href":"https:\/\/api.w.org\/{rel}","templated":true}]}}