{"id":73378,"date":"2025-10-29T19:43:12","date_gmt":"2025-10-29T19:43:12","guid":{"rendered":"https:\/\/www.europesays.com\/no\/73378\/"},"modified":"2025-10-29T19:43:12","modified_gmt":"2025-10-29T19:43:12","slug":"bankid-vipps-problemer-med-bankid-og-vipps","status":"publish","type":"post","link":"https:\/\/www.europesays.com\/no\/73378\/","title":{"rendered":"BankID, Vipps | Problemer med BankID og Vipps"},"content":{"rendered":"\n<p>\u2013 Det er bare \u00e5 beklage, sier pressekontakt Hege Steinsland til DinSide.<\/p>\n<p>Hun opplyser at det jobbes med saken.<\/p>\n<p>Problemene oppsto litt f\u00f8r klokken 17 onsdag.<\/p>\n<p>Til E24 sier Steinsland at det \u00abp\u00e5g\u00e5r feils\u00f8king p\u00e5 fullt gir\u00bb.<\/p>\n<p>I en oppdatering p\u00e5 leverand\u00f8ren St\u00f8s nettsider klokken 17.32 st\u00e5r det at BankID n\u00e5 er \u00abdelvis utilgjengelig\u00bb. Samtidig er ogs\u00e5 tjenesten ID-sjekk helt utilgjengelig.<\/p>\n<p>Det er fortsatt mulig \u00e5 bruke kodebrikken for de som ikke bruker app eller husker hvor de har gjort av den.<\/p>\n<p>Ogs\u00e5 Vipps har problemer onsdag kveld, der opplyses det at de har problemer med innloggingstjenesten \u00abLogg inn with Vipps\/MobilPay\u00bb.<\/p>\n","protected":false},"excerpt":{"rendered":"\u2013 Det er bare \u00e5 beklage, sier pressekontakt Hege Steinsland til DinSide. Hun opplyser at det jobbes med&hellip;\n","protected":false},"author":2,"featured_media":1273,"comment_status":"","ping_status":"","sticky":false,"template":"","format":"standard","meta":{"footnotes":""},"categories":[10],"tags":[36,5175,20,21,24,25,823,15,22,23,13,30,28,29,14,16,1510,26,27,6705],"class_list":{"0":"post-73378","1":"post","2":"type-post","3":"status-publish","4":"format-standard","5":"has-post-thumbnail","7":"category-norge","8":"tag-art","9":"tag-bankid","10":"tag-breaking-news","11":"tag-breakingnews","12":"tag-featured-news","13":"tag-featurednews","14":"tag-forbruker","15":"tag-headlines","16":"tag-latest-news","17":"tag-latestnews","18":"tag-news","19":"tag-no","20":"tag-norge","21":"tag-norway","22":"tag-nyheter","23":"tag-overskrifter","24":"tag-story","25":"tag-top-stories","26":"tag-topstories","27":"tag-vipps"},"share_on_mastodon":{"url":"https:\/\/pubeurope.com\/@no\/115459169092394511","error":""},"_links":{"self":[{"href":"https:\/\/www.europesays.com\/no\/wp-json\/wp\/v2\/posts\/73378","targetHints":{"allow":["GET"]}}],"collection":[{"href":"https:\/\/www.europesays.com\/no\/wp-json\/wp\/v2\/posts"}],"about":[{"href":"https:\/\/www.europesays.com\/no\/wp-json\/wp\/v2\/types\/post"}],"author":[{"embeddable":true,"href":"https:\/\/www.europesays.com\/no\/wp-json\/wp\/v2\/users\/2"}],"replies":[{"embeddable":true,"href":"https:\/\/www.europesays.com\/no\/wp-json\/wp\/v2\/comments?post=73378"}],"version-history":[{"count":0,"href":"https:\/\/www.europesays.com\/no\/wp-json\/wp\/v2\/posts\/73378\/revisions"}],"wp:featuredmedia":[{"embeddable":true,"href":"https:\/\/www.europesays.com\/no\/wp-json\/wp\/v2\/media\/1273"}],"wp:attachment":[{"href":"https:\/\/www.europesays.com\/no\/wp-json\/wp\/v2\/media?parent=73378"}],"wp:term":[{"taxonomy":"category","embeddable":true,"href":"https:\/\/www.europesays.com\/no\/wp-json\/wp\/v2\/categories?post=73378"},{"taxonomy":"post_tag","embeddable":true,"href":"https:\/\/www.europesays.com\/no\/wp-json\/wp\/v2\/tags?post=73378"}],"curies":[{"name":"wp","href":"https:\/\/api.w.org\/{rel}","templated":true}]}}