{"id":73379,"date":"2025-10-29T19:44:11","date_gmt":"2025-10-29T19:44:11","guid":{"rendered":"https:\/\/www.europesays.com\/no\/73379\/"},"modified":"2025-10-29T19:44:11","modified_gmt":"2025-10-29T19:44:11","slug":"kan-berore-vare-omrader","status":"publish","type":"post","link":"https:\/\/www.europesays.com\/no\/73379\/","title":{"rendered":"&#8211; Kan ber\u00f8re v\u00e5re omr\u00e5der"},"content":{"rendered":"<p><a href=\"https:\/\/www.dagbladet.no\/nyheter\/har-nadd-cuba\/83781659\" class=\"\" rel=\"nofollow noopener\" target=\"_blank\">I morgentimene onsdag norsk tid hadde orkanen n\u00e5dd land p\u00e5 Cuba<\/a>, if\u00f8lge National Hurricane Center (NHC). \u00abMelissa\u00bb var da en kategori 3-orkan, og ble omtalt som \u00abekstremt farlig\u00bb, skrev\u00a0<a href=\"https:\/\/www.bbc.com\/news\/live\/cvgvexdjp1xt\" target=\"_blank\" rel=\"nofollow noopener\">BBC<\/a>.\u00a0<\/p>\n<p>&#8211; Akkurat n\u00e5 ligger \u00abMelissa\u00bb over den \u00f8stlige delen av Cuba. Og s\u00e5 beveger den seg gradvis mot Bahamas, og s\u00e5 videre inn i <a href=\"https:\/\/www.dagbladet.no\/nyheter\/endret-navn-pa-mexicogolfen\/82573866\" rel=\"nofollow noopener\" target=\"_blank\">\u00abAmerikagolfen\u00bb, som det heter n\u00e5<\/a>.<\/p>\n<p>Det sier vakthavende meteorolog Unni Nilssen ved Meteorologisk institutt til Dagbladet.\u00a0<\/p>\n<p>&#8211; N\u00e5r du kommer til l\u00f8rdag 1. november, ser det ut som at den ligger rett s\u00f8r for Newfoundland. Og da er vi jo p\u00e5 vei inn i Atlanterhavet.<\/p>\n<p>I helga vil \u00abMelissa\u00bb if\u00f8lge prognosene bevege seg s\u00f8r for Gr\u00f8nland, og deretter videre s\u00f8r for Island.<\/p>\n<p class=\"font-weight-bold m-font-weight-bold\" data-lab-font_weight=\"font-weight-bold\">&#8211; S\u00e5 vidt jeg kan se, s\u00e5 kan den ber\u00f8re v\u00e5re omr\u00e5der, sier Nilssen.\u00a0<\/p>\n<p>    <a itemprop=\"url\" href=\"https:\/\/www.dagbladet.no\/nyheter\/har-nadd-cuba\/83781659\" rel=\"nofollow noopener\" target=\"_blank\"><\/p>\n<p>      <img loading=\"lazy\" decoding=\"async\" src=\"https:\/\/www.europesays.com\/no\/wp-content\/uploads\/2025\/10\/1761767050_426_83781720.webp\" width=\"980\" height=\"441\" title=\"Har n\u00e5dd Cuba\" alt=\"\" class=\"lazyload\" style=\"--aspect-ratio-image: 2.22; \"\/><\/p>\n<p>        Har n\u00e5dd Cuba<\/p>\n<p>    <\/a><\/p>\n<p>Kuling\t<\/p>\n<p>\u00abRester\u00bb av orkanen vil kunne p\u00e5virke v\u00e6ret i Norge, if\u00f8lge meteorologen.<\/p>\n<p class=\"font-weight-bold m-font-weight-bold\" data-lab-font_weight=\"font-weight-bold\">Det vil imidlertid i all hovedsak arte seg som et helt vanlig lavtrykk, forklarer hun.\u00a0<\/p>\n<p>&#8211; Det ser ut som at det er p\u00e5 tirsdagen at det vil bli kuling og regn i store deler av landet. Og kuling p\u00e5 kysten, fra s\u00f8r til nord.<\/p>\n<p>\u00abMelissa\u00bb har p\u00e5 det sterkeste v\u00e6rt klassifisert som en kategori 5-orkan &#8211; toppen av den s\u00e5kalte\u00a0<a href=\"https:\/\/snl.no\/Saffir%E2%80%93Simpson-skalaen\" rel=\"nofollow noopener\" target=\"_blank\">Saffir-Simpson-skalaen<\/a> for tropiske sykloner og orkaner.\u00a0 \u00a0<\/p>\n<p>Orkanen\u00a0<a href=\"https:\/\/abcnews.go.com\/International\/live-updates\/hurricane-melissa-live-updates-powerful-storm-poses-catastrophic\/?id=126883938&amp;entryId=126953192&amp;userab=kfsn_web_player-447*variant_a_kfsn_control-1860\" target=\"_blank\" rel=\"nofollow noopener\">ble seinere nedjustert til niv\u00e5 4<\/a>. I morgentimene onsdag, da orkanen n\u00e5dde Cuba, var den igjen nedjustert til kategori 3.<\/p>\n<p>\u00abRestene\u00bb som vil kunne treffe Norge, er langt mindre dramatiske, bedyrer meteorologen.\u00a0\u00a0<\/p>\n<p>&#8211; Etter l\u00f8rdag ser det ut som at det etter hvert blir mer et vanlig lavtrykk. Det dabber litt av, kan du si.\u00a0<\/p>\n<p>Da vil\u00a0\u00abMelissa\u00bb ha brukt noen dager p\u00e5 \u00e5 krysse Atlanterhavet.\u00a0\u00a0<\/p>\n<p class=\"font-weight-bold m-font-weight-bold\" data-lab-font_weight=\"font-weight-bold\">&#8211; Men det er jo rester av en tropisk syklon. S\u00e5 det vil nok mest sannsynlig merkes her i form av at det blir en god del vind og en god del nedb\u00f8r.<\/p>\n<p>\u00abEn god del nedb\u00f8r\u00bb er meldt b\u00e5de mandag, tirsdag og onsdag, forteller Nilssen &#8211; og det kan trolig knyttes til \u00abMelissa\u00bb, mener hun.<\/p>\n<p>&#8211; Om ikke alt, s\u00e5 i hvert fall tirsdag og onsdag.\u00a0<\/p>\n<p>    <a itemprop=\"url\" href=\"https:\/\/www.dagbladet.no\/nyheter\/har-kurs-mot-norge\/83779752\" rel=\"nofollow noopener\" target=\"_blank\"><\/p>\n<p>      <img loading=\"lazy\" decoding=\"async\" src=\"https:\/\/www.europesays.com\/no\/wp-content\/uploads\/2025\/10\/1761767051_278_83779771.webp\" width=\"980\" height=\"441\" title=\"Har kurs mot Norge\" alt=\"\" class=\"lazyload\" style=\"--aspect-ratio-image: 2.22; \"\/><\/p>\n<p>        Har kurs mot Norge<\/p>\n<p>    <\/a><\/p>\n<p>&#8211; Herjer\t<\/p>\n<p>Da vil ogs\u00e5 temperaturen kunne stige, forteller Nilssen.\u00a0<\/p>\n<p>&#8211; Jeg skal ikke utelukke at det kan bli 10-15 grader mange steder. Men i og med at vindretningen er s\u00f8rvest, vil det bli relativt lite vind og nedb\u00f8r \u00f8stafjells. Det er mest p\u00e5 S\u00f8r- og Vestlandet, og videre nordover.\u00a0\u00a0<\/p>\n<p>Ogs\u00e5 Nordland kan bli ber\u00f8rt, if\u00f8lge meteorologen.\u00a0\u00a0<\/p>\n<p class=\"font-weight-normal m-font-weight-normal\" data-lab-font_weight=\"font-weight-normal\">&#8211; Dramatikken ligger jo i orkanen. Det er n\u00e5 den herjer, sier hun, og viser til uv\u00e6ret som har truffet Cuba og Jamaica.\u00a0<\/p>\n<p>&#8211; Den svekkes litt n\u00e5r den g\u00e5r over landomr\u00e5der. Og s\u00e5 henter den inn energi fra havet igjen.\u00a0<\/p>\n<p>Onsdag har orkanen igjen \u00abhentet litt ny energi\u00bb, if\u00f8lge Nilssen.\u00a0<\/p>\n<p class=\"font-weight-bold m-font-weight-bold\" data-lab-font_weight=\"font-weight-bold\">&#8211; Bare det at det er en orkan, er veldig alvorlig i seg selv. Jeg tror ikke vi skal overdramatisere, men det skjer fra tid til annen at vi f\u00e5r inn slike \u00abrester\u00bb. Det er mye lavtrykk som kommer over Atlanterhavet.\u00a0<\/p>\n<p>        \u00abMELISSA\u00bb: Flere turister er strandet p\u00e5 Jamaica etter at flyplassene stengte. Video: Reuters \/ TikTok @shanaya.je. Reporter: Vegard Kr\u00fcger<\/p>\n<p>&#8211; Enorme \u00f8deleggelser\u00a0\t<\/p>\n<p>Det er ikke uvanlig at orkaner eller tropiske sykloner p\u00e5virker v\u00e6ret i Norge en ukes tid seinere &#8211; men da i en \u00abmodifisert\u00bb og mindre dramatisk form, if\u00f8lge Nilssen.\u00a0<\/p>\n<p class=\"font-weight-bold m-font-weight-bold\" data-lab-font_weight=\"font-weight-bold\">&#8211; Det var heise mykje nedb\u00f8r som var kommet p\u00e5 Jamaica, s\u00e5 jeg. Det f\u00f8rer jo til enorme \u00f8deleggelser, sier hun.\u00a0<\/p>\n<p>Det sterkeste vindkastet som ble m\u00e5lt under stormen \u00abAmy\u00bb, som herjet i Norge i starten av oktober, var p\u00e5 62,4 meter per sekund.\u00a0<\/p>\n<p>Restene av \u00abMelissa\u00bb vil v\u00e6re langt mildere, framholder Nilssen.<\/p>\n<p>&#8211; \u00abAmy\u00bb var tross alt ekstremv\u00e6r. Det skal noe til \u00e5 sl\u00e5 det. Jeg forventer ikke s\u00e5 kraftig vind.<\/p>\n<p>Hun understreker at lavtrykket ikke har kurs direkte mot det norske fastlandet, men snarere mot en bane mellom Island og Norge.\u00a0<\/p>\n<p>&#8211; Selve lavtrykksbanen g\u00e5r litt \u00f8st for Island, og litt inn i Norskehavet til slutt, n\u00e5r vi kommer til onsdagen.\u00a0<\/p>\n","protected":false},"excerpt":{"rendered":"I morgentimene onsdag norsk tid hadde orkanen n\u00e5dd land p\u00e5 Cuba, if\u00f8lge National Hurricane Center (NHC). \u00abMelissa\u00bb var&hellip;\n","protected":false},"author":2,"featured_media":73380,"comment_status":"","ping_status":"","sticky":false,"template":"","format":"standard","meta":{"footnotes":""},"categories":[5],"tags":[20,21,24,25,15,19,2539,22,23,17,18,13,30,28,29,14,16,26,27],"class_list":{"0":"post-73379","1":"post","2":"type-post","3":"status-publish","4":"format-standard","5":"has-post-thumbnail","7":"category-overskrifter","8":"tag-breaking-news","9":"tag-breakingnews","10":"tag-featured-news","11":"tag-featurednews","12":"tag-headlines","13":"tag-hovedoppslag","14":"tag-innenriks","15":"tag-latest-news","16":"tag-latestnews","17":"tag-main-news","18":"tag-mainnews","19":"tag-news","20":"tag-no","21":"tag-norge","22":"tag-norway","23":"tag-nyheter","24":"tag-overskrifter","25":"tag-top-stories","26":"tag-topstories"},"share_on_mastodon":{"url":"https:\/\/pubeurope.com\/@no\/115459172875538190","error":""},"_links":{"self":[{"href":"https:\/\/www.europesays.com\/no\/wp-json\/wp\/v2\/posts\/73379","targetHints":{"allow":["GET"]}}],"collection":[{"href":"https:\/\/www.europesays.com\/no\/wp-json\/wp\/v2\/posts"}],"about":[{"href":"https:\/\/www.europesays.com\/no\/wp-json\/wp\/v2\/types\/post"}],"author":[{"embeddable":true,"href":"https:\/\/www.europesays.com\/no\/wp-json\/wp\/v2\/users\/2"}],"replies":[{"embeddable":true,"href":"https:\/\/www.europesays.com\/no\/wp-json\/wp\/v2\/comments?post=73379"}],"version-history":[{"count":0,"href":"https:\/\/www.europesays.com\/no\/wp-json\/wp\/v2\/posts\/73379\/revisions"}],"wp:featuredmedia":[{"embeddable":true,"href":"https:\/\/www.europesays.com\/no\/wp-json\/wp\/v2\/media\/73380"}],"wp:attachment":[{"href":"https:\/\/www.europesays.com\/no\/wp-json\/wp\/v2\/media?parent=73379"}],"wp:term":[{"taxonomy":"category","embeddable":true,"href":"https:\/\/www.europesays.com\/no\/wp-json\/wp\/v2\/categories?post=73379"},{"taxonomy":"post_tag","embeddable":true,"href":"https:\/\/www.europesays.com\/no\/wp-json\/wp\/v2\/tags?post=73379"}],"curies":[{"name":"wp","href":"https:\/\/api.w.org\/{rel}","templated":true}]}}