{"id":73383,"date":"2025-10-29T19:50:21","date_gmt":"2025-10-29T19:50:21","guid":{"rendered":"https:\/\/www.europesays.com\/no\/73383\/"},"modified":"2025-10-29T19:50:21","modified_gmt":"2025-10-29T19:50:21","slug":"yavuz-kasap-34-fra-follo-har-vaert-etterlyst-siden-2018","status":"publish","type":"post","link":"https:\/\/www.europesays.com\/no\/73383\/","title":{"rendered":"Yavuz Kasap (34) fra Follo har v\u00e6rt etterlyst siden 2018:"},"content":{"rendered":"\n<p class=\"_paragraph_o9xde_4 _paragraph_xtcu6_10 layout-component text-serif-m layout-normal text-serif-m layout-padded\">VG kan n\u00e5 fortelle historien om Yavuz Kasap, som ble f\u00f8dt p\u00e5 Aker sykehus i Oslo i 1991 \u2013 og som er et sentralt m\u00e5l for Kripos og en rekke politidistrikter i Norge.<\/p>\n<p class=\"_paragraph_o9xde_4 _paragraph_xtcu6_10 layout-component text-serif-m layout-normal text-serif-m layout-padded\">Kripos mener at Kasap og hans nettverk driver en koordinert innf\u00f8rsel av kokain til det sentrale \u00f8stlandsomr\u00e5det, som raskt blir distribuert videre til flere landsdeler.<\/p>\n<p class=\"_paragraph_o9xde_4 _paragraph_xtcu6_10 layout-component text-serif-m layout-normal text-serif-m layout-padded\">\u2013 Vi mener at han har hatt en sentral og overordnet rolle, sier politiadvokat i Kripos, John Ivar Johansen.<\/p>\n<p><img decoding=\"async\" alt=\"Bilde av John Ivar Johansen\" class=\"_image_ygndg_42\" height=\"27\" itemprop=\"image\" loading=\"lazy\"  src=\"https:\/\/www.europesays.com\/no\/wp-content\/uploads\/2025\/10\/8c9702f5-ef13-40dd-b8e0-2279d075d04b\"  width=\"40\"\/><strong class=\"_name_ygndg_51 title-serif-xs\">John Ivar Johansen<\/strong><\/p>\n<p class=\"_paragraph_o9xde_4 text-sans-m _description_ygndg_56\">Politiadvokat Kripos<\/p>\n<p class=\"_paragraph_o9xde_4 _paragraph_xtcu6_10 layout-component text-serif-m layout-normal text-serif-m layout-padded\">34-\u00e5ringen fra Follo knyttes ogs\u00e5 til alvorlige voldsoppdrag p\u00e5 norsk jord.<\/p>\n<p class=\"_paragraph_o9xde_4 _paragraph_xtcu6_10 layout-component text-serif-m layout-normal text-serif-m layout-padded\">Norsk politi har avsl\u00f8rt chattegrupper i den krypterte appen Signal, og mener de kan sl\u00e5 fast hvordan Kasap har operert og hvilke dekknavn han har brukt.<\/p>\n<p class=\"_paragraph_o9xde_4 _paragraph_xtcu6_10 layout-component text-serif-m layout-normal text-serif-m layout-padded\">\u2013 Han er med ned i de minste detaljer, sier Johansen.<\/p>\n<p class=\"_paragraph_o9xde_4 _paragraph_xtcu6_10 layout-component text-serif-m layout-normal text-serif-m layout-padded\">Men i sommer tok det br\u00e5tt slutt for Follo-mannen.<\/p>\n<p class=\"_paragraph_o9xde_4 _paragraph_xtcu6_10 layout-component text-serif-m layout-normal text-serif-m layout-padded\">\u2013 Det er viktig \u00e5 ta ut slike bakmenn. Vi mener at han er en opplagt samfunnsfiende og en trussel mot det norske samfunnet, sier politiadvokat Anders Svarholt i \u00d8st politidistrikt.<\/p>\n<p class=\"_paragraph_o9xde_4 _paragraph_xtcu6_10 layout-component text-serif-m layout-normal text-serif-m layout-padded\"><strong class=\"_strong_o9xde_25\">VG har v\u00e6rt i kontakt med advokat \u00d8yvind Bratlien. Han har v\u00e6rt forsvarer for Kasap siden 2016, men \u00f8nsker ikke \u00e5 kommentere saken.<\/strong><\/p>\n<p><img decoding=\"async\" alt=\"Bilde av \u00d8yvind Bratlien\" class=\"_image_ygndg_42\" height=\"27\" itemprop=\"image\" loading=\"lazy\"  src=\"https:\/\/www.europesays.com\/no\/wp-content\/uploads\/2025\/10\/70e1a69a-eca4-4a52-985c-2efd00020c18\"  width=\"40\"\/><strong class=\"_name_ygndg_51 title-serif-xs\">\u00d8yvind Bratlien<\/strong><\/p>\n<p class=\"_paragraph_o9xde_4 text-sans-m _description_ygndg_56\">Forsvarer<\/p>\n<p>Bilselgeren<\/p>\n<p class=\"_paragraph_o9xde_4 _paragraph_xtcu6_10 layout-component text-serif-m layout-normal text-serif-m layout-padded\">Yavuz Kasap var ikke et ubeskrevet blad for politiet i Oslo da navnet hans dukket opp i en grov narkotikasak i 2016.<\/p>\n<p class=\"_paragraph_o9xde_4 _paragraph_xtcu6_10 layout-component text-serif-m layout-normal text-serif-m layout-padded\">Kasap var knyttet til <a href=\"https:\/\/www.vg.no\/spesial\/2018\/gjengen\/kap1\/\" class=\"_link_o9xde_39\" rel=\"nofollow noopener\" target=\"_blank\">den kriminelle gjengen Young Bloods p\u00e5 Holmlia<\/a> \u2013 der han var en sentral skikkelse, if\u00f8lge politiet.<\/p>\n<p class=\"_paragraph_o9xde_4 _paragraph_xtcu6_10 layout-component text-serif-m layout-normal text-serif-m layout-padded\">\u2013 Han driver med kj\u00f8p og salg av biler. Han har hatt flere forskjellige biler som han kj\u00f8per, pynter litt p\u00e5 og selger, har en straffed\u00f8mt kamerat fortalt om Kasap i politiavh\u00f8r.<\/p>\n<p><img alt=\"Dette bildet ble tatt i forbindelse med en arrestasjon i 2013.  Foto: Politiet\" class=\"_image_qp4xg_65 layout-component layout-normal\" data-fullscreen- data-track-element-type=\"Article image fullscreen\" data-track-name=\"ImageFullscreen\" decoding=\"async\" loading=\"lazy\" height=\"368\" itemprop=\"image\"  src=\"https:\/\/www.europesays.com\/no\/wp-content\/uploads\/2025\/10\/8ea90352-84e1-4f00-9912-f5a2222a5778\"  style=\"object-position:0% 0%\" width=\"275\"\/>Dette bildet ble tatt i forbindelse med en arrestasjon i 2013.  Foto: Politiet<\/p>\n<p class=\"_paragraph_o9xde_4 _paragraph_xtcu6_10 layout-component text-serif-m layout-normal text-serif-m layout-padded\">If\u00f8lge folkeregisteret har Kasap bodd flere steder i Oslo, deriblant Bj\u00f8rndal, Mortensrud og Hauketo. De to siste adressene han var registrert p\u00e5 i Norge er i Follo, henholdsvis Sofiemyr og T\u00e5rn\u00e5sen.<\/p>\n<p class=\"_paragraph_o9xde_4 _paragraph_xtcu6_10 layout-component text-serif-m layout-normal text-serif-m layout-padded\">H\u00f8sten 2018 var Kasap registrert med 31 ulike forhold i straffesaksregisteret, if\u00f8lge en oversikt politiet ga til VG. <\/p>\n<p class=\"_paragraph_o9xde_4 _paragraph_xtcu6_10 layout-component text-serif-m layout-normal text-serif-m layout-padded\">14 saker var avgjort i form av forelegg og p\u00e5taleunnlatelse. Alle forholdene var etter at Kasap var fylt 18 \u00e5r, if\u00f8lge politiet.<\/p>\n<p class=\"_paragraph_o9xde_4 _paragraph_xtcu6_10 layout-component text-serif-m layout-normal text-serif-m layout-padded\">Yavuz Kasap er folkeregistrert som gift i Norge \u2013 og har barn.<\/p>\n<p>Bilen i garasjen<\/p>\n<p class=\"_paragraph_o9xde_4 _paragraph_xtcu6_10 layout-component text-serif-m layout-normal text-serif-m layout-padded\">Vi spoler tiden tilbake til mars 2016: I Oslo stoppet Tollvesenet en tilfeldig bil for rutinekontroll.<\/p>\n<p class=\"_paragraph_o9xde_4 _paragraph_xtcu6_10 layout-component text-serif-m layout-normal text-serif-m layout-padded\">I bilen ble det funnet alkohol, men Tollvesenets hunder markerte ogs\u00e5 mot d\u00f8ren til en garasje, som ligger ved \u00d8stensj\u00f8vannet p\u00e5 Abilds\u00f8.<\/p>\n<p><img alt=\"HASJBIL: I denne bilen ble det funnet store mengder hasj i 2016. 33-\u00e5ringen var tiltalt for oppbevaring i den saken.   Foto: Politiet\" class=\"_image_qp4xg_65 layout-component layout-normal\" data-fullscreen- data-track-element-type=\"Article image fullscreen\" data-track-name=\"ImageFullscreen\" decoding=\"async\" loading=\"lazy\" height=\"255\" itemprop=\"image\"  src=\"https:\/\/www.europesays.com\/no\/wp-content\/uploads\/2025\/10\/b9530681-b941-4ed1-a63a-6ec050de007e\"  style=\"object-position:0% 0%\" width=\"392\"\/>HASJBIL: I denne bilen ble det funnet store mengder hasj i 2016. 33-\u00e5ringen var tiltalt for oppbevaring i den saken.   Foto: Politiet<\/p>\n<p class=\"_paragraph_o9xde_4 _paragraph_xtcu6_10 layout-component text-serif-m layout-normal text-serif-m layout-padded\">Inne i garasjen sto en Volkswagen Passat \u2013 og gjennom et sidevindu kunne tollerne se noe som lignet pakker med narkotika. Totalt fant tollerne 172 kilo hasj \u2013 men p\u00e5 grunn av tom emballasje, s\u00e5 regnet de seg frem til at det hadde v\u00e6rt minst 253 kilo hasj i garasjen.<\/p>\n<p class=\"_paragraph_o9xde_4 _paragraph_xtcu6_10 layout-component text-serif-m layout-normal text-serif-m layout-padded\">Politiet anslo verdien av narkotikapartiet til \u00e5 v\u00e6re cirka 15 millioner kroner, hvis det ble solgt kilovis.<\/p>\n<p class=\"_paragraph_o9xde_4 _paragraph_xtcu6_10 layout-component text-serif-m layout-normal text-serif-m layout-padded\">Totalt fire kamerater ble tiltalt i saken, men da rettssaken startet i februar 2018 var ikke Kasap til stede p\u00e5 tiltalebenken. <\/p>\n<p class=\"_paragraph_o9xde_4 _paragraph_xtcu6_10 layout-component text-serif-m layout-normal text-serif-m layout-padded\">Han var s\u00f8kk vekk.<\/p>\n<p>To pass<\/p>\n<p class=\"_paragraph_o9xde_4 _paragraph_xtcu6_10 layout-component text-serif-m layout-normal text-serif-m layout-padded\">Noen m\u00e5neder senere viste det seg at Kasap hadde r\u00f8mt landet. Turen gikk til hjemlandet Tyrkia \u2013 der han ogs\u00e5 har statsborgerskap.<\/p>\n<p class=\"_paragraph_o9xde_4 _paragraph_xtcu6_10 layout-component text-serif-m layout-normal text-serif-m layout-padded\">\u2013 Han har unndratt seg straffeforf\u00f8lgninger ved \u00e5 oppholde seg i Tyrkia med dobbelt statsborgerskap, sier politiadvokat John Ivar Johansen i Kripos til VG.<\/p>\n<p class=\"_paragraph_o9xde_4 _paragraph_xtcu6_10 layout-component text-serif-m layout-normal text-serif-m layout-padded\">Etter at Kasap uteble fra rettssaken i 2018, la han ut bilder p\u00e5 sosiale medier mens han kj\u00f8rte bil i Tyrkia, blant annet over Bosporosstredet.<\/p>\n<p class=\"_paragraph_o9xde_4 _paragraph_xtcu6_10 layout-component text-serif-m layout-normal text-serif-m layout-padded\">P\u00e5 et av bildene skrev han teksten \u00abFTP\u00bb, som er kort for Fuck the police.<\/p>\n<p><img alt=\"KLAR MELDING: Her filmer Yavuz Kasap seg selv mens han kj\u00f8rer bil i Tyrkia i 2018. \u00abFTP\u00bb er kort for \u00abFuck the police\u00bb. Bildet fra filmen ble i sin tid sladdet av VG.  Foto: Privat\" class=\"_image_qp4xg_65 layout-component layout-normal\" data-fullscreen- data-track-element-type=\"Article image fullscreen\" data-track-name=\"ImageFullscreen\" decoding=\"async\" loading=\"lazy\" height=\"895\" itemprop=\"image\"  src=\"https:\/\/www.europesays.com\/no\/wp-content\/uploads\/2025\/10\/718daccb-2e0c-4dbb-a810-16e0cc3ef5cc\"  style=\"object-position:0% 0%\" width=\"601\"\/>KLAR MELDING: Her filmer Yavuz Kasap seg selv mens han kj\u00f8rer bil i Tyrkia i 2018. \u00abFTP\u00bb er kort for \u00abFuck the police\u00bb. Bildet fra filmen ble i sin tid sladdet av VG.  Foto: Privat<\/p>\n<p class=\"_paragraph_o9xde_4 _paragraph_xtcu6_10 layout-component text-serif-m layout-normal text-serif-m layout-padded\">Yavuz Kasap har siden 2015 hatt en konto p\u00e5 Instagram. I dag er kontoen privat. Under navnet hans st\u00e5r det: \u00abI never changed, just learned\u00bb.<\/p>\n<p class=\"_paragraph_o9xde_4 _paragraph_xtcu6_10 layout-component text-serif-m layout-normal text-serif-m layout-padded\">Like f\u00f8r fellesferien i 2018 sendte Oslo politidistrikt et dokument til Oslo tingrett. Dokumentet var en begj\u00e6ring om p\u00e5gripelse av Kasap \u2013 og <a href=\"https:\/\/www.vg.no\/nyheter\/i\/7lG7zo\/hasjtiltalt-young-bloods-aktoer-moeter-ikke-opp-i-retten\" data-track-element-type=\"Link\" data-track-id=\"link:7lG7zo\" class=\"_link_o9xde_39\" rel=\"nofollow noopener\" target=\"_blank\">internasjonal etterlysning av ham<\/a>.<\/p>\n<p class=\"_paragraph_o9xde_4 _paragraph_xtcu6_10 layout-component text-serif-m layout-normal text-serif-m layout-padded\"><strong class=\"_strong_o9xde_25\">Les ogs\u00e5:<\/strong> <a href=\"https:\/\/www.vg.no\/nyheter\/i\/7lG7zo\/hasjtiltalt-young-bloods-aktoer-moeter-ikke-opp-i-retten\" data-track-element-type=\"Link\" data-track-id=\"link:7lG7zo\" class=\"_link_o9xde_39\" rel=\"nofollow noopener\" target=\"_blank\">Hasjtiltalt Young Bloods-akt\u00f8r m\u00f8ter ikke opp i retten<\/a><\/p>\n<p class=\"_paragraph_o9xde_4 _paragraph_xtcu6_10 layout-component text-serif-m layout-normal text-serif-m layout-padded\">Tingretten mente Kasap \u00abmed skjellig grunn\u00bb kunne mistenkes for grove narkotikaforbrytelser, regissert av en kriminell gruppe som han var en del av, if\u00f8lge beslutningen.<\/p>\n<p class=\"_paragraph_o9xde_4 _paragraph_xtcu6_10 layout-component text-serif-m layout-normal text-serif-m layout-padded\">Den internasjonale etterlysningen med p\u00e5f\u00f8lgende utlevering til Norge innskrenket Kasaps mulighet til \u00e5 bevege seg fritt over landegrenser. Dersom han tok sjansen, ville han risikere \u00e5 bli p\u00e5grepet og returnert til Norge, Oslo og videre straffeforf\u00f8lging.<\/p>\n<p class=\"_paragraph_o9xde_4 _paragraph_xtcu6_10 layout-component text-serif-m layout-normal text-serif-m layout-padded\">Norske myndigheter mener derfor at Kasap i all hovedsak har oppholdt seg i Tyrkia siden sommeren 2018, noe som ogs\u00e5 gjenspeiles i hans liv i sosiale medier.<\/p>\n<p>Brukernavnet \u00abReis\u00bb<\/p>\n<p class=\"_paragraph_o9xde_4 _paragraph_xtcu6_10 layout-component text-serif-m layout-normal text-serif-m layout-padded\">Nylig gikk Kripos ut med en bekreftelse p\u00e5 at Kasap er <a href=\"https:\/\/www.vg.no\/nyheter\/i\/vgvQ9L\/norsk-utpekt-gjengleder-siktet-for-droebak-bomben-og-drapsforbund\" data-track-element-type=\"Link\" data-track-id=\"link:vgvQ9L\" class=\"_link_o9xde_39\" rel=\"nofollow noopener\" target=\"_blank\">siktet for flere alvorlige straffesaker<\/a> i Norge:<\/p>\n<ul class=\"_list_o9xde_3 _list_xtcu6_9 _unordered_o9xde_106 layout-component text-serif-m layout-normal text-serif-m layout-padded\">\n<li class=\"_item_o9xde_30\">Bomben utenfor et bolighus i Dr\u00f8bak i 2023<\/li>\n<li class=\"_item_o9xde_30\">Planlegging av et drap p\u00e5 en innsatt i Bast\u00f8y fengsel i 2024<\/li>\n<li class=\"_item_o9xde_30\">En narkotikasak som gjelder innf\u00f8rsel av cirka 70 kilo kokain i 2024<\/li>\n<li class=\"_item_o9xde_30\">En narkotikasak i \u00d8st politidistrikt<\/li>\n<\/ul>\n<p class=\"_paragraph_o9xde_4 _paragraph_xtcu6_10 layout-component text-serif-m layout-normal text-serif-m layout-padded\">Politiadvokat Anders Svarholt i \u00d8st politidistrikt mener at 34-\u00e5ringen har hatt en sentral rolle i <a href=\"https:\/\/www.vg.no\/spesial\/2024\/bomba\/\" class=\"_link_o9xde_39\" rel=\"nofollow noopener\" target=\"_blank\">bombesaken i Dr\u00f8bak<\/a>.<\/p>\n<p class=\"_paragraph_o9xde_4 _paragraph_xtcu6_10 layout-component text-serif-m layout-normal text-serif-m layout-padded\">Politiets teori er at motivet er at den forn\u00e6rmede i saken fors\u00f8kte \u00e5 tilrane seg 20 kilo kokain omtrent en uke f\u00f8r.<\/p>\n<p class=\"_paragraph_o9xde_4 _paragraph_xtcu6_10 layout-component text-serif-m layout-normal text-serif-m layout-padded\">\u2013 P\u00e5 bakgrunn av dette kom politiet p\u00e5 sporet av et stort narkotikanettverk. Der dukket det opp mange personer, og en fellesnevner var en Signal-bruker som kalte seg \u00abReis\u00bb, sier Svarholt.<\/p>\n<p><img decoding=\"async\" alt=\"Bilde av Anders Svarholt\" class=\"_image_ygndg_42\" height=\"30\" itemprop=\"image\" loading=\"lazy\"  src=\"https:\/\/www.europesays.com\/no\/wp-content\/uploads\/2025\/10\/f9a25c9e-04ad-4e2d-9aa2-455b39b2d481\"  width=\"40\"\/><strong class=\"_name_ygndg_51 title-serif-xs\">Anders Svarholt<\/strong><\/p>\n<p class=\"_paragraph_o9xde_4 text-sans-m _description_ygndg_56\">Politiadvokat \u00d8st politidistrikt<\/p>\n<p class=\"_paragraph_o9xde_4 _paragraph_xtcu6_10 layout-component text-serif-m layout-normal text-serif-m layout-padded\">Tidligere denne uken uttalte politiadvokat John Ivar Johansen i Kripos at de mener at \u00abReis\u00bb er <a href=\"https:\/\/www.vg.no\/nyheter\/i\/vgvQ9L\/norsk-utpekt-gjengleder-siktet-for-droebak-bomben-og-drapsforbund\" data-track-element-type=\"Link\" data-track-id=\"link:vgvQ9L\" class=\"_link_o9xde_39\" rel=\"nofollow noopener\" target=\"_blank\">et av flere alias politiet mener at Kasap har benyttet<\/a>.<\/p>\n<p class=\"_paragraph_o9xde_4 _paragraph_xtcu6_10 layout-component text-serif-m layout-normal text-serif-m layout-padded\">\u2013 Vi har tidligere ikke hatt sikker ID p\u00e5 hvem \u00abReis\u00bb er, men n\u00e5 mener vi med betydelig sannsynlighetsovervekt at det er ham, sier Svarholt og viser til Kasap.<\/p>\n<p class=\"_paragraph_o9xde_4 _paragraph_xtcu6_10 layout-component text-serif-m layout-normal text-serif-m layout-padded\">If\u00f8lge politiadvokaten baserer det seg p\u00e5 analyse av Signal-brukeren, kommunikasjon, hvordan brukeren ordlegger seg og funn i etterforskningen.<\/p>\n<p><img alt=\"I TYRKIA: Her er Yavuz Kasap avbildet sammen med en av de andre siktede i narkotikasaken som \u00d8st politidistrikt har etterforsket. Bildet dukket opp i sosiale medier h\u00f8sten 2023, en dr\u00f8y m\u00e5ned etter bombeangrepet i Dr\u00f8bak.   Foto: Privat\" class=\"_image_qp4xg_65 layout-component layout-normal\" data-fullscreen- data-track-element-type=\"Article image fullscreen\" data-track-name=\"ImageFullscreen\" decoding=\"async\" loading=\"lazy\" height=\"845\" itemprop=\"image\"  src=\"https:\/\/www.europesays.com\/no\/wp-content\/uploads\/2025\/10\/238db9f4-2371-426d-b9d4-50030e50092c\"  style=\"object-position:0% 0%\" width=\"828\"\/>I TYRKIA: Her er Yavuz Kasap avbildet sammen med en av de andre siktede i narkotikasaken som \u00d8st politidistrikt har etterforsket. Bildet dukket opp i sosiale medier h\u00f8sten 2023, en dr\u00f8y m\u00e5ned etter bombeangrepet i Dr\u00f8bak.   Foto: Privat<\/p>\n<p class=\"_paragraph_o9xde_4 _paragraph_xtcu6_10 layout-component text-serif-m layout-normal text-serif-m layout-padded\">I narkotikasaken som \u00d8st politidistrikt rullet opp, er seks personer tiltalt \u2013 blant annet den tidligere fotballspilleren Fredrik Gulsvik, som har <a href=\"https:\/\/www.vg.no\/spesial\/2024\/bomba\/del3\/\" class=\"_link_o9xde_39\" rel=\"nofollow noopener\" target=\"_blank\">fortalt sin historie i VG<\/a>.<\/p>\n<p class=\"_paragraph_o9xde_4 _paragraph_xtcu6_10 layout-component text-serif-m layout-normal text-serif-m layout-padded\">\u2013 Det handler om innf\u00f8rsel, fors\u00f8k p\u00e5 innf\u00f8rsel og heleri. Fellesnevneren mener vi er \u00abReis\u00bb som har sittet p\u00e5 toppen og styrt nettverket, sier Svarholt og fortsetter:<\/p>\n<p class=\"_paragraph_o9xde_4 _paragraph_xtcu6_10 layout-component text-serif-m layout-normal text-serif-m layout-padded\">\u2013 Vi mener at han har styrt dette nettverket blant annet gjennom Signal. Telefonen har v\u00e6rt arbeidsverkt\u00f8yet og aktivitetene i Norge er styrt p\u00e5 den m\u00e5ten. <\/p>\n<p><img alt=\"VENTET: If\u00f8lge politiet skal denne svenske 16-\u00e5ringen ha reist til Norge for \u00e5 drepe en norsk gjengleder. I en chattelogg knyttet til planleggingen av drapet var det flere meldinger fra \u00abReis\u00bb, som politiet mener er Yavuz Kasap.  Foto: Svensk politi\" class=\"_image_qp4xg_65 layout-component layout-normal\" data-fullscreen- data-track-element-type=\"Article image fullscreen\" data-track-name=\"ImageFullscreen\" decoding=\"async\" loading=\"lazy\" height=\"876\" itemprop=\"image\"  src=\"https:\/\/www.europesays.com\/no\/wp-content\/uploads\/2025\/10\/95b9229e-ab97-4ae7-872b-55a075b68cc0\"  style=\"object-position:0% 0%\" width=\"647\"\/>VENTET: If\u00f8lge politiet skal denne svenske 16-\u00e5ringen ha reist til Norge for \u00e5 drepe en norsk gjengleder. I en chattelogg knyttet til planleggingen av drapet var det flere meldinger fra \u00abReis\u00bb, som politiet mener er Yavuz Kasap.  Foto: Svensk politi\u2013 Konflikt i gjengmilj\u00f8et<\/p>\n<p class=\"_paragraph_o9xde_4 _paragraph_xtcu6_10 layout-component text-serif-m layout-normal text-serif-m layout-padded\">I juli i fjor avverget politiet drapsplaner som skal ha blitt rettet mot en norsk gjengleder som sonet p\u00e5 Bast\u00f8y.<\/p>\n<p class=\"_paragraph_o9xde_4 _paragraph_xtcu6_10 layout-component text-serif-m layout-normal text-serif-m layout-padded\">En svensk 16-\u00e5ring ble p\u00e5grepet, og if\u00f8lge <a href=\"https:\/\/www.nrk.no\/norge\/politiet_-her-er-svensk-16-aring-i-horten-for-a-drepe-norsk-gjengleder-1.17625940\" class=\"_link_o9xde_39\" rel=\"nofollow noopener\" target=\"_blank\">NRK<\/a> er den svenske gjenglederen Mikael \u00abGrekeren\u00bb Tenezos koblet til rekrutteringen av 16-\u00e5ringen.<\/p>\n<p class=\"_paragraph_o9xde_4 _paragraph_xtcu6_10 layout-component text-serif-m layout-normal text-serif-m layout-padded\">Politiet har frigitt denne videoen av 16-\u00e5ringen i en butikk i Horten:<\/p>\n<p class=\"_paragraph_o9xde_4 _paragraph_xtcu6_10 layout-component text-serif-m layout-normal text-serif-m layout-padded\">I september i \u00e5r ble ogs\u00e5 Yavuz Kasap siktet i saken.<\/p>\n<p class=\"_paragraph_o9xde_4 _paragraph_xtcu6_10 layout-component text-serif-m layout-normal text-serif-m layout-padded\">Dette er noen av de krypterte meldingene fra \u00abReis\u00bb som politiet har sikret i etterforskningen av drapsforbundet mot gjenglederen: <\/p>\n<p class=\"_paragraph_o9xde_4 _paragraph_xtcu6_10 layout-component text-serif-m layout-normal text-serif-m layout-padded\">\u00abVent med \u00e5 fikse g\u00e6tteng\u00e6ttenSlanguttrykk for skytev\u00e5pen\/pistol. til vi fikser simkort\u00bb, skriver \u00abReis\u00bb.<\/p>\n<p class=\"_paragraph_o9xde_4 _paragraph_xtcu6_10 layout-component text-serif-m layout-normal text-serif-m layout-padded\">\u00abG\u00e6tt\u00bb er et slangord for skytev\u00e5pen \u2013 videre skriver \u00abReis\u00bb om oppm\u00f8te p\u00e5 kaien i Horten, hvor fergen fra Bast\u00f8y legger til:<\/p>\n<p class=\"_paragraph_o9xde_4 _paragraph_xtcu6_10 layout-component text-serif-m layout-normal text-serif-m layout-padded\">\u00abBror, kan vi v\u00e6re der fra 07.00 i morgen?\u00bb<\/p>\n<p class=\"_paragraph_o9xde_4 _paragraph_xtcu6_10 layout-component text-serif-m layout-normal text-serif-m layout-padded\">Til VG har S\u00f8r-\u00d8st politidistrikt uttalt at de mener at han har hatt en sentral rolle, men politiadvokat Ida Charlotte Einhausen \u00f8nsker ikke \u00e5 si n\u00f8yaktig hvilken rolle de mener han har hatt.<\/p>\n<p class=\"_paragraph_o9xde_4 _paragraph_xtcu6_10 layout-component text-serif-m layout-normal text-serif-m layout-padded\">\u2013 Det vi mener er motivet, er en konflikt i gjengmilj\u00f8et i Oslo som g\u00e5r tilbake i tid. Vi mener at det ikke er konflikt som har oppst\u00e5tt n\u00e5, sier hun.<\/p>\n<p><img decoding=\"async\" alt=\"Bilde av Ida Charlotte Einhausen\" class=\"_image_ygndg_42\" height=\"52\" itemprop=\"image\" loading=\"lazy\"  src=\"https:\/\/www.europesays.com\/no\/wp-content\/uploads\/2025\/10\/9d593e32-0206-4873-bfef-b48b00d0d4d0\"  width=\"40\"\/><strong class=\"_name_ygndg_51 title-serif-xs\">Ida Charlotte Einhausen<\/strong><\/p>\n<p class=\"_paragraph_o9xde_4 text-sans-m _description_ygndg_56\">Politiadvokat S\u00f8r-\u00d8st politidistrikt<\/p>\n<p class=\"_paragraph_o9xde_4 _paragraph_xtcu6_10 layout-component text-serif-m layout-normal text-serif-m layout-padded\">Kripos mener at nettverket Kasap leder, kan knyttes til saker over hele landet. Siden desember i fjor er i underkant av 30 personer p\u00e5grepet i politidistriktene Vest, Tr\u00f8ndelag, Nordland, Troms, \u00d8st og Oslo.<\/p>\n<p class=\"_paragraph_o9xde_4 _paragraph_xtcu6_10 layout-component text-serif-m layout-normal text-serif-m layout-padded\">Fellesnevneren er at det dreier seg om narkotikainnf\u00f8rsler, transport av narkotika til Norge og salg av dette.<\/p>\n<p>Spesialbygd bil<\/p>\n<p class=\"_paragraph_o9xde_4 _paragraph_xtcu6_10 layout-component text-serif-m layout-normal text-serif-m layout-padded\">I september i fjor fikk Kripos et tydelig oppdrag: Stram nettet rundt Yavuz Kasap. <\/p>\n<p class=\"_paragraph_o9xde_4 _paragraph_xtcu6_10 layout-component text-serif-m layout-normal text-serif-m layout-padded\">Bakgrunnen for oppdraget var blant annet bomben i Dr\u00f8bak, Gulsvik-saken og drapsfors\u00f8ket p\u00e5 Bast\u00f8y.<\/p>\n<p class=\"_paragraph_o9xde_4 _paragraph_xtcu6_10 layout-component text-serif-m layout-normal text-serif-m layout-padded\">\u2013 Han fremst\u00e5r som den sentrale bakmannen \u2013 og det er en grunn til at akkurat Kasap er blinket ut. Han er hovedpersonen og et objekt som man vil ta ut, sier statsadvokat Geir Evanger ved det nasjonale statsadvokatembetet (NAST) til VG.<\/p>\n<p><img decoding=\"async\" alt=\"Bilde av Geir Evanger\" class=\"_image_ygndg_42\" height=\"27\" itemprop=\"image\" loading=\"lazy\"  src=\"https:\/\/www.europesays.com\/no\/wp-content\/uploads\/2025\/10\/09aaca3a-0999-4cbf-a719-83c34ea8204b\"  width=\"40\"\/><strong class=\"_name_ygndg_51 title-serif-xs\">Geir Evanger<\/strong><\/p>\n<p class=\"_paragraph_o9xde_4 text-sans-m _description_ygndg_56\">Statsadvokat<\/p>\n<p class=\"_paragraph_o9xde_4 _paragraph_xtcu6_10 layout-component text-serif-m layout-normal text-serif-m layout-padded\">To m\u00e5neder etter at Kripos startet etterforskningen, vekket en spesialbygd Volvo etterforskernes interesse.<\/p>\n<p class=\"_paragraph_o9xde_4 _paragraph_xtcu6_10 layout-component text-serif-m layout-normal text-serif-m layout-padded\">Bilen skal ha blitt bygget om i Tyskland, f\u00f8r en nordmann (30) fra Sarpsborg kj\u00f8rte den videre til Rotterdam i Nederland. Der skal han ha lagt 24 kilo kokain i skjulte rom i bilen og satt kursen mot Norge, if\u00f8lge tiltalen mot ham.<\/p>\n<p><img alt=\"Disse pakkene ble funnet i Volvoen.  Foto: Politiet\" class=\"_image_qp4xg_65 layout-component layout-normal\" data-fullscreen- data-track-element-type=\"Article image fullscreen\" data-track-name=\"ImageFullscreen\" decoding=\"async\" loading=\"lazy\" height=\"714\" itemprop=\"image\"  src=\"https:\/\/www.europesays.com\/no\/wp-content\/uploads\/2025\/10\/c062672e-c2ff-4d41-ba8b-e60586a2e2a6\"  style=\"object-position:47.924710424710426% 50.21008403361344%\" width=\"1036\"\/>Disse pakkene ble funnet i Volvoen.  Foto: Politiet<\/p>\n<p class=\"_paragraph_o9xde_4 _paragraph_xtcu6_10 layout-component text-serif-m layout-normal text-serif-m layout-padded\">Kripos mener Sarpsborg-mannen var en del av en kriminell gruppe som ledes av Yavuz Kasap. <\/p>\n<p class=\"_paragraph_o9xde_4 _paragraph_xtcu6_10 layout-component text-serif-m layout-normal text-serif-m layout-padded\">Kasap er ogs\u00e5 siktet i denne saken, men siden han n\u00e5 sitter fengslet i Tyrkia \u2013 s\u00e5 har ikke Kripos mulighet til \u00e5 straffeforf\u00f8lge ham fullt ut, forel\u00f8pig.<\/p>\n<p class=\"_paragraph_o9xde_4 _paragraph_xtcu6_10 layout-component text-serif-m layout-normal text-serif-m layout-padded\">Bilturen fra Nederland gikk gjennom Danmark og Sverige \u2013 f\u00f8r grensen til Norge ble krysset 2. desember i fjor.<\/p>\n<p class=\"_paragraph_o9xde_4 _paragraph_xtcu6_10 layout-component text-serif-m layout-normal text-serif-m layout-padded\">\u2013 Jeg \u00f8nsker ikke \u00e5 kommentere saken, sier Sarpsborg-mannens forsvarer, advokat Frida Ose Marthinussen, til VG.<\/p>\n<p><img alt=\"P\u00c5GRIPELSER: Dette er bilder som ble tatt da tyrkisk politi gikk til aksjon mot Yavuz Kasap og flere andre nordmenn og svensker i sommer.   Foto: Tyrkisk politi\" class=\"_image_qp4xg_65 layout-component layout-normal\" data-fullscreen- data-track-element-type=\"Article image fullscreen\" data-track-name=\"ImageFullscreen\" decoding=\"async\" loading=\"lazy\" height=\"631\" itemprop=\"image\"  src=\"https:\/\/www.europesays.com\/no\/wp-content\/uploads\/2025\/10\/f22998fe-9654-46c2-8f50-59e2db5e6d60\"  style=\"object-position:0% 0%\" width=\"1150\"\/>P\u00c5GRIPELSER: Dette er bilder som ble tatt da tyrkisk politi gikk til aksjon mot Yavuz Kasap og flere andre nordmenn og svensker i sommer.   Foto: Tyrkisk politi<\/p>\n<p class=\"_paragraph_o9xde_4 _paragraph_xtcu6_10 layout-component text-serif-m layout-normal text-serif-m layout-padded\">If\u00f8lge tiltalen ble kokainet oppbevart i Oslo. Deler av partiet skal ha blitt fraktet videre over fjellet til Bergen.<\/p>\n<p class=\"_paragraph_o9xde_4 _paragraph_xtcu6_10 layout-component text-serif-m layout-normal text-serif-m layout-padded\">\u2013 Denne saken viser godt hvordan nettverket fungerer. Kripos har avdekket en viktig innf\u00f8rsels\u00e5re med kokain til Norge. Det er v\u00e5rt klare inntrykk at det er snakk om betydelige kvantum med kokain, sier statsadvokaten.<\/p>\n<p class=\"_paragraph_o9xde_4 _paragraph_xtcu6_10 layout-component text-serif-m layout-normal text-serif-m layout-padded\">Den 30 \u00e5r gamle mannen fra Sarpsborg skal ikke ha v\u00e6rt alene. <\/p>\n<p class=\"_paragraph_o9xde_4 _paragraph_xtcu6_10 layout-component text-serif-m layout-normal text-serif-m layout-padded\">Kripos mener en mann (28) fra Mysen var med p\u00e5 flere innf\u00f8rsler av kokain til Norge \u2013 og at duoen totalt fraktet 70 kilo kokain til Norge i perioden mellom 2. mai og 2. desember i fjor.<\/p>\n<p class=\"_paragraph_o9xde_4 _paragraph_xtcu6_10 layout-component text-serif-m layout-normal text-serif-m layout-padded\">\u2013 Jeg \u00f8nsker ikke \u00e5 kommentere saken, sier Mysen-mannens forsvarer, advokat Helene Elness, til VG.<\/p>\n<p class=\"_paragraph_o9xde_4 _paragraph_xtcu6_10 layout-component text-serif-m layout-normal text-serif-m layout-padded\">I l\u00f8pet av etterforskningen av kokaininnf\u00f8rslene fikk politiet tilgang p\u00e5 meldinger p\u00e5 den krypterte kommunikasjonsplattformen Signal.<\/p>\n<p><img alt=\"Dette bildet viser beslag i en av de andre innf\u00f8rslene.  Foto: Politiet\" class=\"_image_qp4xg_65 layout-component layout-normal\" data-fullscreen- data-track-element-type=\"Article image fullscreen\" data-track-name=\"ImageFullscreen\" decoding=\"async\" loading=\"lazy\" height=\"1538\" itemprop=\"image\"  src=\"https:\/\/www.europesays.com\/no\/wp-content\/uploads\/2025\/10\/540a1b20-4cd7-4d43-a77d-cce96b4b4562\"  style=\"object-position:0% 0%\" width=\"1146\"\/>Dette bildet viser beslag i en av de andre innf\u00f8rslene.  Foto: Politiet<\/p>\n<p class=\"_paragraph_o9xde_4 _paragraph_xtcu6_10 layout-component text-serif-m layout-normal text-serif-m layout-padded\">Der dukket nok en gang brukeren \u00abReis\u00bb opp, som politiet mener er Yavuz Kasap.<\/p>\n<p class=\"_paragraph_o9xde_4 _paragraph_xtcu6_10 layout-component text-serif-m layout-normal text-serif-m layout-padded\">\u2013 Basert bevisene i saken, s\u00e5 er mitt inntrykk at brukeren \u00abReis\u00bb er Yavuz Kasap. I tillegg ser vi at fetteren hans er aktiv p\u00e5 ulike krypterte plattformer i denne saken. Det er tydelig for oss at de f\u00f8ler seg trygge der, sier statsadvokat Geir Evanger.<\/p>\n<p class=\"_paragraph_o9xde_4 _paragraph_xtcu6_10 layout-component text-serif-m layout-normal text-serif-m layout-padded\">Kripos mener ogs\u00e5 at fetteren til Kasap har en rolle p\u00e5 et ganske h\u00f8yt niv\u00e5 i nettverket.<\/p>\n<p class=\"_paragraph_o9xde_4 _paragraph_xtcu6_10 layout-component text-serif-m layout-normal text-serif-m layout-padded\">I kokainsaken med den spesialbygde bilen mener Kripos at fetteren fremst\u00e5r som en tilrettelegger. Fetteren er ogs\u00e5 siktet i denne saken.<\/p>\n<p>Internasjonalt etterlyst<\/p>\n<p class=\"_paragraph_o9xde_4 _paragraph_xtcu6_10 layout-component text-serif-m layout-normal text-serif-m layout-padded\">Dr\u00f8yt seks m\u00e5neder etter at den spesialbygde bilen ble avsl\u00f8rt, slo politiet i Tyrkia til mot tre nettverk og p\u00e5grep totalt 20 personer \u2013 deriblant Yavuz Kasap, fetteren hans og den svenske gjenglederen Ismail \u00abJordgubben\u00bb Abdo.<\/p>\n<p><img decoding=\"async\" alt=\"Bilde av Ismail Abdo\" class=\"_image_ygndg_42\" height=\"45\" itemprop=\"image\" loading=\"lazy\"  src=\"https:\/\/www.europesays.com\/no\/wp-content\/uploads\/2025\/10\/aa92be8b-0937-4c96-851b-2e9b2c5f0de0\"  width=\"40\"\/><strong class=\"_name_ygndg_51 title-serif-xs\">Ismail Abdo<\/strong><\/p>\n<p class=\"_paragraph_o9xde_4 text-sans-m _description_ygndg_56\">Svensk gjengleder<\/p>\n<p class=\"_paragraph_o9xde_4 _paragraph_xtcu6_10 layout-component text-serif-m layout-normal text-serif-m layout-padded\">Kasap er fremdeles internasjonalt etterlyst av norsk politi, senest i en p\u00e5gripelsesbeslutning fra juni i \u00e5r.<\/p>\n<p class=\"_paragraph_o9xde_4 _paragraph_xtcu6_10 layout-component text-serif-m layout-normal text-serif-m layout-padded\">Siden Kasap ogs\u00e5 har dobbelt statsborgerskap, mener norsk politi at det ikke er sannsynlig at han blir utlevert til Norge.<\/p>\n<p class=\"_paragraph_o9xde_4 _paragraph_xtcu6_10 layout-component text-serif-m layout-normal text-serif-m layout-padded\">Anders Svarholt i \u00d8st politidistrikt er glad for at han er satt i tyrkisk varetekt.<\/p>\n<p class=\"_paragraph_o9xde_4 _paragraph_xtcu6_10 layout-component text-serif-m layout-normal text-serif-m layout-padded\">\u2013 Politiet mener at han bruker virkemidler som er klart alvorlige og som representerer et demokratisk problem. Det handler om rettssikkerhet og selvjustis, og det er mye penger i bildet som gir stor makt i et slikt milj\u00f8.<\/p>\n","protected":false},"excerpt":{"rendered":"VG kan n\u00e5 fortelle historien om Yavuz Kasap, som ble f\u00f8dt p\u00e5 Aker sykehus i Oslo i 1991&hellip;\n","protected":false},"author":2,"featured_media":73384,"comment_status":"","ping_status":"","sticky":false,"template":"","format":"standard","meta":{"footnotes":""},"categories":[10],"tags":[20,21,24,25,15,148,22,23,13,30,28,29,14,16,26,27],"class_list":{"0":"post-73383","1":"post","2":"type-post","3":"status-publish","4":"format-standard","5":"has-post-thumbnail","7":"category-norge","8":"tag-breaking-news","9":"tag-breakingnews","10":"tag-featured-news","11":"tag-featurednews","12":"tag-headlines","13":"tag-kriminalitet","14":"tag-latest-news","15":"tag-latestnews","16":"tag-news","17":"tag-no","18":"tag-norge","19":"tag-norway","20":"tag-nyheter","21":"tag-overskrifter","22":"tag-top-stories","23":"tag-topstories"},"share_on_mastodon":{"url":"https:\/\/pubeurope.com\/@no\/115459198755152528","error":""},"_links":{"self":[{"href":"https:\/\/www.europesays.com\/no\/wp-json\/wp\/v2\/posts\/73383","targetHints":{"allow":["GET"]}}],"collection":[{"href":"https:\/\/www.europesays.com\/no\/wp-json\/wp\/v2\/posts"}],"about":[{"href":"https:\/\/www.europesays.com\/no\/wp-json\/wp\/v2\/types\/post"}],"author":[{"embeddable":true,"href":"https:\/\/www.europesays.com\/no\/wp-json\/wp\/v2\/users\/2"}],"replies":[{"embeddable":true,"href":"https:\/\/www.europesays.com\/no\/wp-json\/wp\/v2\/comments?post=73383"}],"version-history":[{"count":0,"href":"https:\/\/www.europesays.com\/no\/wp-json\/wp\/v2\/posts\/73383\/revisions"}],"wp:featuredmedia":[{"embeddable":true,"href":"https:\/\/www.europesays.com\/no\/wp-json\/wp\/v2\/media\/73384"}],"wp:attachment":[{"href":"https:\/\/www.europesays.com\/no\/wp-json\/wp\/v2\/media?parent=73383"}],"wp:term":[{"taxonomy":"category","embeddable":true,"href":"https:\/\/www.europesays.com\/no\/wp-json\/wp\/v2\/categories?post=73383"},{"taxonomy":"post_tag","embeddable":true,"href":"https:\/\/www.europesays.com\/no\/wp-json\/wp\/v2\/tags?post=73383"}],"curies":[{"name":"wp","href":"https:\/\/api.w.org\/{rel}","templated":true}]}}