{"id":73454,"date":"2025-10-29T20:53:18","date_gmt":"2025-10-29T20:53:18","guid":{"rendered":"https:\/\/www.europesays.com\/no\/73454\/"},"modified":"2025-10-29T20:53:18","modified_gmt":"2025-10-29T20:53:18","slug":"sk-brann-bergen-helge-o-svela-begynner-i-brann","status":"publish","type":"post","link":"https:\/\/www.europesays.com\/no\/73454\/","title":{"rendered":"SK Brann, Bergen | Helge O. Svela begynner i Brann"},"content":{"rendered":"\n<p>Siddisen Svela begynner som leder for kommunikasjon i Brann fra nytt\u00e5r. 46-\u00e5ringen kommer fra jobben som daglig leder for Medieklyngen, der han har v\u00e6rt i tre \u00e5r.<\/p>\n<p>Helge O. Svela var ansatt som journalist og leder i Bergens Tidende i 16 \u00e5r. F\u00f8r den tid kom han fra stillingen som journalist i Rogalands Avis.<\/p>\n<p>\u2013 Brann? Hva skjedde? <\/p>\n<p><b>\u2013 Jeg er utrolig glad. Jeg gleder meg til \u00e5 jobbe i en institusjon som er s\u00e5 viktig for Bergen og Vestlandet, sier Svela. <\/b><\/p>\n<p>Medieklyngen i Bergen samler selskaper innen medier og medieteknologi fra hele landet, ogs\u00e5 fra Stavanger. Klyngen har hovedkvarter i Media City Bergen, som er forbildet til mediebyen som er under bygging p\u00e5 Nytorget i Stavanger.<\/p>\n<p><a href=\"https:\/\/www.ba.no\/brann-studio\/s\/5-8-2552689?p=lc-10433233-44315-bergensavisen\" rel=\"Follow nofollow noopener\" target=\"_blank\">Bergensavisen<\/a> var f\u00f8rst ute med nyheten.<\/p>\n<p>F\u00e5r mange lykke til<\/p>\n<p>\u2013 Noen ganger kommer det muligheter som m\u00e5 gripes, sier Helge O. Svela.<\/p>\n<p>\u2013 Siddis i Brann?<\/p>\n<p>\u2013 Heia Brann! Mange i Bergen \u00f8nsker meg lykke til.<\/p>\n<p>\u2013 Hva med f\u00f8lelsene for Stavanger?<\/p>\n<p>\u2013 Jeg h\u00e5per Brann vinner alle kamper, enten det er for menn eller kvinner. Jeg h\u00e5per vi vinner i alle ligaer. Jeg er stolt over at jeg skal begynne \u00e5 jobbe i Brann.<\/p>\n<p>\u2013 Har du ingen f\u00f8lelser for Viking?<\/p>\n<p><b>\u2013 Heia Brann! sier Helge O. Svela, som opprinnelig kommer fra Tjensvoll. <\/b><\/p>\n<p>Stavanger-mannen Svela begynner i en nyopprettet stilling hos den bergenske stoltheten, som i skrivende \u00f8yeblikk ligger p\u00e5 tredjeplass i Eliteserien \u2013 sju poeng bak Viking.<\/p>\n<p>Svela er ogs\u00e5 kjent som tilhenger av London-laget Arsenal.<\/p>\n<p>\u2013 Vi hadde utrolig mange gode s\u00f8kere til denne stillingen, og er veldig glad for at vi har f\u00e5tt med Helge p\u00e5 laget. Klubben er i vekst og vi har to topplag som kjemper i toppen av norsk fotball og i Europa, sier daglig leder Christian Kalvenes til Branns hjemmeside.<\/p>\n<p>Til samme hjemmeside uttaler Svela ogs\u00e5 dette:<\/p>\n<p>\u2013 Det blir en \u00e6re \u00e5 f\u00e5 bidra til at gullet ska&#8217; hem.<\/p>\n<p>Svela blir en del av Branns ledergruppe.<\/p>\n<p>PS 1: Denne journalisten og Helge O. Svela var i flere \u00e5r kolleger i Rogalands Avis.<\/p>\n<p>PS: 2: Intervjuet med Svela ble foretatt f\u00f8r Brann m\u00f8tte Bod\u00f8\/Glimt onsdag kveld. <\/p>\n","protected":false},"excerpt":{"rendered":"Siddisen Svela begynner som leder for kommunikasjon i Brann fra nytt\u00e5r. 46-\u00e5ringen kommer fra jobben som daglig leder&hellip;\n","protected":false},"author":2,"featured_media":73455,"comment_status":"","ping_status":"","sticky":false,"template":"","format":"standard","meta":{"footnotes":""},"categories":[59],"tags":[36,444,10210,30,28,29,418,83,82,1510],"class_list":{"0":"post-73454","1":"post","2":"type-post","3":"status-publish","4":"format-standard","5":"has-post-thumbnail","7":"category-sport","8":"tag-art","9":"tag-bergen","10":"tag-media-city-bergen","11":"tag-no","12":"tag-norge","13":"tag-norway","14":"tag-sk-brann","15":"tag-sport","16":"tag-sports","17":"tag-story"},"share_on_mastodon":{"url":"https:\/\/pubeurope.com\/@no\/115459444278830598","error":""},"_links":{"self":[{"href":"https:\/\/www.europesays.com\/no\/wp-json\/wp\/v2\/posts\/73454","targetHints":{"allow":["GET"]}}],"collection":[{"href":"https:\/\/www.europesays.com\/no\/wp-json\/wp\/v2\/posts"}],"about":[{"href":"https:\/\/www.europesays.com\/no\/wp-json\/wp\/v2\/types\/post"}],"author":[{"embeddable":true,"href":"https:\/\/www.europesays.com\/no\/wp-json\/wp\/v2\/users\/2"}],"replies":[{"embeddable":true,"href":"https:\/\/www.europesays.com\/no\/wp-json\/wp\/v2\/comments?post=73454"}],"version-history":[{"count":0,"href":"https:\/\/www.europesays.com\/no\/wp-json\/wp\/v2\/posts\/73454\/revisions"}],"wp:featuredmedia":[{"embeddable":true,"href":"https:\/\/www.europesays.com\/no\/wp-json\/wp\/v2\/media\/73455"}],"wp:attachment":[{"href":"https:\/\/www.europesays.com\/no\/wp-json\/wp\/v2\/media?parent=73454"}],"wp:term":[{"taxonomy":"category","embeddable":true,"href":"https:\/\/www.europesays.com\/no\/wp-json\/wp\/v2\/categories?post=73454"},{"taxonomy":"post_tag","embeddable":true,"href":"https:\/\/www.europesays.com\/no\/wp-json\/wp\/v2\/tags?post=73454"}],"curies":[{"name":"wp","href":"https:\/\/api.w.org\/{rel}","templated":true}]}}