{"id":73542,"date":"2025-10-29T22:43:11","date_gmt":"2025-10-29T22:43:11","guid":{"rendered":"https:\/\/www.europesays.com\/no\/73542\/"},"modified":"2025-10-29T22:43:11","modified_gmt":"2025-10-29T22:43:11","slug":"avinor-droppet-konkurranse-om-antidronesystem-teknisk-ukeblad","status":"publish","type":"post","link":"https:\/\/www.europesays.com\/no\/73542\/","title":{"rendered":"Avinor droppet konkurranse om antidronesystem &#8211; Teknisk Ukeblad"},"content":{"rendered":"<ol>\n<li><a href=\"https:\/\/news.google.com\/rss\/articles\/CBMihgFBVV95cUxOajhZT0p0bGs2Y21QTUlNeXoxX1Z1ZXVaZ2k4THAxMG9MMXh0Mk5QYVhObWdTMGl2MnlLUDE1cnJabmV3THM2NkladWhYOHNST0JfeVd0bkYydTNSWmJ0ZzlHX3hlUFBMNjJ4el8yenZUYmtFNDd2MGRxenZyZDlaM2J6TE5tUQ?oc=5\" target=\"_blank\" rel=\"nofollow noopener\">Avinor droppet konkurranse om antidronesystem<\/a>&nbsp;&nbsp;Teknisk Ukeblad<\/li>\n<li><a href=\"https:\/\/news.google.com\/rss\/articles\/CBMib0FVX3lxTE40WmZzaXVYZjJZcXU4U2x0cGxhRHNNR29FWlpCWkdRN1lOTFh2ZmJneTJkWE84anBsdFJoekdSalN0cGRsdGc5aE11NlJLbWlEdmVMWnFyeU1wcUVhZjV1V0MxLTZkU1FFU19NdTUyMA?oc=5\" target=\"_blank\" rel=\"nofollow noopener\">&#8211; Ikke kritisk for oss<\/a>&nbsp;&nbsp;Dagbladet<\/li>\n<li><a href=\"https:\/\/news.google.com\/rss\/articles\/CBMizAFBVV95cUxOLWg3SXZlTU5jeWRUdlc2Q3FEYllvT1p4MUNuQjRmcnZCU2NDME53aWk2ejNOcDdoaXAxYURXOExBTFFmN0lDWllDcEhwZnQ5TUY3ZzJyUkVRRnBrd3dWS29fZXQzUVZzYnRRaTRaMGNqa3BBUFpXR3lNU0dJNXBFVWZGNjhMVDJSeG9LT2IxMG9tVGIya0N3cWU4S0ZBYjd4WGl6a2RBT0c5OEdIc0FtYndQbngtZzcwQ0RDSXZqTUZDbFV0ZnV0dU1NTkY?oc=5\" target=\"_blank\" rel=\"nofollow noopener\">34 selskaper meldte interesse. Avinor valgte teknologi fra landet PST advarte mot.<\/a>&nbsp;&nbsp;Aftenposten<\/li>\n<li><a href=\"https:\/\/news.google.com\/rss\/articles\/CBMifkFVX3lxTE5wS1pkSGQyX0VmdndQM2xNYzZhUWM2WXBiTEEyOFpGVm82cTVsN2VsLXdBX1V4dGR5aDJhMkVXY0Rwb19JX3hmZlJGN2s0dEloNWdiMGFpSGFFaXNzNHctQjRteks2VEpKREh5UTZIVDRiM3RtMWhQT2pmWlF2Zw?oc=5\" target=\"_blank\" rel=\"nofollow noopener\">Trakassert under katedral-bes\u00f8k<\/a>&nbsp;&nbsp;Dagbladet<\/li>\n<li><a href=\"https:\/\/news.google.com\/rss\/articles\/CBMiZEFVX3lxTE1QVVdjMmg0alVFVEZGNWd1ODhJZGtoSE1IbWtGVGtVRmFhb0t0WGxXVUhDUHhjRkZkVHZsVHV2VWwtSmd5dTJiZC03dEp4MjdKWmQ0bEJMdG82cWN6RGFiRXp2RFM?oc=5\" target=\"_blank\" rel=\"nofollow noopener\">Er statsr\u00e5den bekymret for at skytjenester og digital programvare fra Kina benyttes av offentlige virksomheter og infrastruktureiere, og hva gj\u00f8r regjeringen for \u00e5 hindre at bruk av utenlandske skytjenester \u00f8ker s\u00e5rbarheten for hybride angrep?<\/a>&nbsp;&nbsp;Altinget.no<\/li>\n<\/ol>\n","protected":false},"excerpt":{"rendered":"Avinor droppet konkurranse om antidronesystem&nbsp;&nbsp;Teknisk Ukeblad &#8211; Ikke kritisk for oss&nbsp;&nbsp;Dagbladet 34 selskaper meldte interesse. Avinor valgte teknologi&hellip;\n","protected":false},"author":2,"featured_media":73543,"comment_status":"","ping_status":"","sticky":false,"template":"","format":"standard","meta":{"footnotes":""},"categories":[10],"tags":[20,21,24,25,226,15,22,23,13,30,28,29,14,16,26,27],"class_list":{"0":"post-73542","1":"post","2":"type-post","3":"status-publish","4":"format-standard","5":"has-post-thumbnail","7":"category-norge","8":"tag-breaking-news","9":"tag-breakingnews","10":"tag-featured-news","11":"tag-featurednews","12":"tag-forsvar","13":"tag-headlines","14":"tag-latest-news","15":"tag-latestnews","16":"tag-news","17":"tag-no","18":"tag-norge","19":"tag-norway","20":"tag-nyheter","21":"tag-overskrifter","22":"tag-top-stories","23":"tag-topstories"},"share_on_mastodon":{"url":"https:\/\/pubeurope.com\/@no\/115459876664455834","error":""},"_links":{"self":[{"href":"https:\/\/www.europesays.com\/no\/wp-json\/wp\/v2\/posts\/73542","targetHints":{"allow":["GET"]}}],"collection":[{"href":"https:\/\/www.europesays.com\/no\/wp-json\/wp\/v2\/posts"}],"about":[{"href":"https:\/\/www.europesays.com\/no\/wp-json\/wp\/v2\/types\/post"}],"author":[{"embeddable":true,"href":"https:\/\/www.europesays.com\/no\/wp-json\/wp\/v2\/users\/2"}],"replies":[{"embeddable":true,"href":"https:\/\/www.europesays.com\/no\/wp-json\/wp\/v2\/comments?post=73542"}],"version-history":[{"count":0,"href":"https:\/\/www.europesays.com\/no\/wp-json\/wp\/v2\/posts\/73542\/revisions"}],"wp:featuredmedia":[{"embeddable":true,"href":"https:\/\/www.europesays.com\/no\/wp-json\/wp\/v2\/media\/73543"}],"wp:attachment":[{"href":"https:\/\/www.europesays.com\/no\/wp-json\/wp\/v2\/media?parent=73542"}],"wp:term":[{"taxonomy":"category","embeddable":true,"href":"https:\/\/www.europesays.com\/no\/wp-json\/wp\/v2\/categories?post=73542"},{"taxonomy":"post_tag","embeddable":true,"href":"https:\/\/www.europesays.com\/no\/wp-json\/wp\/v2\/tags?post=73542"}],"curies":[{"name":"wp","href":"https:\/\/api.w.org\/{rel}","templated":true}]}}