{"id":73621,"date":"2025-10-30T01:56:16","date_gmt":"2025-10-30T01:56:16","guid":{"rendered":"https:\/\/www.europesays.com\/no\/73621\/"},"modified":"2025-10-30T01:56:16","modified_gmt":"2025-10-30T01:56:16","slug":"nordlys-namdalen-se-opp-send-oss-dine-nordlysbilder-noe-av-det-villeste-jeg-har-sett","status":"publish","type":"post","link":"https:\/\/www.europesays.com\/no\/73621\/","title":{"rendered":"Nordlys, Namdalen | Se opp \u2013 send oss dine nordlysbilder: \u2013 Noe av det villeste jeg har sett"},"content":{"rendered":"\n<p><b>OVERHALLA: <\/b>Ragnhild Haugdal var ute p\u00e5 sin faste joggetur til Koltj\u00f8nnhytta i Overhalla onsdag kveld.<\/p>\n<p>Lite visste hun at himmelen var i ferd med \u00e5 servere et uforglemmelig skue.<\/p>\n<p>Plutselig lyste hele himmelen opp i et inferno av gr\u00f8nt, og hun m\u00e5tte bare stoppe.<\/p>\n<p>\u2013 Nordlyset i kveld var noe av det villeste jeg har sett. Jeg m\u00e5tte bare stoppe for \u00e5 ta bilder og heller nyte \u00f8yeblikket, forteller Haugdal begeistret.<\/p>\n<p>Hennes bilder, som du kan se \u00f8verst i artikkelen, viser tydelig hvor spektakul\u00e6rt det var.<\/p>\n<p>Og Ragnhilds opplevelse er ikke unik.<\/p>\n<p>\u2013 Jeg har aldri sett makan til lysshow p\u00e5 himmelen som i kveld. Helt magisk, skriver Astrid Eiternes Tangen, som har tatt disse bildene:<\/p>\n<p>   <img decoding=\"async\" width=\"3024\" height=\"4032\" fetchpriority=\"low\"  loading=\"lazy\"  src=\"https:\/\/www.europesays.com\/no\/wp-content\/uploads\/2025\/10\/IMG_7354.jpeg\" alt=\"\" class=\"brick-c-cFOWSL\" style=\"--brick-image-ratio: 3024 \/ 4032;\"\/><\/p>\n<p>      Foto: Astrid Eiternes Tangen\n    <\/p>\n<p>   <img decoding=\"async\" width=\"4032\" height=\"3024\" fetchpriority=\"low\"  loading=\"lazy\"  src=\"https:\/\/www.europesays.com\/no\/wp-content\/uploads\/2025\/10\/IMG_7355.jpeg\" alt=\"\" class=\"brick-c-cFOWSL\" style=\"--brick-image-ratio: 4032 \/ 3024;\"\/><\/p>\n<p>      Foto: Astrid Eiternes Tangen\n    <\/p>\n<p>Flere steder i Namdalen har nordlyset danset i tause b\u00f8lger over fjelltoppene, glitret mot stjernehimmelen og tent opp kvelden med sitt mystiske spill.<\/p>\n<p>            Nordlys<\/p>\n<ul>\n<li>Nordlys er et lysfenomen som oppst\u00e5r n\u00e5r energirike partikler blir slynget fra sola mot jorda. Det oppst\u00e5r i den \u00f8vre polare atmosf\u00e6ren, mellom 80 kilometer og sjelden over 500 kilometer over jordoverflaten, n\u00e5r elektroner og protoner kolliderer med atmosf\u00e6regassen. Denne gassen blir tilf\u00f8rt energi som s\u00e5 sendes ut igjen i form av lys. Selve lysutsendelsen kommer hovedsakelig fra atomer og molekyler i atmosf\u00e6ren og ikke fra selve prim\u00e6rpartiklene.<\/li>\n<li>Nordlyset opptrer i mange forskjellige former. Fargene i nordlyset er et linjespektrum som dekker hele omr\u00e5det fra ultrafiolett til infrar\u00f8dt. Hvilke farger en forekomst av nordlys best\u00e5r av, blir bestemt av energiniv\u00e5et i partiklene og sammensetningen av atmosf\u00e6regassen. De dominerende fargene i den delen av fargespekteret vi kan se, er gr\u00f8nt, r\u00f8dt og bl\u00e5tt. Forekomst og intensitet av nordlyset er p\u00e5 sin side styrt av aktivitet p\u00e5 sola. Jordas magnetfelt og atmosf\u00e6re bestemmer hvor p\u00e5 jorda nordlyset opptrer.<\/li>\n<li>Det latinske navnet p\u00e5 nordlys er aurora borealis. Det samme lysfenomenet kalles s\u00f8rlys, eller aurora australis, n\u00e5r det opptrer p\u00e5 den s\u00f8rlige halvkule, og en fellesbetegnelse p\u00e5 begge er polarlys.<\/li>\n<\/ul>\n<p><b>Kilde: <\/b>Store norske leksikon<\/p>\n<p><b>Se video:<\/b><\/p>\n<p>\n          Stopp video<\/p>\n<p>          <video data-standalone=\"false\" preload=\"none\" muted=\"\" loop=\"\" playsinline=\"\" autoplay=\"\"><\/p>\n<p>          <\/video>\n        <\/p>\n<p>        Dette spektakul\u00e6re synet ble fanget p\u00e5 video p\u00e5 Skage onsdag kveld. Video: Joakim Opdal<\/p>\n<p>Fra den m\u00f8rke himmelen har det foldet seg ut som myke, gr\u00f8nne sl\u00f8r, noen ganger ispedd nyanser av rosa eller fiolett. Et syn som tar pusten fra en, og som f\u00e5r selv den mest hardbarkede observat\u00f8r til \u00e5 stoppe opp i stillhet.<\/p>\n<p>Intensiteten av nordlyset m\u00e5les p\u00e5 en skala som heter KP-indeks. Den m\u00e5ler styrken fra null til ni, der tre til fire regnes som moderat energi, og over fem er klassifisert som solstorm.<\/p>\n<p><b>Se flere bilder: <\/b><\/p>\n<p>   <img decoding=\"async\" width=\"2422\" height=\"3230\" fetchpriority=\"low\"  loading=\"lazy\"  src=\"https:\/\/www.europesays.com\/no\/wp-content\/uploads\/2025\/10\/IMG_4955.jpeg\" alt=\"\" class=\"brick-c-cFOWSL\" style=\"--brick-image-ratio: 2422 \/ 3230;\"\/><\/p>\n<p>      Nordlys over Bj\u00f8rumsklumpen, Namsos.<br \/>\n      Foto: Barbro Formo Hanssen\n    <\/p>\n<p>   <img decoding=\"async\" width=\"3024\" height=\"4032\" fetchpriority=\"low\"  loading=\"lazy\"  src=\"https:\/\/www.europesays.com\/no\/wp-content\/uploads\/2025\/10\/IMG_6697.jpeg\" alt=\"\" class=\"brick-c-cFOWSL\" style=\"--brick-image-ratio: 3024 \/ 4032;\"\/><\/p>\n<p>      Nordlys over Medi\u00e5.<br \/>\n      Foto: Ove Fl\u00e5tt\n    <\/p>\n<p>   <img decoding=\"async\" width=\"3024\" height=\"4032\" fetchpriority=\"low\"  loading=\"lazy\"  src=\"https:\/\/www.europesays.com\/no\/wp-content\/uploads\/2025\/10\/IMG_5505.jpeg\" alt=\"\" class=\"brick-c-cFOWSL\" style=\"--brick-image-ratio: 3024 \/ 4032;\"\/><\/p>\n<p>   <img decoding=\"async\" width=\"828\" height=\"1104\" fetchpriority=\"low\"  loading=\"lazy\"  src=\"https:\/\/www.europesays.com\/no\/wp-content\/uploads\/2025\/10\/gunnwaagan.jpg\" alt=\"\" class=\"brick-c-cFOWSL\" style=\"--brick-image-ratio: 828 \/ 1104;\"\/><\/p>\n<p>      Elvalandet.<br \/>\n      Foto: Gunn W\u00e5gan\n    <\/p>\n<p>   <img decoding=\"async\" width=\"1170\" height=\"1560\" fetchpriority=\"low\"  loading=\"lazy\"  src=\"https:\/\/www.europesays.com\/no\/wp-content\/uploads\/2025\/10\/IMG_9901.jpeg\" alt=\"\" class=\"brick-c-cFOWSL\" style=\"--brick-image-ratio: 1170 \/ 1560;\"\/><\/p>\n<p>      Spektakul\u00e6rt bilde av Aurora borealis, skriver Noah som har tatt dette blinkskuddet.<br \/>\n      Foto: Noah Gravseth\n    <\/p>\n<p>   <img decoding=\"async\" width=\"4032\" height=\"2268\" fetchpriority=\"low\"  loading=\"lazy\"  src=\"https:\/\/www.europesays.com\/no\/wp-content\/uploads\/2025\/10\/1000007859.jpg\" alt=\"\" class=\"brick-c-cFOWSL\" style=\"--brick-image-ratio: 4032 \/ 2268;\"\/><\/p>\n<p>      Fra dampsagmuseet p\u00e5 Spillum i Namsos.<br \/>\n      Foto: Hanne Gjeset\n    <\/p>\n<p>   <img decoding=\"async\" width=\"4032\" height=\"3024\" fetchpriority=\"low\"  loading=\"lazy\"  src=\"https:\/\/www.europesays.com\/no\/wp-content\/uploads\/2025\/10\/IMG_1737.jpeg\" alt=\"\" class=\"brick-c-cFOWSL\" style=\"--brick-image-ratio: 4032 \/ 3024;\"\/><\/p>\n<p>      Meosen<br \/>\n      Foto: Daniel Blengsli Furberg\n    <\/p>\n<p>   <img decoding=\"async\" width=\"4032\" height=\"3024\" fetchpriority=\"low\"  loading=\"lazy\"  src=\"https:\/\/www.europesays.com\/no\/wp-content\/uploads\/2025\/10\/IMG_1741.jpeg\" alt=\"\" class=\"brick-c-cFOWSL\" style=\"--brick-image-ratio: 4032 \/ 3024;\"\/><\/p>\n<p>      Foto: Daniel Blengsli Furberg\n    <\/p>\n<p>   <img decoding=\"async\" width=\"4032\" height=\"3024\" fetchpriority=\"low\"  loading=\"lazy\"  src=\"https:\/\/www.europesays.com\/no\/wp-content\/uploads\/2025\/10\/IMG_0358.jpeg\" alt=\"\" class=\"brick-c-cFOWSL\" style=\"--brick-image-ratio: 4032 \/ 3024;\"\/><\/p>\n<p>   <img decoding=\"async\" width=\"3024\" height=\"4032\" fetchpriority=\"low\"  loading=\"lazy\"  src=\"https:\/\/www.europesays.com\/no\/wp-content\/uploads\/2025\/10\/IMG_9796.jpeg\" alt=\"\" class=\"brick-c-cFOWSL\" style=\"--brick-image-ratio: 3024 \/ 4032;\"\/><\/p>\n<p>      Namsos.<br \/>\n      Foto: Grete Selbo\n    <\/p>\n<p>   <img decoding=\"async\" width=\"3024\" height=\"4032\" fetchpriority=\"low\"  loading=\"lazy\"  src=\"https:\/\/www.europesays.com\/no\/wp-content\/uploads\/2025\/10\/IMG_9799.jpeg\" alt=\"\" class=\"brick-c-cFOWSL\" style=\"--brick-image-ratio: 3024 \/ 4032;\"\/><\/p>\n<p>   <img decoding=\"async\" width=\"3024\" height=\"4032\" fetchpriority=\"low\"  loading=\"lazy\"  src=\"https:\/\/www.europesays.com\/no\/wp-content\/uploads\/2025\/10\/IMG_9800.jpeg\" alt=\"\" class=\"brick-c-cFOWSL\" style=\"--brick-image-ratio: 3024 \/ 4032;\"\/><\/p>\n<p>   <img decoding=\"async\" width=\"3024\" height=\"4032\" fetchpriority=\"low\"  loading=\"lazy\"  src=\"https:\/\/www.europesays.com\/no\/wp-content\/uploads\/2025\/10\/IMG_9802.jpeg\" alt=\"\" class=\"brick-c-cFOWSL\" style=\"--brick-image-ratio: 3024 \/ 4032;\"\/><\/p>\n<p>   <img decoding=\"async\" width=\"3024\" height=\"4032\" fetchpriority=\"low\"  loading=\"lazy\"  src=\"https:\/\/www.europesays.com\/no\/wp-content\/uploads\/2025\/10\/IMG_5442.jpeg\" alt=\"\" class=\"brick-c-cFOWSL\" style=\"--brick-image-ratio: 3024 \/ 4032;\"\/><\/p>\n<p>      Nordlys ved kornsiloen i Namsos.<br \/>\n      Foto: \u00c5dne Hansen\n    <\/p>\n<p>   <img decoding=\"async\" width=\"3024\" height=\"4032\" fetchpriority=\"low\"  loading=\"lazy\"  src=\"https:\/\/www.europesays.com\/no\/wp-content\/uploads\/2025\/10\/IMG_5443.jpeg\" alt=\"\" class=\"brick-c-cFOWSL\" style=\"--brick-image-ratio: 3024 \/ 4032;\"\/><\/p>\n<p>   <img decoding=\"async\" width=\"1800\" height=\"4000\" fetchpriority=\"low\"  loading=\"lazy\"  src=\"https:\/\/www.europesays.com\/no\/wp-content\/uploads\/2025\/10\/20251029_190027.jpg\" alt=\"\" class=\"brick-c-cFOWSL\" style=\"--brick-image-ratio: 1800 \/ 4000;\"\/><\/p>\n<p>      Skage i Overhalla.<br \/>\n      Foto: Emilian Calligaro-Aaneng\n    <\/p>\n<p>   <img decoding=\"async\" width=\"2268\" height=\"4032\" fetchpriority=\"low\"  loading=\"lazy\"  src=\"https:\/\/www.europesays.com\/no\/wp-content\/uploads\/2025\/10\/1000007854.jpg\" alt=\"\" class=\"brick-c-cFOWSL\" style=\"--brick-image-ratio: 2268 \/ 4032;\"\/><\/p>\n<p>      Fra Kleivan p\u00e5 Spillum i Namsos.<br \/>\n      Foto: Hanne Gjeset\n    <\/p>\n<p>   <img decoding=\"async\" width=\"4000\" height=\"3000\" fetchpriority=\"low\"  loading=\"lazy\"  src=\"https:\/\/www.europesays.com\/no\/wp-content\/uploads\/2025\/10\/20251029_190231.jpg\" alt=\"\" class=\"brick-c-cFOWSL\" style=\"--brick-image-ratio: 4000 \/ 3000;\"\/><\/p>\n<p>   <img decoding=\"async\" width=\"4000\" height=\"1848\" fetchpriority=\"low\"  loading=\"lazy\"  src=\"https:\/\/www.europesays.com\/no\/wp-content\/uploads\/2025\/10\/20251029_185242.jpg\" alt=\"\" class=\"brick-c-cFOWSL\" style=\"--brick-image-ratio: 4000 \/ 1848;\"\/><\/p>\n<p>      Foto: Karin Elisabeth Hod\u00f8\n    <\/p>\n<p>   <img decoding=\"async\" width=\"4000\" height=\"1848\" fetchpriority=\"low\"  loading=\"lazy\"  src=\"https:\/\/www.europesays.com\/no\/wp-content\/uploads\/2025\/10\/20251029_185311.jpg\" alt=\"\" class=\"brick-c-cFOWSL\" style=\"--brick-image-ratio: 4000 \/ 1848;\"\/><\/p>\n<p>      Foto: Karin Elisabeth Hod\u00f8\n    <\/p>\n<p>   <img decoding=\"async\" width=\"4032\" height=\"3024\" fetchpriority=\"low\"  loading=\"lazy\"  src=\"https:\/\/www.europesays.com\/no\/wp-content\/uploads\/2025\/10\/IMG_1744.jpeg\" alt=\"\" class=\"brick-c-cFOWSL\" style=\"--brick-image-ratio: 4032 \/ 3024;\"\/><\/p>\n<p>      Foto: Daniel Blengsli Furberg\n    <\/p>\n<p>For \u00e5 vite hvor du har st\u00f8rst sjanse til \u00e5 oppleve dette fantastiske fenomenet, kan du sjekke nordlysvarslet for sin kommune nedenfor:<\/p>\n","protected":false},"excerpt":{"rendered":"OVERHALLA: Ragnhild Haugdal var ute p\u00e5 sin faste joggetur til Koltj\u00f8nnhytta i Overhalla onsdag kveld. Lite visste hun&hellip;\n","protected":false},"author":2,"featured_media":73622,"comment_status":"","ping_status":"","sticky":false,"template":"","format":"standard","meta":{"footnotes":""},"categories":[10],"tags":[36,20,21,24,25,15,22,23,3158,650,13,30,2333,28,29,14,16,1510,26,27,553],"class_list":{"0":"post-73621","1":"post","2":"type-post","3":"status-publish","4":"format-standard","5":"has-post-thumbnail","7":"category-norge","8":"tag-art","9":"tag-breaking-news","10":"tag-breakingnews","11":"tag-featured-news","12":"tag-featurednews","13":"tag-headlines","14":"tag-latest-news","15":"tag-latestnews","16":"tag-namdalen","17":"tag-natur","18":"tag-news","19":"tag-no","20":"tag-nordlys","21":"tag-norge","22":"tag-norway","23":"tag-nyheter","24":"tag-overskrifter","25":"tag-story","26":"tag-top-stories","27":"tag-topstories","28":"tag-vaer"},"share_on_mastodon":{"url":"https:\/\/pubeurope.com\/@no\/115460635697564789","error":""},"_links":{"self":[{"href":"https:\/\/www.europesays.com\/no\/wp-json\/wp\/v2\/posts\/73621","targetHints":{"allow":["GET"]}}],"collection":[{"href":"https:\/\/www.europesays.com\/no\/wp-json\/wp\/v2\/posts"}],"about":[{"href":"https:\/\/www.europesays.com\/no\/wp-json\/wp\/v2\/types\/post"}],"author":[{"embeddable":true,"href":"https:\/\/www.europesays.com\/no\/wp-json\/wp\/v2\/users\/2"}],"replies":[{"embeddable":true,"href":"https:\/\/www.europesays.com\/no\/wp-json\/wp\/v2\/comments?post=73621"}],"version-history":[{"count":0,"href":"https:\/\/www.europesays.com\/no\/wp-json\/wp\/v2\/posts\/73621\/revisions"}],"wp:featuredmedia":[{"embeddable":true,"href":"https:\/\/www.europesays.com\/no\/wp-json\/wp\/v2\/media\/73622"}],"wp:attachment":[{"href":"https:\/\/www.europesays.com\/no\/wp-json\/wp\/v2\/media?parent=73621"}],"wp:term":[{"taxonomy":"category","embeddable":true,"href":"https:\/\/www.europesays.com\/no\/wp-json\/wp\/v2\/categories?post=73621"},{"taxonomy":"post_tag","embeddable":true,"href":"https:\/\/www.europesays.com\/no\/wp-json\/wp\/v2\/tags?post=73621"}],"curies":[{"name":"wp","href":"https:\/\/api.w.org\/{rel}","templated":true}]}}