{"id":73723,"date":"2025-10-30T06:59:13","date_gmt":"2025-10-30T06:59:13","guid":{"rendered":"https:\/\/www.europesays.com\/no\/73723\/"},"modified":"2025-10-30T06:59:13","modified_gmt":"2025-10-30T06:59:13","slug":"reagerer-lavt-niva","status":"publish","type":"post","link":"https:\/\/www.europesays.com\/no\/73723\/","title":{"rendered":"Reagerer: &#8211; Lavt niv\u00e5"},"content":{"rendered":"<p>  Ole Didrik Blomberg ble sterkt pepet p\u00e5 og sikret seieren i Glimts snuoperasjon mot Brann. I etterkant freses det mot angivelig spr\u00e5kbruk fra tribunen.\u00a0<\/p>\n<p>\n    JUBEL: Kjetil Knutsen gratulerer matchvinner Ole Didrik Blomberg etter kampen. Underveis i kampen skal begge ha f\u00e5tt h\u00f8re det fra tribunen, if\u00f8lge Knutsen. Foto: Paul S. Amundsen \/ NTB\n  <\/p>\n<ul>\n<li class=\"lab-bodytext-line font-weight-bold m-font-weight-bold\" data-lab-font_weight=\"font-weight-bold\">Brann &#8211; Bod\u00f8\/Glimt 1-2\u00a0<\/li>\n<\/ul>\n<p>F\u00f8r pause rundspilte Brann Glimt. De virket \u00e5 ha full kontroll. Men i l\u00f8pet en timinuttersperiode like f\u00f8r slutt, s\u00e5 snudde alt. <\/p>\n<p>Innbytter Ole Didrik Blomberg, som ble sterkt pepet p\u00e5 av hjemmepublikummet, ble den store helten mot gamle lagkamerater.\u00a0<\/p>\n<p>Alene med Mathias Dyngeland var bergenseren iskald og lobbet ballen i<br \/>\nm\u00e5l. 2-1-scoringen ble kampens siste.\u00a0<\/p>\n<p>&#8211; Det er mye som skal ut. F\u00f8rste \u00abtouch\u00bb p\u00e5 ballen s\u00e5 er det piping (fra publikum), s\u00e5 det er en litt rar f\u00f8lelse. Jeg kjenner at jeg blir r\u00f8rt, sa Blomberg til TV 2 etter kampslutt.\u00a0<\/p>\n<p>          <img loading=\"lazy\" decoding=\"async\" src=\"https:\/\/www.europesays.com\/no\/wp-content\/uploads\/2025\/10\/83786950.webp\" width=\"980\" height=\"559\" title=\"MATCHVINNER: Ole Didrik Blomberg kom inn som innbytter etter pause og avgjorde kampen. Foto: Paul S. Amundsen \/ NTB\" alt=\"\" class=\"\" style=\"--aspect-ratio-image: 1.75; \"\/><\/p>\n<p>\n          MATCHVINNER: Ole Didrik Blomberg kom inn som innbytter etter pause og avgjorde kampen. Foto: Paul S. Amundsen \/ NTB\n      <\/p>\n<p>Matchvinneren ble solgt fra Brann til Glimt f\u00f8r denne sesongen, og fikk mye pepper fra Brann-fansen da overgangen var i boks.\u00a0<\/p>\n<p class=\"font-weight-bold m-font-weight-bold\" data-lab-font_weight=\"font-weight-bold\">Etter scoringen tok han seg til begge \u00f8rene.\u00a0<\/p>\n<p class=\"font-weight-normal m-font-weight-normal\" data-lab-font_weight=\"font-weight-normal\">&#8211; Det synes jeg er min revansje etter alt jeg h\u00f8rer p\u00e5 banen. Deilig \u00e5 f\u00e5 stilnet det litt, sier Blomberg.\u00a0<\/p>\n<p><a href=\"https:\/\/www.bt.no\/sport\/ballspark\/i\/eM2v7a\/brann-moeter-kjetil-knutsen-og-bodoe-glimt-paa-stadion\" rel=\"nofollow noopener\" target=\"_blank\">I et intervju med BT<\/a>\u00a0reagerer Kjetil Knutsen sterkt p\u00e5 ordbruken fra tribunen mot Blomberg.\u00a0<\/p>\n<p>&#8211; Det ble meldt ganske t\u00f8ft. Det var ikke bare han som fikk det, jeg ogs\u00e5.\u00a0<\/p>\n<p> &#8211; Da er det lavt niv\u00e5 p\u00e5 det. Det er f&#8230; meg helt sinnssykt. Vi m\u00e5 oppdra hverandre. Det sitter barn p\u00e5 tribunen, jeg synes ikke noe om det, men folk m\u00e5 gj\u00f8re som de vil, fortsetter Glimt-sjefen overfor avisen. <\/p>\n<p>          <img loading=\"lazy\" decoding=\"async\" src=\"https:\/\/www.europesays.com\/no\/wp-content\/uploads\/2025\/10\/83787256.webp\" width=\"980\" height=\"559\" title=\"REAGERER: Bod\u00f8\/Glimt-trener Kjetil Knutsen. Foto: Paul S. Amundsen \/ NTB\" alt=\"\" class=\"\" style=\"--aspect-ratio-image: 1.75; \"\/><\/p>\n<p>\n          REAGERER: Bod\u00f8\/Glimt-trener Kjetil Knutsen. Foto: Paul S. Amundsen \/ NTB\n      <\/p>\n<p>Dr\u00f8yt ti minutter f\u00f8r scoringen stanget Andreas Helmersen inn<br \/>\nen corner til 1-1. <\/p>\n<p> &#8211; F\u00f8r pause var det sjokkerende svakt, men s\u00e5 har rollene snudd, sa TV 2s Jesper Mathisen. <\/p>\n<p>&#8211; Jeg er veldig skuffet. Jeg synes guttene fortjener mer enn ingenting<br \/>\ni dag, sier Brann-sjef Freyr Alexandersson til TV 2.\u00a0<\/p>\n<p>          <img loading=\"lazy\" decoding=\"async\" src=\"https:\/\/www.europesays.com\/no\/wp-content\/uploads\/2025\/10\/1761807552_868_83786873.webp\" width=\"980\" height=\"559\" title=\"UTLIKNET: Andreas Helmersen jubler etter 1-1-scoringen. Foto: Paul S. Amundsen \/ NTB\" alt=\"\" class=\"\" style=\"--aspect-ratio-image: 1.75; \"\/><\/p>\n<p>\n          UTLIKNET: Andreas Helmersen jubler etter 1-1-scoringen. Foto: Paul S. Amundsen \/ NTB\n      <\/p>\n<p class=\"font-weight-normal m-font-weight-normal\" data-lab-font_weight=\"font-weight-normal\"><b>Glimt-scoringene m\u00e5 sies \u00e5 ha kommet mot spillets gang. F\u00f8r pause var situasjonen en helt annen. Mildt sagt.\u00a0<\/b><\/p>\n<p>&#8211; De har blitt filleristet, utbr\u00f8t Jesper Mathisen i pausen.\u00a0<\/p>\n<p>&#8211; Dette er det svakeste jeg har sett Glimt p\u00e5 \u00e5r og dag. Hadde<br \/>\nde ikke spilt i gult og svart, s\u00e5 hadde jeg ikke kjent dem igjen, fortsatte eksperten.\u00a0<\/p>\n<p>Etter \u00e5 ha n\u00e6rmest rundspilt Glimt i en hel omgang, kom Brann-scoringen rett f\u00f8r pause. Noah Holm stanget vertene i ledelsen etter et herlig hodest\u00f8t, og innlegg av B\u00e5rd Finne.<\/p>\n<p>          <img loading=\"lazy\" decoding=\"async\" src=\"https:\/\/www.europesays.com\/no\/wp-content\/uploads\/2025\/10\/1761807553_474_83786677.webp\" width=\"980\" height=\"559\" title=\"VILL JUBEL: Branns Noah Holm scoret rett f\u00f8r pause. Foto: Paul S. Amundsen \/ NTB\" alt=\"\" class=\"\" style=\"--aspect-ratio-image: 1.75; \"\/><\/p>\n<p>\n          VILL JUBEL: Branns Noah Holm scoret rett f\u00f8r pause. Foto: Paul S. Amundsen \/ NTB\n      <\/p>\n<p>&#8211; Bra innlegg av B\u00e5rd og s\u00e5 kommer jeg mye kraft. Da er jeg<br \/>\nvanskelig \u00e5 stoppe, sa Holm til TV 2.\u00a0<\/p>\n<p>Gulljagende Glimt, som n\u00e5 er to poeng foran Viking p\u00e5 tabelltopp i Eliteserien, slet lenge p\u00e5 gresset i Bergen. Glimt hadde skapt \u00e9n sjanse f\u00f8r den f\u00f8rste scoringen.\u00a0<\/p>\n<p>        EUROPA: Bernt Hulsker sier de resterende kampene til Bod\u00f8\/Glimt i Champions League blir t\u00f8ffe.<\/p>\n<p>F\u00f8r m\u00e5let hadde Brann flere store muligheter til \u00e5 ta ledelsen. Ulrik Mathisen satt blant annet ballen i tverligger.\u00a0<\/p>\n<p>Med seieren er Glimt n\u00e5 to poeng foran Viking p\u00e5 tabellen:\u00a0<\/p>\n<p>Se tabellen her:\u00a0<\/p>\n","protected":false},"excerpt":{"rendered":"Ole Didrik Blomberg ble sterkt pepet p\u00e5 og sikret seieren i Glimts snuoperasjon mot Brann. I etterkant freses&hellip;\n","protected":false},"author":2,"featured_media":73724,"comment_status":"","ping_status":"","sticky":false,"template":"","format":"standard","meta":{"footnotes":""},"categories":[5],"tags":[517,367,20,21,134,24,25,15,19,22,23,17,18,13,30,28,29,14,16,83,26,27],"class_list":{"0":"post-73723","1":"post","2":"type-post","3":"status-publish","4":"format-standard","5":"has-post-thumbnail","7":"category-overskrifter","8":"tag-bodo-glimt","9":"tag-brann","10":"tag-breaking-news","11":"tag-breakingnews","12":"tag-eliteserien","13":"tag-featured-news","14":"tag-featurednews","15":"tag-headlines","16":"tag-hovedoppslag","17":"tag-latest-news","18":"tag-latestnews","19":"tag-main-news","20":"tag-mainnews","21":"tag-news","22":"tag-no","23":"tag-norge","24":"tag-norway","25":"tag-nyheter","26":"tag-overskrifter","27":"tag-sport","28":"tag-top-stories","29":"tag-topstories"},"share_on_mastodon":{"url":"https:\/\/pubeurope.com\/@no\/115461827062978408","error":""},"_links":{"self":[{"href":"https:\/\/www.europesays.com\/no\/wp-json\/wp\/v2\/posts\/73723","targetHints":{"allow":["GET"]}}],"collection":[{"href":"https:\/\/www.europesays.com\/no\/wp-json\/wp\/v2\/posts"}],"about":[{"href":"https:\/\/www.europesays.com\/no\/wp-json\/wp\/v2\/types\/post"}],"author":[{"embeddable":true,"href":"https:\/\/www.europesays.com\/no\/wp-json\/wp\/v2\/users\/2"}],"replies":[{"embeddable":true,"href":"https:\/\/www.europesays.com\/no\/wp-json\/wp\/v2\/comments?post=73723"}],"version-history":[{"count":0,"href":"https:\/\/www.europesays.com\/no\/wp-json\/wp\/v2\/posts\/73723\/revisions"}],"wp:featuredmedia":[{"embeddable":true,"href":"https:\/\/www.europesays.com\/no\/wp-json\/wp\/v2\/media\/73724"}],"wp:attachment":[{"href":"https:\/\/www.europesays.com\/no\/wp-json\/wp\/v2\/media?parent=73723"}],"wp:term":[{"taxonomy":"category","embeddable":true,"href":"https:\/\/www.europesays.com\/no\/wp-json\/wp\/v2\/categories?post=73723"},{"taxonomy":"post_tag","embeddable":true,"href":"https:\/\/www.europesays.com\/no\/wp-json\/wp\/v2\/tags?post=73723"}],"curies":[{"name":"wp","href":"https:\/\/api.w.org\/{rel}","templated":true}]}}