{"id":73795,"date":"2025-10-30T08:54:34","date_gmt":"2025-10-30T08:54:34","guid":{"rendered":"https:\/\/www.europesays.com\/no\/73795\/"},"modified":"2025-10-30T08:54:34","modified_gmt":"2025-10-30T08:54:34","slug":"kultur-film-pangstart-for-nepobaby-det-har-rent-inn-med-meldinger-tronder-avisa","status":"publish","type":"post","link":"https:\/\/www.europesays.com\/no\/73795\/","title":{"rendered":"Kultur, Film | Pangstart for Nepobaby: \u2013 Det har rent inn med meldinger &#8211; Tr\u00f8nder-Avisa"},"content":{"rendered":"<ol>\n<li><a href=\"https:\/\/news.google.com\/rss\/articles\/CBMikgFBVV95cUxPOXJXbUFEQTBOWm1OeFEtVGFPeVRQZVRQdkJGb29NRWdSSDd1OVcxQWJQNGtDNTAxUzA0OHhiTFBnTUFQbTg3bmpOWWhlSTlDLUprVThGVHRzbVdycGhzQXlsdEd0Ull3Q1I4X2d1clh6T2ZKVnEtbUVYekRGdzIwTHRHbzdvRTVKaVpxd2tETFFLZw?oc=5\" target=\"_blank\" rel=\"nofollow noopener\">Kultur, Film | Pangstart for Nepobaby: \u2013 Det har rent inn med meldinger<\/a>&nbsp;&nbsp;Tr\u00f8nder-Avisa<\/li>\n<li><a href=\"https:\/\/news.google.com\/rss\/articles\/CBMickFVX3lxTFBfVWZRQ29GVkkxaWZFamVXRk5uT0lvTmxmU2U4M3BFOGYwdEU4eW9kdVg2M2xzcEpDa2hxT1dhY0lHemVvZ0JrMXdqN1g0ZFhlNDhiWEx6NlhzZnRYclA5ejM2SnEzOFlIZllZRm9SQnBxdw?oc=5\" target=\"_blank\" rel=\"nofollow noopener\">Henriette Steenstrup avsl\u00f8rer: &#8211; Fikk egentlig ikke lov<\/a>&nbsp;&nbsp;Dagbladet<\/li>\n<li><a href=\"https:\/\/news.google.com\/rss\/articles\/CBMif0FVX3lxTE0tNExvblRIbnFuakRmd0JOTHQycEZfcHZFVFpfWGVxYnhQaU1QUXlHTnNKZDlneVpFTEpOOHdYSHZGLW8zRzN5UlFhSC1BVFZDOWpxOUtTZ3VybW5mU0VWdHBySzdCZFp1Qjh3V2FUY2U2RVZoSE1Ld0ZtQ0VSQzQ?oc=5\" target=\"_blank\" rel=\"nofollow noopener\">\u00abS\u00f8skenkos fra helvete\u00bb<\/a>&nbsp;&nbsp;NRK<\/li>\n<li><a href=\"https:\/\/news.google.com\/rss\/articles\/CBMiugFBVV95cUxPNHpJUHV0dWg2RC1tQlpuR1hWd1ZXSkxGZmsxR3NYdGg2Qzd5ZGpuS2YzWkZycnFfa0o0S2U0YUljdDN5Ql9MWTE1VlkwWmZ5Mk00WlNWVjQzcFROVHJXRVBUQjVYTjlvTTh1RHNSUnRPUmNGOFlPQmFuTGtuMVBpUEZQZEJzUmk2N1JuQ0V0OW9pVjdwRjctNnJnZmQ2T0p6RDNud2o3SlBxeGRXQjVsdUpRcWloVFdZQXc?oc=5\" target=\"_blank\" rel=\"nofollow noopener\">Avsl\u00f8rer ellevill historie: \u2013 Skulle ligge oss gjennom Europa<\/a>&nbsp;&nbsp;Nettavisen<\/li>\n<li><a href=\"https:\/\/news.google.com\/rss\/articles\/CBMibEFVX3lxTE5lekhoRW1sOFZQUmx6T0dHUVA0VDR5YlBkbm9ISm4zWXFlUnI1bmppd0NqaHFEUVNpenNVTEdQNVZMbkItRHZwMGNzOXNjTkRaQU96WTV5R3B6SVJ1dG04MFkwRU1kOVpFT1NheQ?oc=5\" target=\"_blank\" rel=\"nofollow noopener\">&#8211; Han st\u00e5r st\u00f8tt p\u00e5 egne bein<\/a>&nbsp;&nbsp;kk.no<\/li>\n<\/ol>\n","protected":false},"excerpt":{"rendered":"Kultur, Film | Pangstart for Nepobaby: \u2013 Det har rent inn med meldinger&nbsp;&nbsp;Tr\u00f8nder-Avisa Henriette Steenstrup avsl\u00f8rer: &#8211; Fikk&hellip;\n","protected":false},"author":2,"featured_media":73796,"comment_status":"","ping_status":"","sticky":false,"template":"","format":"standard","meta":{"footnotes":""},"categories":[58],"tags":[71,30,28,29,72],"class_list":{"0":"post-73795","1":"post","2":"type-post","3":"status-publish","4":"format-standard","5":"has-post-thumbnail","7":"category-underholdning","8":"tag-entertainment","9":"tag-no","10":"tag-norge","11":"tag-norway","12":"tag-underholdning"},"share_on_mastodon":{"url":"https:\/\/pubeurope.com\/@no\/115462279217368297","error":""},"_links":{"self":[{"href":"https:\/\/www.europesays.com\/no\/wp-json\/wp\/v2\/posts\/73795","targetHints":{"allow":["GET"]}}],"collection":[{"href":"https:\/\/www.europesays.com\/no\/wp-json\/wp\/v2\/posts"}],"about":[{"href":"https:\/\/www.europesays.com\/no\/wp-json\/wp\/v2\/types\/post"}],"author":[{"embeddable":true,"href":"https:\/\/www.europesays.com\/no\/wp-json\/wp\/v2\/users\/2"}],"replies":[{"embeddable":true,"href":"https:\/\/www.europesays.com\/no\/wp-json\/wp\/v2\/comments?post=73795"}],"version-history":[{"count":0,"href":"https:\/\/www.europesays.com\/no\/wp-json\/wp\/v2\/posts\/73795\/revisions"}],"wp:featuredmedia":[{"embeddable":true,"href":"https:\/\/www.europesays.com\/no\/wp-json\/wp\/v2\/media\/73796"}],"wp:attachment":[{"href":"https:\/\/www.europesays.com\/no\/wp-json\/wp\/v2\/media?parent=73795"}],"wp:term":[{"taxonomy":"category","embeddable":true,"href":"https:\/\/www.europesays.com\/no\/wp-json\/wp\/v2\/categories?post=73795"},{"taxonomy":"post_tag","embeddable":true,"href":"https:\/\/www.europesays.com\/no\/wp-json\/wp\/v2\/tags?post=73795"}],"curies":[{"name":"wp","href":"https:\/\/api.w.org\/{rel}","templated":true}]}}